{"id":1670,"date":"2026-01-09T08:19:09","date_gmt":"2026-01-09T11:19:09","guid":{"rendered":"https:\/\/oexpressobr.com.br\/?p=1670"},"modified":"2026-01-09T08:19:11","modified_gmt":"2026-01-09T11:19:11","slug":"subprefeito-paulo-telhada-detem-flanelinhas-com-arma-em-punho-durante-operacao-na-lapa","status":"publish","type":"post","link":"https:\/\/oexpressobr.com.br\/?p=1670","title":{"rendered":"Subprefeito Paulo Telhada det\u00e9m flanelinhas com arma em punho durante opera\u00e7\u00e3o na Lapa"},"content":{"rendered":"\n<p class=\"wp-block-paragraph\">\u200bUma a\u00e7\u00e3o liderada pelo subprefeito da Lapa, <strong>Paulo Telhada<\/strong>, repercutiu intensamente nas redes sociais nesta semana. O ex-comandante da Rota (tropa de elite da Pol\u00edcia Militar) utilizou uma arma de fogo para dar voz de pris\u00e3o a cinco homens que atuavam ilegalmente como &#8220;flanelinhas&#8221; na Zona Oeste de S\u00e3o Paulo.<\/p>\n\n\n\n<p class=\"wp-block-paragraph\">\u200bA abordagem ocorreu na \u00faltima ter\u00e7a-feira, <strong>6 de janeiro de 2026<\/strong>, nas proximidades do Museu da Imagem e do Som (MIS), na regi\u00e3o da Pra\u00e7a Marechal Carlos Machado Bittencourt.<\/p>\n\n\n\n<h3 class=\"wp-block-heading\">\u200bDetalhes da ocorr\u00eancia<\/h3>\n\n\n\n<p class=\"wp-block-paragraph\">\u200bSegundo informa\u00e7\u00f5es apuradas, Telhada identificou o grupo realizando cobran\u00e7as coercitivas de motoristas que tentavam estacionar em via p\u00fablica. V\u00eddeos gravados por testemunhas mostram o subprefeito com a arma em punho rendendo os suspeitos at\u00e9 a chegada do apoio oficial.<\/p>\n\n\n\n<ul class=\"wp-block-list\">\n<li>\u200b<strong>Pris\u00f5es:<\/strong> Cinco indiv\u00edduos foram detidos.<\/li>\n\n\n\n<li>\u200b<strong>Antecedentes:<\/strong> Dois dos suspeitos j\u00e1 possu\u00edam passagens criminais por roubo e recepta\u00e7\u00e3o.<\/li>\n\n\n\n<li>\u200b<strong>Apoio:<\/strong> A Guarda Civil Metropolitana (GCM) foi acionada para conduzir os infratores \u00e0 delegacia.<\/li>\n<\/ul>\n\n\n\n<h3 class=\"wp-block-heading\">\u200bO posicionamento de Telhada<\/h3>\n\n\n\n<p class=\"wp-block-paragraph\">\u200bEm declara\u00e7\u00f5es oficiais e publica\u00e7\u00f5es em suas redes sociais, Paulo Telhada \u2014 que assumiu a Subprefeitura da Lapa em fevereiro de 2025 \u2014 refor\u00e7ou que, apesar do cargo administrativo, mant\u00e9m sua natureza de policial de carreira.<\/p>\n\n\n\n<blockquote class=\"wp-block-quote is-layout-flow wp-block-quote-is-layout-flow\">\n<p class=\"wp-block-paragraph\">\u200b&#8221;A lei continua valendo, a autoridade segue presente e criminoso aqui n\u00e3o tem vez&#8221;, afirmou o subprefeito ao justificar a interven\u00e7\u00e3o direta contra a extors\u00e3o de cidad\u00e3os.<\/p>\n<\/blockquote>\n\n\n\n<h3 class=\"wp-block-heading\">\u200bDiverg\u00eancias e Repercuss\u00e3o<\/h3>\n\n\n\n<p class=\"wp-block-paragraph\">\u200bEmbora o v\u00eddeo principal mostre a abordagem armada, surgiram relatos e v\u00eddeos complementares em f\u00f3runs locais sugerindo que houve momentos de di\u00e1logo antes da escalada da for\u00e7a. No entanto, a prefeitura e a assessoria do subprefeito mant\u00eam o foco na legalidade da a\u00e7\u00e3o de combate \u00e0 explora\u00e7\u00e3o ilegal do espa\u00e7o p\u00fablico.<\/p>\n\n\n\n<p class=\"wp-block-paragraph\">\u200bA pr\u00e1tica de extors\u00e3o por guardadores de carro \u00e9 um problema cr\u00f4nico em S\u00e3o Paulo, especialmente em \u00e1reas culturais e pr\u00f3ximas a est\u00e1dios, onde grupos chegam a cobrar valores entre <strong>R$ 50 e R$ 150<\/strong> por vaga.<\/p>\n","protected":false},"excerpt":{"rendered":"<p>\u200bUma a\u00e7\u00e3o liderada pelo subprefeito da Lapa, Paulo Telhada, repercutiu intensamente nas redes sociais nesta semana. O ex-comandante da Rota (tropa de elite da Pol\u00edcia [&#8230;]<\/p>\n","protected":false},"author":1,"featured_media":1671,"comment_status":"open","ping_status":"open","sticky":false,"template":"","format":"standard","meta":{"_crdt_document":"","_jetpack_memberships_contains_paid_content":false,"footnotes":"","jetpack_publicize_message":"","jetpack_publicize_feature_enabled":true,"jetpack_social_post_already_shared":true,"jetpack_social_options":{"image_generator_settings":{"template":"highway","default_image_id":0,"font":"","enabled":false},"version":2}},"categories":[9],"tags":[],"class_list":["post-1670","post","type-post","status-publish","format-standard","has-post-thumbnail","hentry","category-policia"],"jetpack_publicize_connections":[],"jetpack_featured_media_url":"https:\/\/i0.wp.com\/oexpressobr.com.br\/wp-content\/uploads\/2026\/01\/Captura-de-tela-2026-01-07-150726.jpg?fit=317%2C280&ssl=1","jetpack_likes_enabled":true,"jetpack_sharing_enabled":true,"_links":{"self":[{"href":"https:\/\/oexpressobr.com.br\/index.php?rest_route=\/wp\/v2\/posts\/1670","targetHints":{"allow":["GET"]}}],"collection":[{"href":"https:\/\/oexpressobr.com.br\/index.php?rest_route=\/wp\/v2\/posts"}],"about":[{"href":"https:\/\/oexpressobr.com.br\/index.php?rest_route=\/wp\/v2\/types\/post"}],"author":[{"embeddable":true,"href":"https:\/\/oexpressobr.com.br\/index.php?rest_route=\/wp\/v2\/users\/1"}],"replies":[{"embeddable":true,"href":"https:\/\/oexpressobr.com.br\/index.php?rest_route=%2Fwp%2Fv2%2Fcomments&post=1670"}],"version-history":[{"count":1,"href":"https:\/\/oexpressobr.com.br\/index.php?rest_route=\/wp\/v2\/posts\/1670\/revisions"}],"predecessor-version":[{"id":1672,"href":"https:\/\/oexpressobr.com.br\/index.php?rest_route=\/wp\/v2\/posts\/1670\/revisions\/1672"}],"wp:featuredmedia":[{"embeddable":true,"href":"https:\/\/oexpressobr.com.br\/index.php?rest_route=\/wp\/v2\/media\/1671"}],"wp:attachment":[{"href":"https:\/\/oexpressobr.com.br\/index.php?rest_route=%2Fwp%2Fv2%2Fmedia&parent=1670"}],"wp:term":[{"taxonomy":"category","embeddable":true,"href":"https:\/\/oexpressobr.com.br\/index.php?rest_route=%2Fwp%2Fv2%2Fcategories&post=1670"},{"taxonomy":"post_tag","embeddable":true,"href":"https:\/\/oexpressobr.com.br\/index.php?rest_route=%2Fwp%2Fv2%2Ftags&post=1670"}],"curies":[{"name":"wp","href":"https:\/\/api.w.org\/{rel}","templated":true}]}}