{"id":1679,"date":"2026-01-09T08:36:31","date_gmt":"2026-01-09T11:36:31","guid":{"rendered":"https:\/\/oexpressobr.com.br\/?p=1679"},"modified":"2026-01-09T08:36:32","modified_gmt":"2026-01-09T11:36:32","slug":"governo-lula-e-congresso-articulam-aprovacao-do-fim-da-escala-6x1-como-trunfo-para-as-eleicoes-de-2026","status":"publish","type":"post","link":"https:\/\/oexpressobr.com.br\/?p=1679","title":{"rendered":"GOVERNO Lula e Congresso articulam aprova\u00e7\u00e3o do fim da escala 6&#215;1 como trunfo para as elei\u00e7\u00f5es de 2026"},"content":{"rendered":"\n<p class=\"wp-block-paragraph\">Em um movimento estrat\u00e9gico para consolidar apoio popular antes da corrida eleitoral de outubro, o governo do presidente Luiz In\u00e1cio Lula da Silva elevou o fim da escala de trabalho 6&#215;1 ao topo de sua agenda priorit\u00e1ria para 2026. O ministro do Trabalho e Emprego, <strong>Luiz Marinho<\/strong>, reafirmou nesta semana que a aprova\u00e7\u00e3o da medida \u00e9 &#8220;plenamente poss\u00edvel&#8221; ainda este ano, sinalizando que o Pal\u00e1cio do Planalto pretende transformar a redu\u00e7\u00e3o da jornada em uma de suas principais bandeiras de campanha.<\/p>\n\n\n\n<p class=\"wp-block-paragraph\">\u200bA proposta, que ganhou tra\u00e7\u00e3o ap\u00f3s a mobiliza\u00e7\u00e3o nacional liderada pelo vereador eleito Rick Azevedo (fundador do movimento VAT &#8211; Vida Al\u00e9m do Trabalho) e pela deputada federal <strong>Erika Hilton (PSOL-SP)<\/strong>, prop\u00f5e a extin\u00e7\u00e3o do modelo em que o trabalhador tem apenas um dia de folga para cada seis trabalhados. No Senado, o tema avan\u00e7ou com rapidez na Comiss\u00e3o de Constitui\u00e7\u00e3o e Justi\u00e7a (CCJ) sob a relatoria do senador <strong>Paulo Paim (PT-RS)<\/strong>.<\/p>\n\n\n\n<h3 class=\"wp-block-heading\">\u200bO cen\u00e1rio pol\u00edtico e as negocia\u00e7\u00f5es<\/h3>\n\n\n\n<p class=\"wp-block-paragraph\">\u200bA estrat\u00e9gia governista foca em um ponto sens\u00edvel para o Legislativo: a press\u00e3o das urnas. Lideran\u00e7as do PT e parlamentares da base aliada avaliam que, em ano eleitoral, deputados e senadores ter\u00e3o dificuldade em votar contra uma medida que possui aprova\u00e7\u00e3o de mais de 65% da popula\u00e7\u00e3o, segundo pesquisas recentes.<\/p>\n\n\n\n<ul class=\"wp-block-list\">\n<li>\u200b<strong>Proposta Gradual:<\/strong> Para vencer a resist\u00eancia do setor empresarial e de partidos de centro, o governo defende uma transi\u00e7\u00e3o &#8220;p\u00e9 no ch\u00e3o&#8221;. A ideia central \u00e9 reduzir a jornada m\u00e1xima de 44 para 40 horas semanais de imediato, com um cronograma para chegar \u00e0s 36 horas nos anos seguintes.<\/li>\n\n\n\n<li>\u200b<strong>Articula\u00e7\u00e3o na C\u00e2mara:<\/strong> O l\u00edder do governo na C\u00e2mara, <strong>Jos\u00e9 Guimar\u00e3es (PT-CE)<\/strong>, incluiu a redu\u00e7\u00e3o da jornada em uma lista de oito prioridades para o primeiro semestre, buscando um consenso com o presidente da Casa, <strong>Hugo Motta (Republicanos-PB)<\/strong>.<\/li>\n<\/ul>\n\n\n\n<figure class=\"wp-block-image size-large\"><img data-recalc-dims=\"1\" loading=\"lazy\" width=\"900\" height=\"600\" src=\"https:\/\/i0.wp.com\/oexpressobr.com.br\/wp-content\/uploads\/2026\/01\/image_a8228bae-3454-488f-8c68-76dd2a9bba48-1024x683.jpg?resize=900%2C600&#038;ssl=1\" alt=\"\" class=\"wp-image-1680\" srcset=\"https:\/\/i0.wp.com\/oexpressobr.com.br\/wp-content\/uploads\/2026\/01\/image_a8228bae-3454-488f-8c68-76dd2a9bba48-scaled.jpg?resize=1024%2C683&amp;ssl=1 1024w, https:\/\/i0.wp.com\/oexpressobr.com.br\/wp-content\/uploads\/2026\/01\/image_a8228bae-3454-488f-8c68-76dd2a9bba48-scaled.jpg?resize=300%2C200&amp;ssl=1 300w, https:\/\/i0.wp.com\/oexpressobr.com.br\/wp-content\/uploads\/2026\/01\/image_a8228bae-3454-488f-8c68-76dd2a9bba48-scaled.jpg?resize=768%2C512&amp;ssl=1 768w, https:\/\/i0.wp.com\/oexpressobr.com.br\/wp-content\/uploads\/2026\/01\/image_a8228bae-3454-488f-8c68-76dd2a9bba48-scaled.jpg?resize=1536%2C1024&amp;ssl=1 1536w, https:\/\/i0.wp.com\/oexpressobr.com.br\/wp-content\/uploads\/2026\/01\/image_a8228bae-3454-488f-8c68-76dd2a9bba48-scaled.jpg?resize=2048%2C1365&amp;ssl=1 2048w, https:\/\/i0.wp.com\/oexpressobr.com.br\/wp-content\/uploads\/2026\/01\/image_a8228bae-3454-488f-8c68-76dd2a9bba48-scaled.jpg?w=1800 1800w\" sizes=\"auto, (max-width: 900px) 100vw, 900px\" \/><\/figure>\n\n\n\n<h3 class=\"wp-block-heading\">Desafios e resist\u00eancias no setor produtivo<\/h3>\n\n\n\n<p class=\"wp-block-paragraph\">\u200bApesar do otimismo pol\u00edtico, o projeto enfrenta cr\u00edticas severas de entidades patronais e setores como o varejo e servi\u00e7os. O principal argumento \u00e9 o aumento dos custos operacionais, que poderia gerar infla\u00e7\u00e3o ou demiss\u00f5es.<\/p>\n\n\n\n<blockquote class=\"wp-block-quote is-layout-flow wp-block-quote-is-layout-flow\">\n<p class=\"wp-block-paragraph\">\u200b&#8221;N\u00e3o ser\u00e1 uma mudan\u00e7a &#8216;numa tacada s\u00f3&#8217;. Precisamos de previsibilidade e equil\u00edbrio econ\u00f4mico&#8221;, afirmou Luiz Marinho, tentando tranquilizar o mercado financeiro e os empres\u00e1rios.<\/p>\n<\/blockquote>\n\n\n\n<h3 class=\"wp-block-heading\">O que esperar dos pr\u00f3ximos meses?<\/h3>\n\n\n\n<p class=\"wp-block-paragraph\">\u200bCom a retomada dos trabalhos legislativos em fevereiro, a PEC (Proposta de Emenda \u00e0 Constitui\u00e7\u00e3o) deve dominar os debates. O governo espera que as manifesta\u00e7\u00f5es de rua, previstas para o Dia do Trabalhador (1\u00ba de maio), sirvam como o empurr\u00e3o final para que o texto seja votado antes do recesso de julho, evitando que o tema fique &#8220;congelado&#8221; pelo per\u00edodo oficial de propaganda eleitoral.<\/p>\n\n\n\n<p class=\"wp-block-paragraph\">\u200bPara os analistas, o sucesso da medida depender\u00e1 da capacidade do Planalto em oferecer contrapartidas fiscais ou desonera\u00e7\u00f5es pontuais para os setores mais afetados pela mudan\u00e7a na escala.<\/p>\n","protected":false},"excerpt":{"rendered":"<p>Em um movimento estrat\u00e9gico para consolidar apoio popular antes da corrida eleitoral de outubro, o governo do presidente Luiz In\u00e1cio Lula da Silva elevou o [&#8230;]<\/p>\n","protected":false},"author":1,"featured_media":1681,"comment_status":"open","ping_status":"open","sticky":false,"template":"","format":"standard","meta":{"_crdt_document":"","_jetpack_memberships_contains_paid_content":false,"footnotes":"","jetpack_publicize_message":"","jetpack_publicize_feature_enabled":true,"jetpack_social_post_already_shared":true,"jetpack_social_options":{"image_generator_settings":{"template":"highway","default_image_id":0,"font":"","enabled":false},"version":2}},"categories":[3],"tags":[],"class_list":["post-1679","post","type-post","status-publish","format-standard","has-post-thumbnail","hentry","category-brasil"],"jetpack_publicize_connections":[],"jetpack_featured_media_url":"https:\/\/i0.wp.com\/oexpressobr.com.br\/wp-content\/uploads\/2026\/01\/2-LUIZ-MARINHO-2023-10-g.jpg.jpg?fit=414%2C280&ssl=1","jetpack_likes_enabled":true,"jetpack_sharing_enabled":true,"_links":{"self":[{"href":"https:\/\/oexpressobr.com.br\/index.php?rest_route=\/wp\/v2\/posts\/1679","targetHints":{"allow":["GET"]}}],"collection":[{"href":"https:\/\/oexpressobr.com.br\/index.php?rest_route=\/wp\/v2\/posts"}],"about":[{"href":"https:\/\/oexpressobr.com.br\/index.php?rest_route=\/wp\/v2\/types\/post"}],"author":[{"embeddable":true,"href":"https:\/\/oexpressobr.com.br\/index.php?rest_route=\/wp\/v2\/users\/1"}],"replies":[{"embeddable":true,"href":"https:\/\/oexpressobr.com.br\/index.php?rest_route=%2Fwp%2Fv2%2Fcomments&post=1679"}],"version-history":[{"count":1,"href":"https:\/\/oexpressobr.com.br\/index.php?rest_route=\/wp\/v2\/posts\/1679\/revisions"}],"predecessor-version":[{"id":1682,"href":"https:\/\/oexpressobr.com.br\/index.php?rest_route=\/wp\/v2\/posts\/1679\/revisions\/1682"}],"wp:featuredmedia":[{"embeddable":true,"href":"https:\/\/oexpressobr.com.br\/index.php?rest_route=\/wp\/v2\/media\/1681"}],"wp:attachment":[{"href":"https:\/\/oexpressobr.com.br\/index.php?rest_route=%2Fwp%2Fv2%2Fmedia&parent=1679"}],"wp:term":[{"taxonomy":"category","embeddable":true,"href":"https:\/\/oexpressobr.com.br\/index.php?rest_route=%2Fwp%2Fv2%2Fcategories&post=1679"},{"taxonomy":"post_tag","embeddable":true,"href":"https:\/\/oexpressobr.com.br\/index.php?rest_route=%2Fwp%2Fv2%2Ftags&post=1679"}],"curies":[{"name":"wp","href":"https:\/\/api.w.org\/{rel}","templated":true}]}}