{"id":1683,"date":"2026-01-09T08:41:54","date_gmt":"2026-01-09T11:41:54","guid":{"rendered":"https:\/\/oexpressobr.com.br\/?p=1683"},"modified":"2026-01-09T08:41:56","modified_gmt":"2026-01-09T11:41:56","slug":"ipca-de-dezembro-encerra-2025-dentro-da-meta-e-acirra-pressao-sobre-copom-por-queda-de-juros","status":"publish","type":"post","link":"https:\/\/oexpressobr.com.br\/?p=1683","title":{"rendered":"IPCA de dezembro encerra 2025 dentro da meta e acirra press\u00e3o sobre Copom por queda de juros"},"content":{"rendered":"\n<p class=\"wp-block-paragraph\">O Instituto Brasileiro de Geografia e Estat\u00edstica (IBGE) divulgou nesta sexta-feira (9) os dados oficiais do \u00cdndice Nacional de Pre\u00e7os ao Consumidor Amplo (<strong>IPCA<\/strong>) referentes a dezembro. O resultado consolida a infla\u00e7\u00e3o de 2025 em um patamar que, embora dentro do intervalo de toler\u00e2ncia, mant\u00e9m o Banco Central em uma posi\u00e7\u00e3o de cautela extrema e prolonga o ruidoso debate sobre a manuten\u00e7\u00e3o da taxa <strong>Selic em 15% ao ano<\/strong>.<\/p>\n\n\n\n<h3 class=\"wp-block-heading\">\u200bO Retrato de 2025: Entre o Al\u00edvio e a Persist\u00eancia<\/h3>\n\n\n\n<p class=\"wp-block-paragraph\">\u200bA infla\u00e7\u00e3o oficial do Brasil fechou o ano de 2025 acumulada em aproximadamente <strong>4,4%<\/strong>, ligeiramente abaixo do teto da meta estabelecido pelo Conselho Monet\u00e1rio Nacional (CMN), que \u00e9 de <strong>4,5%<\/strong> (meta de 3% com margem de 1,5 ponto percentual).<\/p>\n\n\n\n<p class=\"wp-block-paragraph\">\u200bApesar de o n\u00famero final representar uma vit\u00f3ria t\u00e9cnica para o governo e para o Banco Central \u2014 sendo a primeira vez desde 2023 que o \u00edndice termina o ano &#8220;dentro do trilho&#8221; \u2014 os detalhes do relat\u00f3rio de dezembro trazem sinais mistos que preocupam os analistas:<\/p>\n\n\n\n<ul class=\"wp-block-list\">\n<li>\u200b<strong>Servi\u00e7os Resilientes:<\/strong> O chamado &#8220;n\u00facleo de servi\u00e7os&#8221;, que reflete pre\u00e7os de m\u00e3o de obra e consumo das fam\u00edlias, mostrou resist\u00eancia, rodando acima da m\u00e9dia geral.<\/li>\n\n\n\n<li>\u200b<strong>Press\u00e3o Sazonal:<\/strong> As passagens a\u00e9reas e os alimentos voltaram a pressionar o \u00edndice no \u00faltimo m\u00eas do ano, neutralizando parte das quedas observadas em artigos de resid\u00eancia e eletr\u00f4nicos ap\u00f3s a Black Friday.<\/li>\n\n\n\n<li>\u200b<strong>Energia El\u00e9trica:<\/strong> O setor de habita\u00e7\u00e3o foi o vil\u00e3o do ano, com a energia el\u00e9trica residencial acumulando alta superior a <strong>11%<\/strong> em 2025, impulsionada por bandeiras tarif\u00e1rias mais caras.<\/li>\n<\/ul>\n\n\n\n<h3 class=\"wp-block-heading\">\u200bO Dilema do Banco Central e a Taxa Selic<\/h3>\n\n\n\n<p class=\"wp-block-paragraph\">\u200bCom o IPCA de dezembro em m\u00e3os, o Comit\u00ea de Pol\u00edtica Monet\u00e1ria (<strong>Copom<\/strong>) entra em 2026 sob fogo cruzado. De um lado, o setor produtivo e o governo defendem que a infla\u00e7\u00e3o dentro da meta e a desacelera\u00e7\u00e3o do PIB (projetado em 1,7% para 2026) justificam cortes imediatos na taxa de juros. Do outro, o Banco Central, agora sob a gest\u00e3o de <strong>Gabriel Gal\u00edpolo<\/strong>, sinaliza que a converg\u00eancia para o centro da meta (3%) ainda n\u00e3o est\u00e1 garantida.<\/p>\n\n\n\n<blockquote class=\"wp-block-quote is-layout-flow wp-block-quote-is-layout-flow\">\n<p class=\"wp-block-paragraph\">\u200b&#8221;O dado de dezembro \u00e9 um divisor de \u00e1guas. Ele mostra que a infla\u00e7\u00e3o parou de subir, mas n\u00e3o est\u00e1 &#8216;derretendo&#8217;. O BC precisa decidir se mant\u00e9m o p\u00e9 no freio para garantir os 3% em 2026 ou se come\u00e7a a aliviar a carga sobre o cr\u00e9dito agora&#8221;, afirma Andr\u00e9 Matos, CEO da MA7 Neg\u00f3cios.<\/p>\n<\/blockquote>\n\n\n\n<h3 class=\"wp-block-heading\">\u200bExpectativas para 2026<\/h3>\n\n\n\n<p class=\"wp-block-paragraph\">\u200bO mercado financeiro, via Relat\u00f3rio Focus, j\u00e1 come\u00e7ou a ajustar as velas. A aposta majorit\u00e1ria \u00e9 de que o ciclo de cortes da Selic comece apenas na reuni\u00e3o de <strong>mar\u00e7o de 2026<\/strong>, com a taxa b\u00e1sica encerrando o ano em torno de <strong>12%<\/strong>.<\/p>\n\n\n\n<p class=\"wp-block-paragraph\">A pr\u00f3xima reuni\u00e3o do Copom ser\u00e1 decisiva para definir se o tom do Banco Central continuar\u00e1 &#8220;parcialmente restritivo&#8221; ou se haver\u00e1 uma sinaliza\u00e7\u00e3o clara de queda, o que impactaria diretamente o custo do cr\u00e9dito e o consumo das fam\u00edlias brasileiras j\u00e1 neste primeiro trimestre.<\/p>\n","protected":false},"excerpt":{"rendered":"<p>O Instituto Brasileiro de Geografia e Estat\u00edstica (IBGE) divulgou nesta sexta-feira (9) os dados oficiais do \u00cdndice Nacional de Pre\u00e7os ao Consumidor Amplo (IPCA) referentes [&#8230;]<\/p>\n","protected":false},"author":1,"featured_media":1684,"comment_status":"open","ping_status":"open","sticky":false,"template":"","format":"standard","meta":{"_crdt_document":"","_jetpack_memberships_contains_paid_content":false,"footnotes":"","jetpack_publicize_message":"","jetpack_publicize_feature_enabled":true,"jetpack_social_post_already_shared":true,"jetpack_social_options":{"image_generator_settings":{"template":"highway","default_image_id":0,"font":"","enabled":false},"version":2}},"categories":[10],"tags":[],"class_list":["post-1683","post","type-post","status-publish","format-standard","has-post-thumbnail","hentry","category-economia"],"jetpack_publicize_connections":[],"jetpack_featured_media_url":"https:\/\/i0.wp.com\/oexpressobr.com.br\/wp-content\/uploads\/2026\/01\/GettyImages-1171599549.jpg.jpg?fit=414%2C280&ssl=1","jetpack_likes_enabled":true,"jetpack_sharing_enabled":true,"_links":{"self":[{"href":"https:\/\/oexpressobr.com.br\/index.php?rest_route=\/wp\/v2\/posts\/1683","targetHints":{"allow":["GET"]}}],"collection":[{"href":"https:\/\/oexpressobr.com.br\/index.php?rest_route=\/wp\/v2\/posts"}],"about":[{"href":"https:\/\/oexpressobr.com.br\/index.php?rest_route=\/wp\/v2\/types\/post"}],"author":[{"embeddable":true,"href":"https:\/\/oexpressobr.com.br\/index.php?rest_route=\/wp\/v2\/users\/1"}],"replies":[{"embeddable":true,"href":"https:\/\/oexpressobr.com.br\/index.php?rest_route=%2Fwp%2Fv2%2Fcomments&post=1683"}],"version-history":[{"count":1,"href":"https:\/\/oexpressobr.com.br\/index.php?rest_route=\/wp\/v2\/posts\/1683\/revisions"}],"predecessor-version":[{"id":1685,"href":"https:\/\/oexpressobr.com.br\/index.php?rest_route=\/wp\/v2\/posts\/1683\/revisions\/1685"}],"wp:featuredmedia":[{"embeddable":true,"href":"https:\/\/oexpressobr.com.br\/index.php?rest_route=\/wp\/v2\/media\/1684"}],"wp:attachment":[{"href":"https:\/\/oexpressobr.com.br\/index.php?rest_route=%2Fwp%2Fv2%2Fmedia&parent=1683"}],"wp:term":[{"taxonomy":"category","embeddable":true,"href":"https:\/\/oexpressobr.com.br\/index.php?rest_route=%2Fwp%2Fv2%2Fcategories&post=1683"},{"taxonomy":"post_tag","embeddable":true,"href":"https:\/\/oexpressobr.com.br\/index.php?rest_route=%2Fwp%2Fv2%2Ftags&post=1683"}],"curies":[{"name":"wp","href":"https:\/\/api.w.org\/{rel}","templated":true}]}}