{"id":1689,"date":"2026-01-09T08:54:57","date_gmt":"2026-01-09T11:54:57","guid":{"rendered":"https:\/\/oexpressobr.com.br\/?p=1689"},"modified":"2026-01-09T08:54:58","modified_gmt":"2026-01-09T11:54:58","slug":"operacao-miragem-mppr-investiga-loteamento-clandestino-e-prende-empresario-em-ibipora","status":"publish","type":"post","link":"https:\/\/oexpressobr.com.br\/?p=1689","title":{"rendered":"Opera\u00e7\u00e3o Miragem: MPPR investiga loteamento clandestino e prende empres\u00e1rio em Ibipor\u00e3"},"content":{"rendered":"\n<p class=\"wp-block-paragraph\">\u200bO Minist\u00e9rio P\u00fablico do Paran\u00e1 (MPPR), por meio do Grupo de Atua\u00e7\u00e3o Especial de Combate ao Crime Organizado (<strong>Gaeco<\/strong>) e da Promotoria de Justi\u00e7a de Ibipor\u00e3, deflagrou nesta semana a <strong>Opera\u00e7\u00e3o Miragem<\/strong>. A ofensiva visa desarticular um esquema de venda de lotes irregulares, crimes ambientais e falsidade ideol\u00f3gica que vinha ocorrendo na regi\u00e3o norte do estado.<\/p>\n\n\n\n<p class=\"wp-block-paragraph\">\u200bDurante a a\u00e7\u00e3o, foram cumpridos mandados de busca e apreens\u00e3o em endere\u00e7os ligados aos investigados. O principal alvo, um empres\u00e1rio do setor imobili\u00e1rio respons\u00e1vel pelo empreendimento, foi <strong>preso em flagrante<\/strong> por posse ilegal de arma de fogo e muni\u00e7\u00f5es, al\u00e9m de ser o foco central das investiga\u00e7\u00f5es sobre o parcelamento ilegal do solo.<\/p>\n\n\n\n<h3 class=\"wp-block-heading\">\u200bEntenda o caso: a &#8220;Miragem&#8221; da casa pr\u00f3pria<\/h3>\n\n\n\n<p class=\"wp-block-paragraph\">\u200bAs investiga\u00e7\u00f5es apontam que o loteamento, localizado em uma \u00e1rea rural de Ibipor\u00e3, era comercializado como se fosse um condom\u00ednio urbano regularizado. No entanto, o projeto n\u00e3o possu\u00eda as devidas autoriza\u00e7\u00f5es da prefeitura nem dos \u00f3rg\u00e3os ambientais.<\/p>\n\n\n\n<p class=\"wp-block-paragraph\">\u200b<strong>Os principais pontos da investiga\u00e7\u00e3o incluem:<\/strong><\/p>\n\n\n\n<ul class=\"wp-block-list\">\n<li>\u200b<strong>Loteamento Clandestino:<\/strong> A venda de terrenos sem registro imobili\u00e1rio e sem infraestrutura b\u00e1sica exigida por lei.<\/li>\n\n\n\n<li>\u200b<strong>Crimes Ambientais:<\/strong> Interven\u00e7\u00f5es em \u00e1reas de preserva\u00e7\u00e3o sem licenciamento, causando danos \u00e0 fauna e flora locais.<\/li>\n\n\n\n<li>\u200b<strong>Estelionato e Falsidade:<\/strong> O uso de publicidade enganosa para atrair compradores, prometendo uma regulariza\u00e7\u00e3o que, juridicamente, era inexistente.<\/li>\n<\/ul>\n\n\n\n<h3 class=\"wp-block-heading\">\u200bImpacto para os compradores<\/h3>\n\n\n\n<p class=\"wp-block-paragraph\">\u200bO Minist\u00e9rio P\u00fablico alerta que as v\u00edtimas que adquiriram terrenos no local podem enfrentar graves dificuldades jur\u00eddicas para obter a escritura dos im\u00f3veis. Al\u00e9m disso, as constru\u00e7\u00f5es iniciadas na \u00e1rea correm o risco de demoli\u00e7\u00e3o, uma vez que o loteamento fere o Plano Diretor do munic\u00edpio.<\/p>\n\n\n\n<blockquote class=\"wp-block-quote is-layout-flow wp-block-quote-is-layout-flow\">\n<p class=\"wp-block-paragraph\">\u200b&#8221;A opera\u00e7\u00e3o busca n\u00e3o apenas punir os respons\u00e1veis, mas interromper a degrada\u00e7\u00e3o ambiental e evitar que novos cidad\u00e3os sejam lesados por promessas de empreendimentos que n\u00e3o possuem viabilidade legal&#8221;, afirmou o MPPR em nota oficial.<\/p>\n<\/blockquote>\n\n\n\n<h3 class=\"wp-block-heading\">\u200bDesdobramentos recentes<\/h3>\n\n\n\n<p class=\"wp-block-paragraph\">\u200bCom o material apreendido \u2014 que inclui documentos, contratos e dispositivos eletr\u00f4nicos \u2014 o Gaeco agora trabalha para identificar se houve a coniv\u00eancia de agentes p\u00fablicos na facilita\u00e7\u00e3o do neg\u00f3cio irregular. O empres\u00e1rio detido permanece \u00e0 disposi\u00e7\u00e3o da Justi\u00e7a, e o Poder Judici\u00e1rio determinou o bloqueio de bens dos envolvidos para garantir a futura repara\u00e7\u00e3o dos danos causados \u00e0s v\u00edtimas e ao meio ambiente.<\/p>\n","protected":false},"excerpt":{"rendered":"<p>\u200bO Minist\u00e9rio P\u00fablico do Paran\u00e1 (MPPR), por meio do Grupo de Atua\u00e7\u00e3o Especial de Combate ao Crime Organizado (Gaeco) e da Promotoria de Justi\u00e7a de [&#8230;]<\/p>\n","protected":false},"author":1,"featured_media":1690,"comment_status":"open","ping_status":"open","sticky":false,"template":"","format":"standard","meta":{"_crdt_document":"","_jetpack_memberships_contains_paid_content":false,"footnotes":"","jetpack_publicize_message":"","jetpack_publicize_feature_enabled":true,"jetpack_social_post_already_shared":true,"jetpack_social_options":{"image_generator_settings":{"template":"highway","default_image_id":0,"font":"","enabled":false},"version":2}},"categories":[32],"tags":[],"class_list":["post-1689","post","type-post","status-publish","format-standard","has-post-thumbnail","hentry","category-meio-ambiente"],"jetpack_publicize_connections":[],"jetpack_featured_media_url":"https:\/\/i0.wp.com\/oexpressobr.com.br\/wp-content\/uploads\/2026\/01\/66_imagemmateria_arborizacao.png?fit=308%2C205&ssl=1","jetpack_likes_enabled":true,"jetpack_sharing_enabled":true,"_links":{"self":[{"href":"https:\/\/oexpressobr.com.br\/index.php?rest_route=\/wp\/v2\/posts\/1689","targetHints":{"allow":["GET"]}}],"collection":[{"href":"https:\/\/oexpressobr.com.br\/index.php?rest_route=\/wp\/v2\/posts"}],"about":[{"href":"https:\/\/oexpressobr.com.br\/index.php?rest_route=\/wp\/v2\/types\/post"}],"author":[{"embeddable":true,"href":"https:\/\/oexpressobr.com.br\/index.php?rest_route=\/wp\/v2\/users\/1"}],"replies":[{"embeddable":true,"href":"https:\/\/oexpressobr.com.br\/index.php?rest_route=%2Fwp%2Fv2%2Fcomments&post=1689"}],"version-history":[{"count":1,"href":"https:\/\/oexpressobr.com.br\/index.php?rest_route=\/wp\/v2\/posts\/1689\/revisions"}],"predecessor-version":[{"id":1691,"href":"https:\/\/oexpressobr.com.br\/index.php?rest_route=\/wp\/v2\/posts\/1689\/revisions\/1691"}],"wp:featuredmedia":[{"embeddable":true,"href":"https:\/\/oexpressobr.com.br\/index.php?rest_route=\/wp\/v2\/media\/1690"}],"wp:attachment":[{"href":"https:\/\/oexpressobr.com.br\/index.php?rest_route=%2Fwp%2Fv2%2Fmedia&parent=1689"}],"wp:term":[{"taxonomy":"category","embeddable":true,"href":"https:\/\/oexpressobr.com.br\/index.php?rest_route=%2Fwp%2Fv2%2Fcategories&post=1689"},{"taxonomy":"post_tag","embeddable":true,"href":"https:\/\/oexpressobr.com.br\/index.php?rest_route=%2Fwp%2Fv2%2Ftags&post=1689"}],"curies":[{"name":"wp","href":"https:\/\/api.w.org\/{rel}","templated":true}]}}