{"id":1698,"date":"2026-01-09T09:14:00","date_gmt":"2026-01-09T12:14:00","guid":{"rendered":"https:\/\/oexpressobr.com.br\/?p=1698"},"modified":"2026-01-09T09:14:02","modified_gmt":"2026-01-09T12:14:02","slug":"no-adeus-a-onu-trump-isola-eua-no-clima-e-entrega-vantagens-a-china","status":"publish","type":"post","link":"https:\/\/oexpressobr.com.br\/?p=1698","title":{"rendered":"No adeus \u00e0 ONU, Trump isola EUA no clima e entrega vantagens \u00e0 China"},"content":{"rendered":"\n<p class=\"wp-block-paragraph\">A diplomacia clim\u00e1tica global sofreu um abalo s\u00edsmico nesta semana. O governo de Donald Trump formalizou a sa\u00edda dos Estados Unidos da <strong>Conven\u00e7\u00e3o-Quadro das Na\u00e7\u00f5es Unidas sobre Mudan\u00e7a do Clima (UNFCCC)<\/strong>, o tratado fundamental que sustenta o Acordo de Paris e as negocia\u00e7\u00f5es globais h\u00e1 mais de tr\u00eas d\u00e9cadas. A decis\u00e3o, anunciada em janeiro de 2026, n\u00e3o apenas retira a maior economia do mundo das mesas de decis\u00e3o, mas consolida uma transfer\u00eancia sem precedentes de influ\u00eancia geopol\u00edtica e econ\u00f4mica para a China.<\/p>\n\n\n\n<h3 class=\"wp-block-heading\">\u200bO V\u00e1cuo Americano e a Ascens\u00e3o de Pequim<\/h3>\n\n\n\n<p class=\"wp-block-paragraph\">\u200bEnquanto Washington se retira de 66 organiza\u00e7\u00f5es internacionais \u2014 incluindo \u00f3rg\u00e3os cient\u00edficos como o <strong>IPCC<\/strong> e a Ag\u00eancia Internacional de Energia Renov\u00e1vel (IRENA) \u2014, a China aproveita o momento para se posicionar como o &#8220;fiador&#8221; da estabilidade global.<\/p>\n\n\n\n<p class=\"wp-block-paragraph\">\u200bNo F\u00f3rum Econ\u00f4mico Mundial de Davos, que ocorre agora em janeiro de 2026, a delega\u00e7\u00e3o chinesa assumiu o protagonismo. Enquanto os EUA defendem o retorno aos combust\u00edveis f\u00f3sseis sob o argumento de soberania energ\u00e9tica, a China apresenta n\u00fameros recordes:<\/p>\n\n\n\n<ul class=\"wp-block-list\">\n<li>\u200b<strong>Dom\u00ednio de Mercado:<\/strong> Em 2025, a China fabricou <strong>92% dos m\u00f3dulos solares<\/strong> e <strong>82% das turbinas e\u00f3licas<\/strong> do mundo.<\/li>\n\n\n\n<li>\u200b<strong>Exporta\u00e7\u00f5es:<\/strong> As vendas de tecnologias limpas (EVs, baterias e pain\u00e9is) atingiram o recorde de <strong>US$ 20 bilh\u00f5es mensais<\/strong> no final de 2025.<\/li>\n\n\n\n<li>\u200b<strong>Diplomacia:<\/strong> Pequim tem usado o v\u00e1cuo de lideran\u00e7a para fortalecer la\u00e7os com o Sul Global, oferecendo tecnologia de transi\u00e7\u00e3o energ\u00e9tica enquanto os EUA cortam ajudas clim\u00e1ticas internacionais.<\/li>\n<\/ul>\n\n\n\n<h3 class=\"wp-block-heading\">\u200bO Front Jur\u00eddico: Tribunais vs. Casa Branca<\/h3>\n\n\n\n<p class=\"wp-block-paragraph\">\u200bA sa\u00edda da ONU ocorre em um momento em que a pol\u00edtica clim\u00e1tica de Trump enfrenta uma resist\u00eancia feroz dentro do pr\u00f3prio territ\u00f3rio americano. O ano de 2025 registrou um recorde de <strong>lit\u00edgios clim\u00e1ticos<\/strong>, com estados como Nova York, Calif\u00f3rnia e Washington processando o governo federal e empresas de petr\u00f3leo por danos causados por eventos extremos.<\/p>\n\n\n\n<blockquote class=\"wp-block-quote is-layout-flow wp-block-quote-is-layout-flow\">\n<p class=\"wp-block-paragraph\">\u200b&#8221;A retirada da UNFCCC \u00e9 um presente para a China e uma carta de liberdade para poluidores que querem evitar responsabilidades&#8221;, afirmou o ex-enviado clim\u00e1tico John Kerry.<\/p>\n<\/blockquote>\n\n\n\n<p class=\"wp-block-paragraph\">\u200bApesar das tentativas de Trump de &#8220;blindar&#8221; a ind\u00fastria f\u00f3ssil, tribunais federais t\u00eam bloqueado o congelamento de fundos j\u00e1 aprovados para resili\u00eancia clim\u00e1tica. Em Seattle, ju\u00edzes impediram o cancelamento de repasses para programas de prote\u00e7\u00e3o costeira, argumentando que mudan\u00e7as administrativas repentinas criam um &#8220;caos desnecess\u00e1rio&#8221; para a seguran\u00e7a p\u00fablica.<\/p>\n\n\n\n<h3 class=\"wp-block-heading\">\u200bDavos 2026: O Novo Equil\u00edbrio<\/h3>\n\n\n\n<p class=\"wp-block-paragraph\">\u200bEm Davos, o tema central \u2014 &#8220;Coopera\u00e7\u00e3o em um Mundo Contestado&#8221; \u2014 reflete o isolamento americano. L\u00edderes europeus e asi\u00e1ticos discutem agora como manter o fluxo de investimentos verdes sem a participa\u00e7\u00e3o dos EUA, temendo que a aus\u00eancia de Washington em futuras COPs (como a <strong>COP31 em 2026<\/strong>) desestabilize os mercados de carbono e aumente a volatilidade dos pre\u00e7os de energia.<\/p>\n\n\n\n<p class=\"wp-block-paragraph\">\u200bA estrat\u00e9gia de Trump de focar no petr\u00f3leo e g\u00e1s pode trazer ganhos imediatos em custos internos, mas analistas alertam que o custo a longo prazo ser\u00e1 a perda de competitividade na ind\u00fastria que definir\u00e1 o s\u00e9culo XXI. Com a China dominando as cadeias de suprimento de baterias e minerais cr\u00edticos, os EUA correm o risco de se tornarem meros consumidores de tecnologia estrangeira na inevit\u00e1vel transi\u00e7\u00e3o energ\u00e9tica global.<\/p>\n","protected":false},"excerpt":{"rendered":"<p>A diplomacia clim\u00e1tica global sofreu um abalo s\u00edsmico nesta semana. O governo de Donald Trump formalizou a sa\u00edda dos Estados Unidos da Conven\u00e7\u00e3o-Quadro das Na\u00e7\u00f5es [&#8230;]<\/p>\n","protected":false},"author":1,"featured_media":1699,"comment_status":"open","ping_status":"open","sticky":false,"template":"","format":"standard","meta":{"_crdt_document":"","_jetpack_memberships_contains_paid_content":false,"footnotes":"","jetpack_publicize_message":"","jetpack_publicize_feature_enabled":true,"jetpack_social_post_already_shared":true,"jetpack_social_options":{"image_generator_settings":{"template":"highway","default_image_id":0,"font":"","enabled":false},"version":2}},"categories":[15],"tags":[],"class_list":["post-1698","post","type-post","status-publish","format-standard","has-post-thumbnail","hentry","category-internacional"],"jetpack_publicize_connections":[],"jetpack_featured_media_url":"https:\/\/i0.wp.com\/oexpressobr.com.br\/wp-content\/uploads\/2026\/01\/IMG-20260109-WA0166.jpg?fit=750%2C500&ssl=1","jetpack_likes_enabled":true,"jetpack_sharing_enabled":true,"_links":{"self":[{"href":"https:\/\/oexpressobr.com.br\/index.php?rest_route=\/wp\/v2\/posts\/1698","targetHints":{"allow":["GET"]}}],"collection":[{"href":"https:\/\/oexpressobr.com.br\/index.php?rest_route=\/wp\/v2\/posts"}],"about":[{"href":"https:\/\/oexpressobr.com.br\/index.php?rest_route=\/wp\/v2\/types\/post"}],"author":[{"embeddable":true,"href":"https:\/\/oexpressobr.com.br\/index.php?rest_route=\/wp\/v2\/users\/1"}],"replies":[{"embeddable":true,"href":"https:\/\/oexpressobr.com.br\/index.php?rest_route=%2Fwp%2Fv2%2Fcomments&post=1698"}],"version-history":[{"count":1,"href":"https:\/\/oexpressobr.com.br\/index.php?rest_route=\/wp\/v2\/posts\/1698\/revisions"}],"predecessor-version":[{"id":1700,"href":"https:\/\/oexpressobr.com.br\/index.php?rest_route=\/wp\/v2\/posts\/1698\/revisions\/1700"}],"wp:featuredmedia":[{"embeddable":true,"href":"https:\/\/oexpressobr.com.br\/index.php?rest_route=\/wp\/v2\/media\/1699"}],"wp:attachment":[{"href":"https:\/\/oexpressobr.com.br\/index.php?rest_route=%2Fwp%2Fv2%2Fmedia&parent=1698"}],"wp:term":[{"taxonomy":"category","embeddable":true,"href":"https:\/\/oexpressobr.com.br\/index.php?rest_route=%2Fwp%2Fv2%2Fcategories&post=1698"},{"taxonomy":"post_tag","embeddable":true,"href":"https:\/\/oexpressobr.com.br\/index.php?rest_route=%2Fwp%2Fv2%2Ftags&post=1698"}],"curies":[{"name":"wp","href":"https:\/\/api.w.org\/{rel}","templated":true}]}}