{"id":173,"date":"2025-12-01T14:07:23","date_gmt":"2025-12-01T17:07:23","guid":{"rendered":"https:\/\/oexpressobr.com.br\/?p=173"},"modified":"2025-12-01T14:07:23","modified_gmt":"2025-12-01T17:07:23","slug":"a-perseguicao-politica-e-racial-contra-renato-freitas-novas-tentativas-de-cassacao-levantam-debate-sobre-curitiba-e-lideranca-negra","status":"publish","type":"post","link":"https:\/\/oexpressobr.com.br\/?p=173","title":{"rendered":"A persegui\u00e7\u00e3o pol\u00edtica e racial contra Renato Freitas: Novas tentativas de cassa\u00e7\u00e3o levantam debate sobre Curitiba e lideran\u00e7a negra"},"content":{"rendered":"\n<p class=\"wp-block-paragraph\">Curitiba, com seus mais de 300 anos de hist\u00f3ria, presenciou em 2022 um marco in\u00e9dito e controverso: a primeira cassa\u00e7\u00e3o de um vereador, <strong>Renato Freitas<\/strong> (PT). O jovem pol\u00edtico negro e combativo, conhecido por sua atua\u00e7\u00e3o em defesa dos direitos humanos, foi for\u00e7ado a deixar o cargo de vereador sob acusa\u00e7\u00f5es de quebra de decoro parlamentar, ap\u00f3s participar de um ato antirracista na Igreja Nossa Senhora do Ros\u00e1rio dos Pretos.<\/p>\n\n\n\n<p class=\"wp-block-paragraph\">\u200bNo entanto, a batalha de Freitas contra o que especialistas e apoiadores classificam como <strong>persegui\u00e7\u00e3o pol\u00edtica e racista<\/strong> est\u00e1 longe de terminar. Mesmo ap\u00f3s a Justi\u00e7a, incluindo decis\u00f5es do Supremo Tribunal Federal (STF), anular as sess\u00f5es de cassa\u00e7\u00e3o e garantir seu retorno \u00e0 C\u00e2mara Municipal, pavimentando sua elei\u00e7\u00e3o posterior como <strong>Deputado Estadual<\/strong>, novas e cont\u00ednuas tentativas de retirar seu mandato mostram o qu\u00e3o <strong>despreparada Curitiba<\/strong> e, agora, o Paran\u00e1, parecem estar para lidar com uma lideran\u00e7a negra, jovem e incisiva.<\/p>\n\n\n\n<h3 class=\"wp-block-heading\">\u200b\ud83d\udea8 Recentes pedidos de cassa\u00e7\u00e3o na Assembleia Legislativa do Paran\u00e1<\/h3>\n\n\n\n<p class=\"wp-block-paragraph\">\u200bA mais recente onda de processos de cassa\u00e7\u00e3o contra Renato Freitas surge no final de 2025, desta vez na <strong>Assembleia Legislativa do Paran\u00e1 (Alep)<\/strong>. As solicita\u00e7\u00f5es vieram ap\u00f3s um v\u00eddeo viralizado em que o parlamentar se envolveu em uma briga de rua no centro de Curitiba, tendo o nariz fraturado.<\/p>\n\n\n\n<ul class=\"wp-block-list\">\n<li>\u200b<strong>O Contexto da Briga:<\/strong> A defesa de Freitas e o Partido dos Trabalhadores (PT) afirmam que o deputado foi v\u00edtima de <strong>agress\u00e3o e inj\u00faria racial<\/strong>, tendo revidado ap\u00f3s ter sido provocado e agredido. Novas imagens e controv\u00e9rsias sobre quem iniciou o confronto se seguiram, com o deputado alegando inclusive que um ve\u00edculo tentou atropel\u00e1-lo e que foi alvo de ofensas racistas.<\/li>\n\n\n\n<li>\u200b<strong>A Rea\u00e7\u00e3o Pol\u00edtica:<\/strong> Rapidamente, a Alep recebeu <strong>quatro pedidos de cassa\u00e7\u00e3o<\/strong> (e depois o n\u00famero subiu para oito den\u00fancias) do mandato de Freitas por quebra de decoro parlamentar, que foram encaminhados ao Conselho de \u00c9tica.<\/li>\n\n\n\n<li>\u200b<strong>O Hist\u00f3rico do Medo Pol\u00edtico:<\/strong> H\u00e1 uma avalia\u00e7\u00e3o interna na Alep, segundo fontes, de que os processos podem resultar em &#8220;pizza&#8221;, uma vez que h\u00e1 falta de disposi\u00e7\u00e3o para assumir um desgaste pol\u00edtico t\u00e3o pr\u00f3ximo das conven\u00e7\u00f5es partid\u00e1rias. O hist\u00f3rico da C\u00e2mara de Curitiba, onde a cassa\u00e7\u00e3o acabou revertida e impulsionou Freitas para a Assembleia, serve como um alerta.<\/li>\n<\/ul>\n\n\n\n<h3 class=\"wp-block-heading\">\u200b\ud83c\udfaf A pauta racial em destaque e o impacto internacional<\/h3>\n\n\n\n<p class=\"wp-block-paragraph\">\u200bA persegui\u00e7\u00e3o a Renato Freitas n\u00e3o \u00e9 apenas um caso isolado da pol\u00edtica paranaense. A situa\u00e7\u00e3o atraiu aten\u00e7\u00e3o internacional, como reportado pelo jornal brit\u00e2nico <strong>The Guardian<\/strong>, destacando a dificuldade de Curitiba em aceitar um l\u00edder negro e combativo.<\/p>\n\n\n\n<p class=\"wp-block-paragraph\">\u200bEm entrevista anterior, o pr\u00f3prio Freitas expressou o que muitos especialistas apontam: &#8220;\u00c9 mais f\u00e1cil voc\u00ea se tornar presidente do Brasil do que prefeito de Curitiba, porque o pa\u00eds n\u00e3o \u00e9 t\u00e3o hostil para algu\u00e9m como eu igual essa cidade \u00e9&#8221;. Essa fala, repercutida globalmente, coloca em xeque a imagem de Curitiba como uma cidade progressista, expondo o <strong>racismo estrutural<\/strong> que parece motivar as incessantes tentativas de silenciamento.<\/p>\n\n\n\n<p class=\"wp-block-paragraph\">\u200bA cassa\u00e7\u00e3o original, em 2022, ocorreu ap\u00f3s Freitas e manifestantes entrarem na Igreja Nossa Senhora do Ros\u00e1rio dos Pretos durante um protesto contra a morte do congol\u00eas <strong>Mo\u00efse Kabagambe<\/strong>, v\u00edtima de espancamento no Rio de Janeiro. A acusa\u00e7\u00e3o de &#8220;perturba\u00e7\u00e3o de culto&#8221; foi veementemente recha\u00e7ada pela defesa e, posteriormente, anulada pela Justi\u00e7a, que reconheceu a motiva\u00e7\u00e3o pol\u00edtica e, segundo a desembargadora Maria Aparecida Blanco do Tribunal de Justi\u00e7a do Paran\u00e1, a &#8220;sanha punitivista e racista&#8221; contra ele.<\/p>\n\n\n\n<h3 class=\"wp-block-heading\">\u200b\u2696\ufe0f O futuro da persegui\u00e7\u00e3o<\/h3>\n\n\n\n<p class=\"wp-block-paragraph\">\u200bAtualmente, o mandato de Renato Freitas na Alep est\u00e1 sob an\u00e1lise do Conselho de \u00c9tica e Decoro, que deve emitir um parecer em breve. Se o deputado for punido com a perda de mandato por quebra de decoro, ele pode ficar <strong>ineleg\u00edvel por oito anos<\/strong>, o que o tiraria da disputa nas elei\u00e7\u00f5es de 2026.<\/p>\n\n\n\n<p class=\"wp-block-paragraph\">\u200bAs cont\u00ednuas investidas contra Freitas, sejam elas na C\u00e2mara Municipal ou na Assembleia Legislativa, refor\u00e7am a tese de que o embate pol\u00edtico se transcende, tornando-se uma <strong>resist\u00eancia do <\/strong><em><strong>establishment<\/strong><\/em> contra a ascens\u00e3o de vozes progressistas e, em especial, negras, que desafiam o <em>status quo<\/em> de uma das capitais mais brancas do pa\u00eds.<\/p>\n","protected":false},"excerpt":{"rendered":"<p>Curitiba, com seus mais de 300 anos de hist\u00f3ria, presenciou em 2022 um marco in\u00e9dito e controverso: a primeira cassa\u00e7\u00e3o de um vereador, Renato Freitas [&#8230;]<\/p>\n","protected":false},"author":1,"featured_media":174,"comment_status":"open","ping_status":"open","sticky":false,"template":"","format":"standard","meta":{"_crdt_document":"","_jetpack_memberships_contains_paid_content":false,"footnotes":"","jetpack_publicize_message":"","jetpack_publicize_feature_enabled":true,"jetpack_social_post_already_shared":false,"jetpack_social_options":{"image_generator_settings":{"template":"highway","default_image_id":0,"font":"","enabled":false},"version":2}},"categories":[5],"tags":[],"class_list":["post-173","post","type-post","status-publish","format-standard","has-post-thumbnail","hentry","category-parana"],"jetpack_publicize_connections":[],"jetpack_featured_media_url":"https:\/\/i0.wp.com\/oexpressobr.com.br\/wp-content\/uploads\/2025\/12\/logo-projeto-aurora4.webp?fit=500%2C500&ssl=1","jetpack_likes_enabled":true,"jetpack_sharing_enabled":true,"_links":{"self":[{"href":"https:\/\/oexpressobr.com.br\/index.php?rest_route=\/wp\/v2\/posts\/173","targetHints":{"allow":["GET"]}}],"collection":[{"href":"https:\/\/oexpressobr.com.br\/index.php?rest_route=\/wp\/v2\/posts"}],"about":[{"href":"https:\/\/oexpressobr.com.br\/index.php?rest_route=\/wp\/v2\/types\/post"}],"author":[{"embeddable":true,"href":"https:\/\/oexpressobr.com.br\/index.php?rest_route=\/wp\/v2\/users\/1"}],"replies":[{"embeddable":true,"href":"https:\/\/oexpressobr.com.br\/index.php?rest_route=%2Fwp%2Fv2%2Fcomments&post=173"}],"version-history":[{"count":0,"href":"https:\/\/oexpressobr.com.br\/index.php?rest_route=\/wp\/v2\/posts\/173\/revisions"}],"wp:featuredmedia":[{"embeddable":true,"href":"https:\/\/oexpressobr.com.br\/index.php?rest_route=\/wp\/v2\/media\/174"}],"wp:attachment":[{"href":"https:\/\/oexpressobr.com.br\/index.php?rest_route=%2Fwp%2Fv2%2Fmedia&parent=173"}],"wp:term":[{"taxonomy":"category","embeddable":true,"href":"https:\/\/oexpressobr.com.br\/index.php?rest_route=%2Fwp%2Fv2%2Fcategories&post=173"},{"taxonomy":"post_tag","embeddable":true,"href":"https:\/\/oexpressobr.com.br\/index.php?rest_route=%2Fwp%2Fv2%2Ftags&post=173"}],"curies":[{"name":"wp","href":"https:\/\/api.w.org\/{rel}","templated":true}]}}