{"id":1737,"date":"2026-01-12T06:34:26","date_gmt":"2026-01-12T09:34:26","guid":{"rendered":"https:\/\/oexpressobr.com.br\/?p=1737"},"modified":"2026-01-12T06:34:27","modified_gmt":"2026-01-12T09:34:27","slug":"tecnicos-de-enfermagem-denunciam-assedio-moral-e-condicoes-insalubres-no-hospital-regional-do-litoral-hrl","status":"publish","type":"post","link":"https:\/\/oexpressobr.com.br\/?p=1737","title":{"rendered":"T\u00e9cnicos de enfermagem denunciam ass\u00e9dio moral e condi\u00e7\u00f5es insalubres no Hospital Regional do Litoral (HRL)"},"content":{"rendered":"\n<p class=\"wp-block-paragraph\">Uma s\u00e9rie de den\u00fancias graves vindas de profissionais do <strong>Hospital Regional do Litoral (HRL)<\/strong> exp\u00f5e um cen\u00e1rio de profunda crise humanit\u00e1ria e trabalhista na institui\u00e7\u00e3o. Relatos obtidos com exclusividade revelam que t\u00e9cnicos de enfermagem estariam submetidos a regimes de trabalho an\u00e1logos \u00e0 tortura psicol\u00f3gica, falta de insumos b\u00e1sicos e manobras contratuais que impedem o direito constitucional ao descanso.<\/p>\n\n\n\n<h3 class=\"wp-block-heading\">\u200bO &#8220;C\u00e1rcere&#8221; do Cuidado: Ass\u00e9dio e Priva\u00e7\u00e3o<\/h3>\n\n\n\n<p class=\"wp-block-paragraph\">\u200bNo centro das acusa\u00e7\u00f5es de ass\u00e9dio moral est\u00e1 uma enfermeira da cl\u00ednica m\u00e9dica, identificada pelas iniciais <strong>R.A.<\/strong> Segundo os relatos, a profissional imp\u00f5e um regime de medo, proibindo a equipe de sentar-se durante o plant\u00e3o de 12 horas e cerceando o intervalo para refei\u00e7\u00e3o.<\/p>\n\n\n\n<blockquote class=\"wp-block-quote is-layout-flow wp-block-quote-is-layout-flow\">\n<p class=\"wp-block-paragraph\">\u200b\u201cTrabalhamos sob amea\u00e7a constante. Se sentarmos, h\u00e1 consequ\u00eancias\u201d, afirma um denunciante que prefere o anonimato por medo de demiss\u00e3o.<\/p>\n<\/blockquote>\n\n\n\n<p class=\"wp-block-paragraph\">\u200bAl\u00e9m da press\u00e3o psicol\u00f3gica, os trabalhadores enfrentam condi\u00e7\u00f5es f\u00edsicas extremas. Sem climatiza\u00e7\u00e3o adequada em uma regi\u00e3o de altas temperaturas, t\u00e9cnicos relatam o uso de toalhas molhadas no pesco\u00e7o para evitar desmaios, enquanto goteiras de ar-condicionados formam po\u00e7as nos quartos dos pacientes.<\/p>\n\n\n\n<h3 class=\"wp-block-heading\">\u200bInsumos do Pr\u00f3prio Bolso e Precariza\u00e7\u00e3o<\/h3>\n\n\n\n<p class=\"wp-block-paragraph\">\u200bA crise estrutural do HRL, gerido pela <strong>FUNEAS (Funda\u00e7\u00e3o Estatal de Aten\u00e7\u00e3o em Sa\u00fade do Paran\u00e1)<\/strong>, obriga profissionais a levarem materiais de higiene de suas pr\u00f3prias casas para garantir o atendimento m\u00ednimo aos pacientes.<\/p>\n\n\n\n<p class=\"wp-block-paragraph\">\u200b<strong>Os principais pontos da crise trabalhista incluem:<\/strong><\/p>\n\n\n\n<ul class=\"wp-block-list\">\n<li>\u200b<strong>Rotatividade Programada:<\/strong> Troca de empresas terceirizadas a cada seis meses para evitar o ac\u00famulo de tempo para f\u00e9rias.<\/li>\n\n\n\n<li>\u200b<strong>Revistas Invasivas:<\/strong> Relatos de abertura de bolsas particulares pela chefia sem autoriza\u00e7\u00e3o legal.<\/li>\n\n\n\n<li>\u200b<strong>Sa\u00fade Mental em Colapso:<\/strong> Men\u00e7\u00f5es a casos de depress\u00e3o profunda e men\u00e7\u00e3o a um epis\u00f3dio de suic\u00eddio na categoria.<\/li>\n<\/ul>\n\n\n\n<h3 class=\"wp-block-heading\">\u200bO Embate Sindical e a Resposta das Autoridades<\/h3>\n\n\n\n<p class=\"wp-block-paragraph\">\u200bA den\u00fancia tamb\u00e9m atinge o <strong>SINDEESP<\/strong>. O presidente da entidade, <strong>Jaime da Sa\u00fade<\/strong>, \u00e9 acusado por trabalhadores de omiss\u00e3o e falta de representatividade. Em nota oficial, Jaime defendeu-se afirmando que o sindicato possui dezenas de a\u00e7\u00f5es judiciais e que n\u00e3o recebeu &#8220;comunica\u00e7\u00e3o oficial&#8221; sobre este caso espec\u00edfico, destacando ainda que o <strong>SINDSA\u00daDE<\/strong> tamb\u00e9m divide a representa\u00e7\u00e3o dos trabalhadores no local.<\/p>\n\n\n\n<p class=\"wp-block-paragraph\">\u200b<strong>Contexto Atualizado:<\/strong><\/p>\n\n\n\n<p class=\"wp-block-paragraph\">Recentes fiscaliza\u00e7\u00f5es do <strong>Conselho Regional de Enfermagem do Paran\u00e1 (Coren-PR)<\/strong> em hospitais do estado t\u00eam apontado o dimensionamento inadequado de pessoal como um problema cr\u00f4nico. No caso do HRL, a SESA (Secretaria de Estado da Sa\u00fade) tem sido questionada sobre a manuten\u00e7\u00e3o predial e a fiscaliza\u00e7\u00e3o dos contratos de terceiriza\u00e7\u00e3o. At\u00e9 o momento, a SESA e a dire\u00e7\u00e3o do hospital n\u00e3o emitiram um posicionamento oficial sobre as novas acusa\u00e7\u00f5es de maus-tratos.<\/p>\n\n\n\n<h3 class=\"wp-block-heading\">\u200bPr\u00f3ximos Passos<\/h3>\n\n\n\n<p class=\"wp-block-paragraph\">\u200bO caso deve ser encaminhado ao <strong>Minist\u00e9rio P\u00fablico do Trabalho (MPT)<\/strong>. A gravidade dos fatos \u2014 que une ass\u00e9dio moral, viola\u00e7\u00e3o de normas de seguran\u00e7a do trabalho e poss\u00edvel neglig\u00eancia assistencial \u2014 exige uma interven\u00e7\u00e3o imediata dos \u00f3rg\u00e3os de controle.<\/p>\n","protected":false},"excerpt":{"rendered":"<p>Uma s\u00e9rie de den\u00fancias graves vindas de profissionais do Hospital Regional do Litoral (HRL) exp\u00f5e um cen\u00e1rio de profunda crise humanit\u00e1ria e trabalhista na institui\u00e7\u00e3o. [&#8230;]<\/p>\n","protected":false},"author":1,"featured_media":1738,"comment_status":"open","ping_status":"open","sticky":false,"template":"","format":"standard","meta":{"_crdt_document":"","_jetpack_memberships_contains_paid_content":false,"footnotes":"","jetpack_publicize_message":"","jetpack_publicize_feature_enabled":true,"jetpack_social_post_already_shared":true,"jetpack_social_options":{"image_generator_settings":{"template":"highway","default_image_id":0,"font":"","enabled":false},"version":2}},"categories":[5],"tags":[],"class_list":["post-1737","post","type-post","status-publish","format-standard","has-post-thumbnail","hentry","category-parana"],"jetpack_publicize_connections":[],"jetpack_featured_media_url":"https:\/\/i0.wp.com\/oexpressobr.com.br\/wp-content\/uploads\/2026\/01\/ENFERMEIROS.jpg?fit=880%2C481&ssl=1","jetpack_likes_enabled":true,"jetpack_sharing_enabled":true,"_links":{"self":[{"href":"https:\/\/oexpressobr.com.br\/index.php?rest_route=\/wp\/v2\/posts\/1737","targetHints":{"allow":["GET"]}}],"collection":[{"href":"https:\/\/oexpressobr.com.br\/index.php?rest_route=\/wp\/v2\/posts"}],"about":[{"href":"https:\/\/oexpressobr.com.br\/index.php?rest_route=\/wp\/v2\/types\/post"}],"author":[{"embeddable":true,"href":"https:\/\/oexpressobr.com.br\/index.php?rest_route=\/wp\/v2\/users\/1"}],"replies":[{"embeddable":true,"href":"https:\/\/oexpressobr.com.br\/index.php?rest_route=%2Fwp%2Fv2%2Fcomments&post=1737"}],"version-history":[{"count":1,"href":"https:\/\/oexpressobr.com.br\/index.php?rest_route=\/wp\/v2\/posts\/1737\/revisions"}],"predecessor-version":[{"id":1739,"href":"https:\/\/oexpressobr.com.br\/index.php?rest_route=\/wp\/v2\/posts\/1737\/revisions\/1739"}],"wp:featuredmedia":[{"embeddable":true,"href":"https:\/\/oexpressobr.com.br\/index.php?rest_route=\/wp\/v2\/media\/1738"}],"wp:attachment":[{"href":"https:\/\/oexpressobr.com.br\/index.php?rest_route=%2Fwp%2Fv2%2Fmedia&parent=1737"}],"wp:term":[{"taxonomy":"category","embeddable":true,"href":"https:\/\/oexpressobr.com.br\/index.php?rest_route=%2Fwp%2Fv2%2Fcategories&post=1737"},{"taxonomy":"post_tag","embeddable":true,"href":"https:\/\/oexpressobr.com.br\/index.php?rest_route=%2Fwp%2Fv2%2Ftags&post=1737"}],"curies":[{"name":"wp","href":"https:\/\/api.w.org\/{rel}","templated":true}]}}