{"id":1753,"date":"2026-01-12T07:45:04","date_gmt":"2026-01-12T10:45:04","guid":{"rendered":"https:\/\/oexpressobr.com.br\/?p=1753"},"modified":"2026-01-12T07:45:05","modified_gmt":"2026-01-12T10:45:05","slug":"mpf-arquiva-investigacao-sobre-supostos-sosias-de-lula-no-palacio-do-planalto","status":"publish","type":"post","link":"https:\/\/oexpressobr.com.br\/?p=1753","title":{"rendered":"MPF arquiva investiga\u00e7\u00e3o sobre supostos s\u00f3sias de Lula no Pal\u00e1cio do Planalto"},"content":{"rendered":"\n<p class=\"wp-block-paragraph\">O <strong>Minist\u00e9rio P\u00fablico Federal (MPF)<\/strong> decidiu pelo arquivamento definitivo de uma not\u00edcia de fato inusitada que tramitava no \u00f3rg\u00e3o. A investiga\u00e7\u00e3o buscava apurar uma den\u00fancia an\u00f4nima que afirmava que o presidente <strong>Luiz In\u00e1cio Lula da Silva<\/strong> teria falecido e estaria sendo substitu\u00eddo por &#8220;s\u00f3sias&#8221; e atores em eventos oficiais da Presid\u00eancia da Rep\u00fablica.<\/p>\n\n\n\n<h3 class=\"wp-block-heading\">\u200bDetalhes da den\u00fancia e decis\u00e3o t\u00e9cnica<\/h3>\n\n\n\n<p class=\"wp-block-paragraph\">\u200bA den\u00fancia, classificada pelos investigadores como &#8220;totalmente desprovida de fundamenta\u00e7\u00e3o&#8221;, alegava uma complexa trama de corrup\u00e7\u00e3o e substitui\u00e7\u00e3o de identidade. Segundo o relato enviado ao MPF, o governo estaria utilizando tecnologias de <strong>Intelig\u00eancia Artificial (IA)<\/strong> e &#8220;vozes implantadas&#8221; para simular a presen\u00e7a de Lula em compromissos p\u00fablicos.<\/p>\n\n\n\n<p class=\"wp-block-paragraph\">\u200bNo despacho de arquivamento, os procuradores destacaram os seguintes pontos:<\/p>\n\n\n\n<ul class=\"wp-block-list\">\n<li>\u200b<strong>Falta de provas:<\/strong> N\u00e3o foi apresentado nenhum documento, v\u00eddeo ou evid\u00eancia m\u00ednima que sustentasse a tese.<\/li>\n\n\n\n<li>\u200b<strong>Inviabilidade l\u00f3gica:<\/strong> O relato foi descrito como uma teoria conspirat\u00f3ria sem qualquer credibilidade.<\/li>\n\n\n\n<li>\u200b<strong>Uso de recursos p\u00fablicos:<\/strong> A decis\u00e3o enfatizou que a an\u00e1lise de den\u00fancias sem fundamento consome tempo e recursos preciosos do sistema judici\u00e1rio.<\/li>\n<\/ul>\n\n\n\n<h3 class=\"wp-block-heading\">\u200bContexto das Fake News<\/h3>\n\n\n\n<p class=\"wp-block-paragraph\">\u200bTeorias sobre s\u00f3sias de l\u00edderes pol\u00edticos n\u00e3o s\u00e3o raras em ambientes de forte polariza\u00e7\u00e3o digital. No caso de Lula, boatos similares ganharam for\u00e7a em redes sociais como X (antigo Twitter) e TikTok ao longo de 2024 e 2025, muitas vezes utilizando v\u00eddeos fora de contexto ou edi\u00e7\u00f5es digitais para sugerir diferen\u00e7as f\u00edsicas no presidente.<\/p>\n\n\n\n<blockquote class=\"wp-block-quote is-layout-flow wp-block-quote-is-layout-flow\">\n<p class=\"wp-block-paragraph\">\u200b&#8221;Evidentemente, o relato n\u00e3o merece qualquer credibilidade, estando totalmente desprovido de fundamenta\u00e7\u00e3o&#8221;, afirmou o Minist\u00e9rio P\u00fablico no documento de encerramento do caso.<\/p>\n<\/blockquote>\n\n\n\n<h3 class=\"wp-block-heading\">\u200bOutros arquivamentos recentes envolvendo a Presid\u00eancia<\/h3>\n\n\n\n<p class=\"wp-block-paragraph\">\u200bO arquivamento desta den\u00fancia ocorre em um momento em que o MPF tem filtrado diversas representa\u00e7\u00f5es contra o governo. Recentemente, outros procedimentos foram encerrados:<\/p>\n\n\n\n<ol class=\"wp-block-list\">\n<li>\u200b<strong>Gastos com alimenta\u00e7\u00e3o:<\/strong> Investiga\u00e7\u00f5es sobre contratos de buffet no Alvorada que n\u00e3o apresentaram irregularidades.<\/li>\n\n\n\n<li>\u200b<strong>Transpar\u00eancia de assessores:<\/strong> Esclarecimentos sobre a equipe da primeira-dama, Janja da Silva, que tamb\u00e9m foram alvo de questionamentos de \u00f3rg\u00e3os de controle.<\/li>\n<\/ol>\n\n\n\n<p class=\"wp-block-paragraph\">\u200bCom o encerramento desta not\u00edcia de fato, o caso \u00e9 considerado juridicamente morto, permanecendo apenas como um registro do impacto das teorias da conspira\u00e7\u00e3o no fluxo de trabalho das institui\u00e7\u00f5es p\u00fablicas brasileiras.<\/p>\n","protected":false},"excerpt":{"rendered":"<p>O Minist\u00e9rio P\u00fablico Federal (MPF) decidiu pelo arquivamento definitivo de uma not\u00edcia de fato inusitada que tramitava no \u00f3rg\u00e3o. A investiga\u00e7\u00e3o buscava apurar uma den\u00fancia [&#8230;]<\/p>\n","protected":false},"author":1,"featured_media":1754,"comment_status":"open","ping_status":"open","sticky":false,"template":"","format":"standard","meta":{"_crdt_document":"","_jetpack_memberships_contains_paid_content":false,"footnotes":"","jetpack_publicize_message":"","jetpack_publicize_feature_enabled":true,"jetpack_social_post_already_shared":true,"jetpack_social_options":{"image_generator_settings":{"template":"highway","default_image_id":0,"font":"","enabled":false},"version":2}},"categories":[8],"tags":[],"class_list":["post-1753","post","type-post","status-publish","format-standard","has-post-thumbnail","hentry","category-judiciario"],"jetpack_publicize_connections":[],"jetpack_featured_media_url":"https:\/\/i0.wp.com\/oexpressobr.com.br\/wp-content\/uploads\/2026\/01\/jean.jpg?fit=414%2C280&ssl=1","jetpack_likes_enabled":true,"jetpack_sharing_enabled":true,"_links":{"self":[{"href":"https:\/\/oexpressobr.com.br\/index.php?rest_route=\/wp\/v2\/posts\/1753","targetHints":{"allow":["GET"]}}],"collection":[{"href":"https:\/\/oexpressobr.com.br\/index.php?rest_route=\/wp\/v2\/posts"}],"about":[{"href":"https:\/\/oexpressobr.com.br\/index.php?rest_route=\/wp\/v2\/types\/post"}],"author":[{"embeddable":true,"href":"https:\/\/oexpressobr.com.br\/index.php?rest_route=\/wp\/v2\/users\/1"}],"replies":[{"embeddable":true,"href":"https:\/\/oexpressobr.com.br\/index.php?rest_route=%2Fwp%2Fv2%2Fcomments&post=1753"}],"version-history":[{"count":1,"href":"https:\/\/oexpressobr.com.br\/index.php?rest_route=\/wp\/v2\/posts\/1753\/revisions"}],"predecessor-version":[{"id":1755,"href":"https:\/\/oexpressobr.com.br\/index.php?rest_route=\/wp\/v2\/posts\/1753\/revisions\/1755"}],"wp:featuredmedia":[{"embeddable":true,"href":"https:\/\/oexpressobr.com.br\/index.php?rest_route=\/wp\/v2\/media\/1754"}],"wp:attachment":[{"href":"https:\/\/oexpressobr.com.br\/index.php?rest_route=%2Fwp%2Fv2%2Fmedia&parent=1753"}],"wp:term":[{"taxonomy":"category","embeddable":true,"href":"https:\/\/oexpressobr.com.br\/index.php?rest_route=%2Fwp%2Fv2%2Fcategories&post=1753"},{"taxonomy":"post_tag","embeddable":true,"href":"https:\/\/oexpressobr.com.br\/index.php?rest_route=%2Fwp%2Fv2%2Ftags&post=1753"}],"curies":[{"name":"wp","href":"https:\/\/api.w.org\/{rel}","templated":true}]}}