{"id":176,"date":"2025-12-01T14:13:44","date_gmt":"2025-12-01T17:13:44","guid":{"rendered":"https:\/\/oexpressobr.com.br\/?p=176"},"modified":"2025-12-01T14:13:44","modified_gmt":"2025-12-01T17:13:44","slug":"homem-morto-por-leoa-tinha-esquizofrenia-e-foi-vitima-de-descaso-estatal-diz-conselheira-tutelar","status":"publish","type":"post","link":"https:\/\/oexpressobr.com.br\/?p=176","title":{"rendered":"Homem Morto por Leoa Tinha Esquizofrenia e Foi V\u00edtima de Descaso Estatal, Diz Conselheira Tutelar"},"content":{"rendered":"\n<p class=\"wp-block-paragraph\">\u200bA tr\u00e1gica morte de um homem atacado por uma leoa no Parque Zoobot\u00e2nico Arruda C\u00e2mara (Bica), em Jo\u00e3o Pessoa, Para\u00edba, no \u00faltimo domingo (30), trouxe \u00e0 tona n\u00e3o apenas o horror do incidente, mas tamb\u00e9m uma grave den\u00fancia de falha do poder p\u00fablico. A v\u00edtima, identificada apenas como &#8220;Vaqueirinho&#8221;, de 19 anos, era portadora de <strong>esquizofrenia<\/strong> e, segundo relatos, havia sido tratada com <strong>descaso pelo Estado<\/strong> em rela\u00e7\u00e3o \u00e0 sua sa\u00fade mental.<\/p>\n\n\n\n<h3 class=\"wp-block-heading\">\u200b<strong>Descaso com a Sa\u00fade Mental<\/strong><\/h3>\n\n\n\n<p class=\"wp-block-paragraph\">\u200bA conselheira tutelar respons\u00e1vel pelo acompanhamento da v\u00edtima, cujo nome n\u00e3o foi divulgado, afirmou que o jovem, que tamb\u00e9m tinha hist\u00f3rico de passagem pelo sistema prisional, n\u00e3o recebeu o suporte e tratamento adequados para sua condi\u00e7\u00e3o psiqui\u00e1trica. A alega\u00e7\u00e3o aponta para uma lacuna cr\u00edtica na rede de assist\u00eancia \u00e0 sa\u00fade mental e social da capital paraibana.<\/p>\n\n\n\n<p class=\"wp-block-paragraph\">\u200b&#8221;Vaqueirinho&#8221; havia sido solto da pris\u00e3o na sexta-feira (28), apenas dois dias antes da trag\u00e9dia, ap\u00f3s ser detido duas vezes no mesmo dia por atos de vandalismo, como o apedrejamento de uma viatura da Pol\u00edcia Militar. Segundo a per\u00edcia da Pol\u00edcia Civil, a invas\u00e3o do recinto da leoa, que possui uma barreira de seguran\u00e7a de mais de 6 metros, \u00e9 investigada como um poss\u00edvel <strong>ato de suic\u00eddio<\/strong>.<\/p>\n\n\n\n<h3 class=\"wp-block-heading\">\u200b<strong>Detalhes da Invas\u00e3o e a Leoa<\/strong><\/h3>\n\n\n\n<p class=\"wp-block-paragraph\">\u200bV\u00eddeos chocantes feitos por visitantes do zool\u00f3gico mostram o momento em que o jovem escala a estrutura lateral da jaula, desce em uma \u00e1rvore e \u00e9 atacado pela leoa. O Parque Zoobot\u00e2nico Arruda C\u00e2mara foi imediatamente fechado por tempo indeterminado para que as investiga\u00e7\u00f5es e os procedimentos oficiais continuem.<\/p>\n\n\n\n<p class=\"wp-block-paragraph\">\u200bA leoa, que n\u00e3o foi sacrificada, demonstrou um alto n\u00edvel de estresse e choque ap\u00f3s o ocorrido, o que dificultou sua recondu\u00e7\u00e3o ao recinto sem o uso de armas de fogo ou tranquilizantes. O Bica, por meio da Secretaria de Meio Ambiente (Semam), lamentou o ocorrido e manifestou solidariedade \u00e0 fam\u00edlia da v\u00edtima, ao mesmo tempo em que garantiu que a seguran\u00e7a do recinto atendia \u00e0s normas t\u00e9cnicas.<\/p>\n\n\n\n<h3 class=\"wp-block-heading\">\u200b<strong>Repercuss\u00e3o e Falta de Suporte<\/strong><\/h3>\n\n\n\n<p class=\"wp-block-paragraph\">\u200bO caso exp\u00f5e a vulnerabilidade de pessoas com transtornos mentais que vivem em situa\u00e7\u00e3o de rua ou em condi\u00e7\u00f5es de risco social, muitas vezes sem o acesso cont\u00ednuo a medicamentos, terapias e acompanhamento profissional. A conselheira tutelar reitera que a falta de interven\u00e7\u00e3o eficaz e humanizada do Estado culminou na perda tr\u00e1gica da vida de &#8220;Vaqueirinho&#8221;. A prefeitura de Jo\u00e3o Pessoa se limitou a dizer que colabora com as autoridades competentes para apurar as circunst\u00e2ncias do fato.<\/p>\n\n\n\n<p class=\"wp-block-paragraph\">\u200bA morte do jovem ressalta a urg\u00eancia de uma pol\u00edtica p\u00fablica mais robusta e eficiente para a sa\u00fade mental, especialmente no suporte a egressos do sistema prisional e indiv\u00edduos com transtornos psiqui\u00e1tricos graves.<\/p>\n","protected":false},"excerpt":{"rendered":"<p>\u200bA tr\u00e1gica morte de um homem atacado por uma leoa no Parque Zoobot\u00e2nico Arruda C\u00e2mara (Bica), em Jo\u00e3o Pessoa, Para\u00edba, no \u00faltimo domingo (30), trouxe [&#8230;]<\/p>\n","protected":false},"author":1,"featured_media":177,"comment_status":"open","ping_status":"open","sticky":false,"template":"","format":"standard","meta":{"_crdt_document":"","_jetpack_memberships_contains_paid_content":false,"footnotes":"","jetpack_publicize_message":"","jetpack_publicize_feature_enabled":true,"jetpack_social_post_already_shared":false,"jetpack_social_options":{"image_generator_settings":{"template":"highway","default_image_id":0,"font":"","enabled":false},"version":2}},"categories":[9],"tags":[],"class_list":["post-176","post","type-post","status-publish","format-standard","has-post-thumbnail","hentry","category-policia"],"jetpack_publicize_connections":[],"jetpack_featured_media_url":"https:\/\/i0.wp.com\/oexpressobr.com.br\/wp-content\/uploads\/2025\/12\/IMG-20251201-WA0241.jpg?fit=1200%2C868&ssl=1","jetpack_likes_enabled":true,"jetpack_sharing_enabled":true,"_links":{"self":[{"href":"https:\/\/oexpressobr.com.br\/index.php?rest_route=\/wp\/v2\/posts\/176","targetHints":{"allow":["GET"]}}],"collection":[{"href":"https:\/\/oexpressobr.com.br\/index.php?rest_route=\/wp\/v2\/posts"}],"about":[{"href":"https:\/\/oexpressobr.com.br\/index.php?rest_route=\/wp\/v2\/types\/post"}],"author":[{"embeddable":true,"href":"https:\/\/oexpressobr.com.br\/index.php?rest_route=\/wp\/v2\/users\/1"}],"replies":[{"embeddable":true,"href":"https:\/\/oexpressobr.com.br\/index.php?rest_route=%2Fwp%2Fv2%2Fcomments&post=176"}],"version-history":[{"count":0,"href":"https:\/\/oexpressobr.com.br\/index.php?rest_route=\/wp\/v2\/posts\/176\/revisions"}],"wp:featuredmedia":[{"embeddable":true,"href":"https:\/\/oexpressobr.com.br\/index.php?rest_route=\/wp\/v2\/media\/177"}],"wp:attachment":[{"href":"https:\/\/oexpressobr.com.br\/index.php?rest_route=%2Fwp%2Fv2%2Fmedia&parent=176"}],"wp:term":[{"taxonomy":"category","embeddable":true,"href":"https:\/\/oexpressobr.com.br\/index.php?rest_route=%2Fwp%2Fv2%2Fcategories&post=176"},{"taxonomy":"post_tag","embeddable":true,"href":"https:\/\/oexpressobr.com.br\/index.php?rest_route=%2Fwp%2Fv2%2Ftags&post=176"}],"curies":[{"name":"wp","href":"https:\/\/api.w.org\/{rel}","templated":true}]}}