{"id":1763,"date":"2026-01-13T05:07:53","date_gmt":"2026-01-13T08:07:53","guid":{"rendered":"https:\/\/oexpressobr.com.br\/?p=1763"},"modified":"2026-01-13T05:08:02","modified_gmt":"2026-01-13T08:08:02","slug":"wagner-moura-a-trajetoria-do-astro-brasileiro-rumo-ao-protagonismo-em-hollywood-e-as-politicas-que-impulsionaram-sua-carreira","status":"publish","type":"post","link":"https:\/\/oexpressobr.com.br\/?p=1763","title":{"rendered":"Wagner Moura: a trajet\u00f3ria do astro brasileiro rumo ao protagonismo em Hollywood e as pol\u00edticas que impulsionaram sua carreira"},"content":{"rendered":"\n<p class=\"wp-block-paragraph\">\u200bA ascens\u00e3o de <strong>Wagner Moura<\/strong> ao pante\u00e3o das estrelas globais n\u00e3o \u00e9 apenas o triunfo de um talento individual, mas o resultado de um ecossistema cultural que permitiu a um jornalista baiano transformar-se em um dos nomes mais respeitados da ind\u00fastria audiovisual mundial. Com proje\u00e7\u00f5es otimistas para a temporada de premia\u00e7\u00f5es de <strong>2026<\/strong>, Moura consolida-se como o principal rosto da &#8220;retomada da retomada&#8221; do cinema brasileiro.<\/p>\n\n\n\n<h3 class=\"wp-block-heading\">\u200bDo Bando de Teatro Olodum aos palcos do mundo<\/h3>\n\n\n\n<p class=\"wp-block-paragraph\">\u200bA carreira de Moura est\u00e1 intrinsecamente ligada ao investimento em <strong>cultura regional<\/strong>. Sua forma\u00e7\u00e3o no <strong>Bando de Teatro Olodum<\/strong>, em Salvador, foi poss\u00edvel gra\u00e7as a pol\u00edticas de fomento \u00e0 cultura local que democratizaram o acesso \u00e0 arte no Nordeste.<\/p>\n\n\n\n<p class=\"wp-block-paragraph\">\u200bO salto para o reconhecimento nacional veio com o fen\u00f4meno <em>Tropa de Elite<\/em> (2007), filme financiado por mecanismos como a <strong>Lei do Audiovisual<\/strong> e a <strong>Lei Rouanet<\/strong>. Sem esses incentivos, que garantiram a estrutura de produ\u00e7\u00e3o necess\u00e1ria para um cinema de a\u00e7\u00e3o com qualidade t\u00e9cnica internacional, o Capit\u00e3o Nascimento \u2014 e, por consequ\u00eancia, o ator que o interpretou \u2014 talvez nunca tivesse atravessado fronteiras.<\/p>\n\n\n\n<h3 class=\"wp-block-heading\">\u200bA internacionaliza\u00e7\u00e3o e o papel do streaming<\/h3>\n\n\n\n<p class=\"wp-block-paragraph\">\u200bA transi\u00e7\u00e3o para Hollywood foi impulsionada pela s\u00e9rie <em>Narcos<\/em>, da Netflix, onde Moura interpretou Pablo Escobar. Este movimento exemplifica a nova era das pol\u00edticas de exporta\u00e7\u00e3o de talentos:<\/p>\n\n\n\n<ul class=\"wp-block-list\">\n<li>\u200b<strong>Coprodu\u00e7\u00f5es internacionais:<\/strong> Moura tem sido um defensor de parcerias entre produtoras brasileiras e estrangeiras, aproveitando editais da <strong>Ancine<\/strong> que estimulam o interc\u00e2mbio t\u00e9cnico e art\u00edstico.<\/li>\n\n\n\n<li>\u200b<strong>Voz Pol\u00edtica:<\/strong> Como embaixador da OIT (Organiza\u00e7\u00e3o Internacional do Trabalho), ele utiliza sua visibilidade para pautar direitos humanos, unindo arte e ativismo \u2014 uma marca registrada de sua carreira.<\/li>\n<\/ul>\n\n\n\n<h3 class=\"wp-block-heading\">\u200bAs novidades para 2026: foco no Oscar<\/h3>\n\n\n\n<p class=\"wp-block-paragraph\">\u200bAtualmente, o nome de Wagner Moura circula com for\u00e7a nos bastidores de Hollywood para o <strong>Oscar 2026<\/strong>. Ap\u00f3s sua aclamada dire\u00e7\u00e3o em <em>Marighella<\/em> e sua atua\u00e7\u00e3o marcante em produ\u00e7\u00f5es como <em>Guerra Civil<\/em> (A24), o ator est\u00e1 envolvido em projetos de alto escal\u00e3o:<\/p>\n\n\n\n<ol class=\"wp-block-list\">\n<li>\u200b<strong>Novos Projetos com a A24:<\/strong> Moura consolidou uma parceria com a produtora queridinha do Oscar, garantindo pap\u00e9is que fogem do estere\u00f3tipo do &#8220;vil\u00e3o latino&#8221;.<\/li>\n\n\n\n<li>\u200b<strong>Produ\u00e7\u00e3o Brasileira no Exterior:<\/strong> O ator tem trabalhado para levar hist\u00f3rias brasileiras com financiamento misto (p\u00fablico-privado) para o mercado global, fortalecendo a <strong>Lei Paulo Gustavo<\/strong> e a <strong>Lei Aldir Blanc 2<\/strong> como pilares que garantem que novos &#8220;Wagners&#8221; surjam nas periferias do Brasil.<\/li>\n<\/ol>\n","protected":false},"excerpt":{"rendered":"<p>\u200bA ascens\u00e3o de Wagner Moura ao pante\u00e3o das estrelas globais n\u00e3o \u00e9 apenas o triunfo de um talento individual, mas o resultado de um ecossistema [&#8230;]<\/p>\n","protected":false},"author":1,"featured_media":1764,"comment_status":"open","ping_status":"open","sticky":false,"template":"","format":"standard","meta":{"_crdt_document":"","_jetpack_memberships_contains_paid_content":false,"footnotes":"","jetpack_publicize_message":"","jetpack_publicize_feature_enabled":true,"jetpack_social_post_already_shared":true,"jetpack_social_options":{"image_generator_settings":{"template":"highway","default_image_id":0,"font":"","enabled":false},"version":2}},"categories":[14],"tags":[],"class_list":["post-1763","post","type-post","status-publish","format-standard","has-post-thumbnail","hentry","category-famosos"],"jetpack_publicize_connections":[],"jetpack_featured_media_url":"https:\/\/i0.wp.com\/oexpressobr.com.br\/wp-content\/uploads\/2026\/01\/1000802923-494x381-1.jpg?fit=494%2C381&ssl=1","jetpack_likes_enabled":true,"jetpack_sharing_enabled":true,"_links":{"self":[{"href":"https:\/\/oexpressobr.com.br\/index.php?rest_route=\/wp\/v2\/posts\/1763","targetHints":{"allow":["GET"]}}],"collection":[{"href":"https:\/\/oexpressobr.com.br\/index.php?rest_route=\/wp\/v2\/posts"}],"about":[{"href":"https:\/\/oexpressobr.com.br\/index.php?rest_route=\/wp\/v2\/types\/post"}],"author":[{"embeddable":true,"href":"https:\/\/oexpressobr.com.br\/index.php?rest_route=\/wp\/v2\/users\/1"}],"replies":[{"embeddable":true,"href":"https:\/\/oexpressobr.com.br\/index.php?rest_route=%2Fwp%2Fv2%2Fcomments&post=1763"}],"version-history":[{"count":1,"href":"https:\/\/oexpressobr.com.br\/index.php?rest_route=\/wp\/v2\/posts\/1763\/revisions"}],"predecessor-version":[{"id":1765,"href":"https:\/\/oexpressobr.com.br\/index.php?rest_route=\/wp\/v2\/posts\/1763\/revisions\/1765"}],"wp:featuredmedia":[{"embeddable":true,"href":"https:\/\/oexpressobr.com.br\/index.php?rest_route=\/wp\/v2\/media\/1764"}],"wp:attachment":[{"href":"https:\/\/oexpressobr.com.br\/index.php?rest_route=%2Fwp%2Fv2%2Fmedia&parent=1763"}],"wp:term":[{"taxonomy":"category","embeddable":true,"href":"https:\/\/oexpressobr.com.br\/index.php?rest_route=%2Fwp%2Fv2%2Fcategories&post=1763"},{"taxonomy":"post_tag","embeddable":true,"href":"https:\/\/oexpressobr.com.br\/index.php?rest_route=%2Fwp%2Fv2%2Ftags&post=1763"}],"curies":[{"name":"wp","href":"https:\/\/api.w.org\/{rel}","templated":true}]}}