{"id":1766,"date":"2026-01-13T05:20:12","date_gmt":"2026-01-13T08:20:12","guid":{"rendered":"https:\/\/oexpressobr.com.br\/?p=1766"},"modified":"2026-01-13T05:20:19","modified_gmt":"2026-01-13T08:20:19","slug":"camara-de-maringa-e-vereadores-retomam-sessoes-ordinarias-em-fevereiro-com-foco-em-orcamento-e-modernizacao","status":"publish","type":"post","link":"https:\/\/oexpressobr.com.br\/?p=1766","title":{"rendered":"\u200bC\u00e2mara de Maring\u00e1 e vereadores retomam sess\u00f5es ordin\u00e1rias em fevereiro com foco em or\u00e7amento e moderniza\u00e7\u00e3o"},"content":{"rendered":"\n<p class=\"wp-block-paragraph\">O Legislativo de Maring\u00e1 j\u00e1 tem data para retomar o ritmo total de suas atividades. No dia 03 de fevereiro, os 23 vereadores da 16\u00aa Legislatura encerram o recesso parlamentar e iniciam as sess\u00f5es ordin\u00e1rias de 2026. O retorno marca um ano estrat\u00e9gico para a cidade, que passa a operar sob um novo or\u00e7amento e com diretrizes de moderniza\u00e7\u00e3o administrativa aprovadas recentemente.<\/p>\n\n\n\n<h3 class=\"wp-block-heading\">\u200bPauta e prioridades para 2026<\/h3>\n\n\n\n<p class=\"wp-block-paragraph\">\u200bA retomada dos trabalhos acontece ap\u00f3s um per\u00edodo de sess\u00f5es extraordin\u00e1rias no final de 2025, onde temas cruciais foram deliberados. Entre as prioridades que devem pautar o in\u00edcio deste ano legislativo est\u00e3o o acompanhamento do Plano Plurianual (PPA) 2026-2029 e a execu\u00e7\u00e3o da Lei Or\u00e7ament\u00e1ria Anual (LOA). Para 2026, a C\u00e2mara Municipal conta com um or\u00e7amento previsto de R$ 72 milh\u00f5es, um ajuste de 24% voltado para investimentos em tecnologia, efici\u00eancia administrativa e a consolida\u00e7\u00e3o da estrutura dos gabinetes \u2014 que passou de 15 para 23 parlamentares no \u00faltimo ano.<\/p>\n\n\n\n<h3 class=\"wp-block-heading\">\u200bNovidades e inclus\u00e3o<\/h3>\n\n\n\n<p class=\"wp-block-paragraph\">\u200bMesmo durante o recesso, a Casa de Leis manteve atividades internas. Uma das novidades para este ano \u00e9 a amplia\u00e7\u00e3o da acessibilidade: a C\u00e2mara abriu cadastramento para profissionais de Libras, garantindo que todas as sess\u00f5es e audi\u00eancias p\u00fablicas de 2026 contem com tradu\u00e7\u00e3o simult\u00e2nea, refor\u00e7ando a inclus\u00e3o nos debates municipais.<\/p>\n\n\n\n<p class=\"wp-block-paragraph\">\u200bAl\u00e9m disso, a Procuradoria da Mulher inicia o ano com refor\u00e7o estrutural. A posse da nova assessora, Juliana Serafim da Silva, ocorrida no in\u00edcio de janeiro, promete intensificar as a\u00e7\u00f5es de defesa dos direitos femininos e o combate \u00e0 viol\u00eancia de g\u00eanero no \u00e2mbito municipal.<\/p>\n\n\n\n<h3 class=\"wp-block-heading\">\u200bO que esperar da primeira sess\u00e3o<\/h3>\n\n\n\n<p class=\"wp-block-paragraph\">\u200bA expectativa para o dia 03 de fevereiro \u00e9 de plen\u00e1rio cheio e uma extensa pauta de requerimentos acumulados durante as f\u00e9rias parlamentares. Temas como a seguran\u00e7a p\u00fablica \u2014 incluindo o novo programa de recompensas por den\u00fancias de vandalismo \u2014 e a fiscaliza\u00e7\u00e3o de contratos de zeladoria urbana devem dominar os discursos na tribuna.<\/p>\n\n\n\n<p class=\"wp-block-paragraph\">\u200bOs cidad\u00e3os podem acompanhar as sess\u00f5es presencialmente no pr\u00e9dio da C\u00e2mara ou atrav\u00e9s da transmiss\u00e3o ao vivo pelos canais oficiais do Legislativo no YouTube e Facebook, sempre \u00e0s ter\u00e7as e quintas-feiras, a partir das 9h30.<\/p>\n","protected":false},"excerpt":{"rendered":"<p>O Legislativo de Maring\u00e1 j\u00e1 tem data para retomar o ritmo total de suas atividades. No dia 03 de fevereiro, os 23 vereadores da 16\u00aa [&#8230;]<\/p>\n","protected":false},"author":1,"featured_media":1767,"comment_status":"open","ping_status":"open","sticky":false,"template":"","format":"standard","meta":{"_crdt_document":"","_jetpack_memberships_contains_paid_content":false,"footnotes":"","jetpack_publicize_message":"","jetpack_publicize_feature_enabled":true,"jetpack_social_post_already_shared":true,"jetpack_social_options":{"image_generator_settings":{"template":"highway","default_image_id":0,"font":"","enabled":false},"version":2}},"categories":[4],"tags":[],"class_list":["post-1766","post","type-post","status-publish","format-standard","has-post-thumbnail","hentry","category-maringa"],"jetpack_publicize_connections":[],"jetpack_featured_media_url":"https:\/\/i0.wp.com\/oexpressobr.com.br\/wp-content\/uploads\/2026\/01\/Camara-1536x1024-1.jpg?fit=1536%2C1024&ssl=1","jetpack_likes_enabled":true,"jetpack_sharing_enabled":true,"_links":{"self":[{"href":"https:\/\/oexpressobr.com.br\/index.php?rest_route=\/wp\/v2\/posts\/1766","targetHints":{"allow":["GET"]}}],"collection":[{"href":"https:\/\/oexpressobr.com.br\/index.php?rest_route=\/wp\/v2\/posts"}],"about":[{"href":"https:\/\/oexpressobr.com.br\/index.php?rest_route=\/wp\/v2\/types\/post"}],"author":[{"embeddable":true,"href":"https:\/\/oexpressobr.com.br\/index.php?rest_route=\/wp\/v2\/users\/1"}],"replies":[{"embeddable":true,"href":"https:\/\/oexpressobr.com.br\/index.php?rest_route=%2Fwp%2Fv2%2Fcomments&post=1766"}],"version-history":[{"count":1,"href":"https:\/\/oexpressobr.com.br\/index.php?rest_route=\/wp\/v2\/posts\/1766\/revisions"}],"predecessor-version":[{"id":1768,"href":"https:\/\/oexpressobr.com.br\/index.php?rest_route=\/wp\/v2\/posts\/1766\/revisions\/1768"}],"wp:featuredmedia":[{"embeddable":true,"href":"https:\/\/oexpressobr.com.br\/index.php?rest_route=\/wp\/v2\/media\/1767"}],"wp:attachment":[{"href":"https:\/\/oexpressobr.com.br\/index.php?rest_route=%2Fwp%2Fv2%2Fmedia&parent=1766"}],"wp:term":[{"taxonomy":"category","embeddable":true,"href":"https:\/\/oexpressobr.com.br\/index.php?rest_route=%2Fwp%2Fv2%2Fcategories&post=1766"},{"taxonomy":"post_tag","embeddable":true,"href":"https:\/\/oexpressobr.com.br\/index.php?rest_route=%2Fwp%2Fv2%2Ftags&post=1766"}],"curies":[{"name":"wp","href":"https:\/\/api.w.org\/{rel}","templated":true}]}}