{"id":1769,"date":"2026-01-13T05:26:18","date_gmt":"2026-01-13T08:26:18","guid":{"rendered":"https:\/\/oexpressobr.com.br\/?p=1769"},"modified":"2026-01-13T05:26:23","modified_gmt":"2026-01-13T08:26:23","slug":"senador-cleitinho-propoe-exame-toxicologico-obrigatorio-para-diplomacao-e-posse-de-politicos","status":"publish","type":"post","link":"https:\/\/oexpressobr.com.br\/?p=1769","title":{"rendered":"SENADOR CLEITINHO PROP\u00d5E exame toxicol\u00f3gico obrigat\u00f3rio para diploma\u00e7\u00e3o e posse de pol\u00edticos"},"content":{"rendered":"\n<p class=\"wp-block-paragraph\">O cen\u00e1rio pol\u00edtico nacional iniciou 2026 com uma proposta que promete acirrar os debates no Congresso Nacional. O senador Cleitinho (Republicanos-MG) apresentou um projeto de lei que visa tornar obrigat\u00f3ria a realiza\u00e7\u00e3o de exame toxicol\u00f3gico para todos os candidatos eleitos a cargos p\u00fablicos no Brasil, abrangendo desde o \u00e2mbito municipal at\u00e9 a Presid\u00eancia da Rep\u00fablica.<\/p>\n\n\n\n<p class=\"wp-block-paragraph\">\u200bA proposta estabelece que a apresenta\u00e7\u00e3o do laudo negativo para subst\u00e2ncias psicoativas seja uma condi\u00e7\u00e3o indispens\u00e1vel para a diploma\u00e7\u00e3o e a consequente posse dos eleitos. De acordo com o texto, o teste deve possuir uma &#8220;larga janela de detec\u00e7\u00e3o&#8221; \u2014 semelhante ao modelo j\u00e1 exigido para motoristas profissionais (categorias C, D e E) e que, recentemente, em dezembro de 2025, o Congresso Nacional decidiu estender tamb\u00e9m para a obten\u00e7\u00e3o da primeira CNH nas categorias A e B.<\/p>\n\n\n\n<h3 class=\"wp-block-heading\">\u200bPuni\u00e7\u00f5es rigorosas e custeio<\/h3>\n\n\n\n<p class=\"wp-block-paragraph\">\u200bDiferente de outros exames custeados pelo poder p\u00fablico, o projeto de Cleitinho prev\u00ea que os custos do teste toxicol\u00f3gico sejam arcados pelo pr\u00f3prio candidato. Caso o resultado seja positivo, ou se houver tentativa de fraude ou recusa em realizar o exame, o pol\u00edtico poder\u00e1 enfrentar san\u00e7\u00f5es severas:<\/p>\n\n\n\n<ul class=\"wp-block-list\">\n<li>\u200b<strong>Impedimento da diploma\u00e7\u00e3o:<\/strong> O eleito n\u00e3o poder\u00e1 assumir o cargo.<\/li>\n\n\n\n<li>\u200b<strong>Restri\u00e7\u00e3o eleitoral:<\/strong> O pol\u00edtico ficaria impedido de registrar novas candidaturas por um per\u00edodo m\u00ednimo de quatro anos.<\/li>\n<\/ul>\n\n\n\n<h3 class=\"wp-block-heading\">\u200bDebate sobre \u00e9tica e governan\u00e7a<\/h3>\n\n\n\n<p class=\"wp-block-paragraph\">\u200bA iniciativa surge em um momento de converg\u00eancia legislativa sobre o tema. Em mar\u00e7o de 2025, o deputado Delegado Palumbo (PL-SP) j\u00e1 havia protocolado proposta similar (PL 407\/25) na C\u00e2mara dos Deputados, sugerindo inclusive exames anuais durante o exerc\u00edcio do mandato.<\/p>\n\n\n\n<p class=\"wp-block-paragraph\">\u200bOs defensores da medida argumentam que pol\u00edticos, como representantes da sociedade e tomadores de decis\u00e3o em pol\u00edticas de seguran\u00e7a p\u00fablica e sa\u00fade, devem demonstrar plena capacidade cognitiva e idoneidade moral. Por outro lado, cr\u00edticos e juristas alertam para poss\u00edveis conflitos com o direito \u00e0 privacidade e a necessidade de garantir o sigilo m\u00e9dico, ponto que o projeto de Cleitinho tenta resguardar ao prever que o laudo detalhado s\u00f3 seja acessado mediante ordem judicial.<\/p>\n\n\n\n<h3 class=\"wp-block-heading\">\u200bPr\u00f3ximos passos<\/h3>\n\n\n\n<p class=\"wp-block-paragraph\">\u200bA proposta agora segue para a an\u00e1lise das comiss\u00f5es tem\u00e1ticas do Senado Federal, come\u00e7ando pela Comiss\u00e3o de Constitui\u00e7\u00e3o, Justi\u00e7a e Cidadania (CCJ). Se aprovada, a Justi\u00e7a Eleitoral ter\u00e1 um prazo de 60 dias ap\u00f3s a san\u00e7\u00e3o para regulamentar os detalhes operacionais da nova exig\u00eancia, que poder\u00e1 j\u00e1 estar em vigor para as pr\u00f3ximas elei\u00e7\u00f5es gerais.<\/p>\n","protected":false},"excerpt":{"rendered":"<p>O cen\u00e1rio pol\u00edtico nacional iniciou 2026 com uma proposta que promete acirrar os debates no Congresso Nacional. O senador Cleitinho (Republicanos-MG) apresentou um projeto de [&#8230;]<\/p>\n","protected":false},"author":1,"featured_media":1770,"comment_status":"open","ping_status":"open","sticky":false,"template":"","format":"standard","meta":{"_crdt_document":"","_jetpack_memberships_contains_paid_content":false,"footnotes":"","jetpack_publicize_message":"","jetpack_publicize_feature_enabled":true,"jetpack_social_post_already_shared":true,"jetpack_social_options":{"image_generator_settings":{"template":"highway","default_image_id":0,"font":"","enabled":false},"version":2}},"categories":[3],"tags":[],"class_list":["post-1769","post","type-post","status-publish","format-standard","has-post-thumbnail","hentry","category-brasil"],"jetpack_publicize_connections":[],"jetpack_featured_media_url":"https:\/\/i0.wp.com\/oexpressobr.com.br\/wp-content\/uploads\/2026\/01\/df6b61_CONG_MATERIA_MANUAL_54988598893e216c7b890o1.jpeg?fit=770%2C449&ssl=1","jetpack_likes_enabled":true,"jetpack_sharing_enabled":true,"_links":{"self":[{"href":"https:\/\/oexpressobr.com.br\/index.php?rest_route=\/wp\/v2\/posts\/1769","targetHints":{"allow":["GET"]}}],"collection":[{"href":"https:\/\/oexpressobr.com.br\/index.php?rest_route=\/wp\/v2\/posts"}],"about":[{"href":"https:\/\/oexpressobr.com.br\/index.php?rest_route=\/wp\/v2\/types\/post"}],"author":[{"embeddable":true,"href":"https:\/\/oexpressobr.com.br\/index.php?rest_route=\/wp\/v2\/users\/1"}],"replies":[{"embeddable":true,"href":"https:\/\/oexpressobr.com.br\/index.php?rest_route=%2Fwp%2Fv2%2Fcomments&post=1769"}],"version-history":[{"count":1,"href":"https:\/\/oexpressobr.com.br\/index.php?rest_route=\/wp\/v2\/posts\/1769\/revisions"}],"predecessor-version":[{"id":1771,"href":"https:\/\/oexpressobr.com.br\/index.php?rest_route=\/wp\/v2\/posts\/1769\/revisions\/1771"}],"wp:featuredmedia":[{"embeddable":true,"href":"https:\/\/oexpressobr.com.br\/index.php?rest_route=\/wp\/v2\/media\/1770"}],"wp:attachment":[{"href":"https:\/\/oexpressobr.com.br\/index.php?rest_route=%2Fwp%2Fv2%2Fmedia&parent=1769"}],"wp:term":[{"taxonomy":"category","embeddable":true,"href":"https:\/\/oexpressobr.com.br\/index.php?rest_route=%2Fwp%2Fv2%2Fcategories&post=1769"},{"taxonomy":"post_tag","embeddable":true,"href":"https:\/\/oexpressobr.com.br\/index.php?rest_route=%2Fwp%2Fv2%2Ftags&post=1769"}],"curies":[{"name":"wp","href":"https:\/\/api.w.org\/{rel}","templated":true}]}}