{"id":1772,"date":"2026-01-13T05:33:41","date_gmt":"2026-01-13T08:33:41","guid":{"rendered":"https:\/\/oexpressobr.com.br\/?p=1772"},"modified":"2026-01-13T05:33:47","modified_gmt":"2026-01-13T08:33:47","slug":"prefeitura-e-bar-brasileirinho-travam-disputa-por-alvara-no-centro-historico-de-curitiba","status":"publish","type":"post","link":"https:\/\/oexpressobr.com.br\/?p=1772","title":{"rendered":"PREFEITURA E BAR BRASILEIRINHO travam disputa por alvar\u00e1 no Centro Hist\u00f3rico de Curitiba"},"content":{"rendered":"\n<p class=\"wp-block-paragraph\">Um dos redutos culturais mais tradicionais do Largo da Ordem, o <strong>Bar e Restaurante Brasileirinho<\/strong>, tornou-se o centro de uma intensa pol\u00eamica administrativa que coloca em xeque a conviv\u00eancia entre o setor bo\u00eamio e o poder p\u00fablico. No \u00faltimo domingo (11), o estabelecimento foi notificado pela Prefeitura de Curitiba sobre a abertura de um processo que pode culminar na <strong>cassa\u00e7\u00e3o de seu alvar\u00e1 de funcionamento<\/strong>, gerando forte mobiliza\u00e7\u00e3o de clientes e entidades do setor.<\/p>\n\n\n\n<p class=\"wp-block-paragraph\">\u200bO impasse teve in\u00edcio durante as atividades do Circuito OFF da 43\u00aa Oficina de M\u00fasica de Curitiba. Segundo nota divulgada pelos propriet\u00e1rios, o local recebeu duas inspe\u00e7\u00f5es seguidas. A justificativa da fiscaliza\u00e7\u00e3o \u00e9 que o bar estaria ocupando a Rua Mateus Leme com mesas e cadeiras de forma irregular, obstruindo o fluxo de ve\u00edculos em uma via que, embora de uso compartilhado, serve de acesso para a montagem e desmontagem da Feira do Largo da Ordem.<\/p>\n\n\n\n<p class=\"wp-block-paragraph\">\u200b<strong>Argumentos em conflito<\/strong><\/p>\n\n\n\n<p class=\"wp-block-paragraph\">\u200bA dire\u00e7\u00e3o do Brasileirinho classificou a medida como &#8220;desproporcional&#8221;. Em comunicado, o bar afirmou que o p\u00fablico presente era composto majoritariamente por estudantes de m\u00fasica e artistas, e que houve colabora\u00e7\u00e3o imediata para recuar o mobili\u00e1rio ap\u00f3s a primeira abordagem. &#8220;Consideramos a medida desproporcional, especialmente diante da aus\u00eancia de agravantes ou reincid\u00eancia&#8221;, diz o texto.<\/p>\n\n\n\n<p class=\"wp-block-paragraph\">\u200bPor outro lado, a Prefeitura de Curitiba sustenta que o estabelecimento j\u00e1 havia sido orientado previamente. Em nota oficial enviada \u00e0 reportagem da <em>Tribuna do Paran\u00e1<\/em>, o munic\u00edpio informou que o propriet\u00e1rio foi notificado em dezembro de 2025 e novamente no in\u00edcio de janeiro de 2026. Segundo a Secretaria Municipal de Urbanismo (SMU), o uso do espa\u00e7o p\u00fablico exige licenciamento espec\u00edfico e um projeto aprovado que n\u00e3o prejudique o acesso de ve\u00edculos de emerg\u00eancia e dos feirantes.<\/p>\n\n\n\n<p class=\"wp-block-paragraph\">\u200b<strong>Rea\u00e7\u00e3o do setor e pr\u00f3ximos passos<\/strong><\/p>\n\n\n\n<p class=\"wp-block-paragraph\">\u200bO presidente da Associa\u00e7\u00e3o Brasileira de Bares e Casas Noturnas (Abrabar), <strong>Fabio Aguayo<\/strong>, criticou duramente o <em>modus operandi<\/em> das fiscaliza\u00e7\u00f5es na capital. Para Aguayo, as a\u00e7\u00f5es da AIFU (A\u00e7\u00e3o Integrada de Fiscaliza\u00e7\u00e3o Urbana) t\u00eam sido &#8220;mais punitivas do que orientativas&#8221;, representando um retrocesso para a inova\u00e7\u00e3o e o turismo da cidade.<\/p>\n\n\n\n<p class=\"wp-block-paragraph\">\u200bO setor atravessa um momento sens\u00edvel no Centro Hist\u00f3rico. Recentemente, em dezembro de 2025, o Departamento de Fiscaliza\u00e7\u00e3o convocou 19 bares da regi\u00e3o para regulariza\u00e7\u00e3o; destes, 15 apresentavam pend\u00eancias no licenciamento de mesas externas.<\/p>\n\n\n\n<p class=\"wp-block-paragraph\">\u200b<strong>Defesa e prazos<\/strong><\/p>\n\n\n\n<p class=\"wp-block-paragraph\">\u200bO Bar Brasileirinho tem agora um prazo de <strong>10 dias<\/strong> para apresentar sua defesa administrativa e tentar reverter a amea\u00e7a de fechamento definitivo. Enquanto isso, o debate sobre o uso das cal\u00e7adas e a preserva\u00e7\u00e3o dos espa\u00e7os culturais no cora\u00e7\u00e3o de Curitiba segue inflamando as redes sociais e as mesas dos botecos vizinhos.<\/p>\n","protected":false},"excerpt":{"rendered":"<p>Um dos redutos culturais mais tradicionais do Largo da Ordem, o Bar e Restaurante Brasileirinho, tornou-se o centro de uma intensa pol\u00eamica administrativa que coloca [&#8230;]<\/p>\n","protected":false},"author":1,"featured_media":1773,"comment_status":"open","ping_status":"open","sticky":false,"template":"","format":"standard","meta":{"_crdt_document":"","_jetpack_memberships_contains_paid_content":false,"footnotes":"","jetpack_publicize_message":"","jetpack_publicize_feature_enabled":true,"jetpack_social_post_already_shared":true,"jetpack_social_options":{"image_generator_settings":{"template":"highway","default_image_id":0,"font":"","enabled":false},"version":2}},"categories":[5],"tags":[],"class_list":["post-1772","post","type-post","status-publish","format-standard","has-post-thumbnail","hentry","category-parana"],"jetpack_publicize_connections":[],"jetpack_featured_media_url":"https:\/\/i0.wp.com\/oexpressobr.com.br\/wp-content\/uploads\/2026\/01\/bar-brasileirinho-fiscalizacoes-aifu-970x550-1.webp?fit=970%2C550&ssl=1","jetpack_likes_enabled":true,"jetpack_sharing_enabled":true,"_links":{"self":[{"href":"https:\/\/oexpressobr.com.br\/index.php?rest_route=\/wp\/v2\/posts\/1772","targetHints":{"allow":["GET"]}}],"collection":[{"href":"https:\/\/oexpressobr.com.br\/index.php?rest_route=\/wp\/v2\/posts"}],"about":[{"href":"https:\/\/oexpressobr.com.br\/index.php?rest_route=\/wp\/v2\/types\/post"}],"author":[{"embeddable":true,"href":"https:\/\/oexpressobr.com.br\/index.php?rest_route=\/wp\/v2\/users\/1"}],"replies":[{"embeddable":true,"href":"https:\/\/oexpressobr.com.br\/index.php?rest_route=%2Fwp%2Fv2%2Fcomments&post=1772"}],"version-history":[{"count":1,"href":"https:\/\/oexpressobr.com.br\/index.php?rest_route=\/wp\/v2\/posts\/1772\/revisions"}],"predecessor-version":[{"id":1774,"href":"https:\/\/oexpressobr.com.br\/index.php?rest_route=\/wp\/v2\/posts\/1772\/revisions\/1774"}],"wp:featuredmedia":[{"embeddable":true,"href":"https:\/\/oexpressobr.com.br\/index.php?rest_route=\/wp\/v2\/media\/1773"}],"wp:attachment":[{"href":"https:\/\/oexpressobr.com.br\/index.php?rest_route=%2Fwp%2Fv2%2Fmedia&parent=1772"}],"wp:term":[{"taxonomy":"category","embeddable":true,"href":"https:\/\/oexpressobr.com.br\/index.php?rest_route=%2Fwp%2Fv2%2Fcategories&post=1772"},{"taxonomy":"post_tag","embeddable":true,"href":"https:\/\/oexpressobr.com.br\/index.php?rest_route=%2Fwp%2Fv2%2Ftags&post=1772"}],"curies":[{"name":"wp","href":"https:\/\/api.w.org\/{rel}","templated":true}]}}