{"id":1775,"date":"2026-01-13T05:47:38","date_gmt":"2026-01-13T08:47:38","guid":{"rendered":"https:\/\/oexpressobr.com.br\/?p=1775"},"modified":"2026-01-13T05:48:08","modified_gmt":"2026-01-13T08:48:08","slug":"ratinho-junior-e-guto-silva-sob-pressao-apos-vazamento-de-audios-que-abalam-o-palacio-iguacu","status":"publish","type":"post","link":"https:\/\/oexpressobr.com.br\/?p=1775","title":{"rendered":"Ratinho J\u00fanior e Guto Silva sob press\u00e3o ap\u00f3s vazamento de \u00e1udios que abalam o Pal\u00e1cio Igua\u00e7u"},"content":{"rendered":"\n<p class=\"wp-block-paragraph\">O cen\u00e1rio pol\u00edtico paranaense foi atingido por um &#8220;terremoto&#8221; nesta semana. O vazamento de \u00e1udios in\u00e9ditos, que detalham supostas movimenta\u00e7\u00f5es pouco republicanas nos bastidores do <strong>Pal\u00e1cio Igua\u00e7u<\/strong>, colocou o governador <strong>Ratinho J\u00fanior<\/strong> e seu secret\u00e1rio das Cidades, <strong>Guto Silva<\/strong>, no centro de uma crise de imagem sem precedentes neste in\u00edcio de 2026.<\/p>\n\n\n\n<p class=\"wp-block-paragraph\">\u200bA den\u00fancia, que circula com for\u00e7a nos bastidores do Centro C\u00edvico e foi repercutida por ve\u00edculos como <em>O Di\u00e1rio de Maring\u00e1<\/em>, sugere que o &#8220;esgoto&#8221; da pol\u00edtica local transbordou para dentro das salas governamentais. Enquanto o governo tenta manter uma agenda de normalidade, focada em eventos como o <strong>Ver\u00e3o Maior Paran\u00e1<\/strong>, a oposi\u00e7\u00e3o e setores da sociedade civil cobram explica\u00e7\u00f5es imediatas sobre o conte\u00fado das grava\u00e7\u00f5es.<\/p>\n\n\n\n<h3 class=\"wp-block-heading\">\u200bOs pontos centrais da crise<\/h3>\n\n\n\n<p class=\"wp-block-paragraph\">\u200bDe acordo com as informa\u00e7\u00f5es mais recentes e o monitoramento das redes pol\u00edticas, os principais desdobramentos s\u00e3o:<\/p>\n\n\n\n<ul class=\"wp-block-list\">\n<li>\u200b<strong>Conte\u00fado Comprometedor:<\/strong> Os \u00e1udios indicariam uma articula\u00e7\u00e3o pol\u00edtica que ignora crit\u00e9rios t\u00e9cnicos em favor de acordos de bastidores, envolvendo a sucess\u00e3o estadual de 2026.<\/li>\n\n\n\n<li>\u200b<strong>O &#8220;Fator Sucess\u00e3o&#8221;:<\/strong> Guto Silva, que vinha sendo preparado como o &#8220;nome do cora\u00e7\u00e3o&#8221; de Ratinho J\u00fanior para a disputa ao governo, v\u00ea sua trajet\u00f3ria \u2014 que era ascendente nas pesquisas \u2014 amea\u00e7ada pelo esc\u00e2ndalo.<\/li>\n\n\n\n<li>\u200b<strong>Rea\u00e7\u00e3o do Pal\u00e1cio:<\/strong> At\u00e9 o momento, a estrat\u00e9gia oficial tem sido a de &#8220;seguir em festa&#8221;, mantendo a agenda de shows e entregas no litoral, numa tentativa de blindar a popularidade do governador, que encerrou 2025 com altos \u00edndices de aprova\u00e7\u00e3o.<\/li>\n<\/ul>\n\n\n\n<h3 class=\"wp-block-heading\">\u200bO Tabuleiro para 2026<\/h3>\n\n\n\n<p class=\"wp-block-paragraph\">\u200bA crise chega em um momento crucial. Guto Silva acabara de alcan\u00e7ar <strong>10% das inten\u00e7\u00f5es de voto<\/strong> em levantamentos recentes, tentando se consolidar frente a nomes como <strong>Alexandre Curi<\/strong> e <strong>S\u00e9rgio Moro<\/strong>. O vazamento \u00e9 visto por analistas como um &#8220;balde de \u00e1gua fria&#8221; na estrat\u00e9gia do grupo palaciano de lan\u00e7ar um sucessor &#8220;puro-sangue&#8221;.<\/p>\n\n\n\n<blockquote class=\"wp-block-quote is-layout-flow wp-block-quote-is-layout-flow\">\n<p class=\"wp-block-paragraph\">\u200b&#8221;A pol\u00edtica paranaense vive um momento de depura\u00e7\u00e3o. O que esses \u00e1udios revelam n\u00e3o \u00e9 apenas uma conversa privada, mas o <em>modus operandi<\/em> de um grupo que se julgava inabal\u00e1vel,&#8221; afirma um interlocutor da oposi\u00e7\u00e3o na Assembleia Legislativa (ALEP).<\/p>\n<\/blockquote>\n\n\n\n<h3 class=\"wp-block-heading\">\u200bPr\u00f3ximos passos<\/h3>\n\n\n\n<p class=\"wp-block-paragraph\">\u200bA expectativa agora gira em torno de uma poss\u00edvel investiga\u00e7\u00e3o oficial por parte do Minist\u00e9rio P\u00fablico ou a abertura de uma CPI na ALEP, embora a base governista ainda detenha ampla maioria.<\/p>\n","protected":false},"excerpt":{"rendered":"<p>O cen\u00e1rio pol\u00edtico paranaense foi atingido por um &#8220;terremoto&#8221; nesta semana. O vazamento de \u00e1udios in\u00e9ditos, que detalham supostas movimenta\u00e7\u00f5es pouco republicanas nos bastidores do [&#8230;]<\/p>\n","protected":false},"author":1,"featured_media":1776,"comment_status":"open","ping_status":"open","sticky":false,"template":"","format":"standard","meta":{"_crdt_document":"","_jetpack_memberships_contains_paid_content":false,"footnotes":"","jetpack_publicize_message":"","jetpack_publicize_feature_enabled":true,"jetpack_social_post_already_shared":true,"jetpack_social_options":{"image_generator_settings":{"template":"highway","default_image_id":0,"font":"","enabled":false},"version":2}},"categories":[5],"tags":[],"class_list":["post-1775","post","type-post","status-publish","format-standard","has-post-thumbnail","hentry","category-parana"],"jetpack_publicize_connections":[],"jetpack_featured_media_url":"https:\/\/i0.wp.com\/oexpressobr.com.br\/wp-content\/uploads\/2026\/01\/images9.jpg?fit=447%2C447&ssl=1","jetpack_likes_enabled":true,"jetpack_sharing_enabled":true,"_links":{"self":[{"href":"https:\/\/oexpressobr.com.br\/index.php?rest_route=\/wp\/v2\/posts\/1775","targetHints":{"allow":["GET"]}}],"collection":[{"href":"https:\/\/oexpressobr.com.br\/index.php?rest_route=\/wp\/v2\/posts"}],"about":[{"href":"https:\/\/oexpressobr.com.br\/index.php?rest_route=\/wp\/v2\/types\/post"}],"author":[{"embeddable":true,"href":"https:\/\/oexpressobr.com.br\/index.php?rest_route=\/wp\/v2\/users\/1"}],"replies":[{"embeddable":true,"href":"https:\/\/oexpressobr.com.br\/index.php?rest_route=%2Fwp%2Fv2%2Fcomments&post=1775"}],"version-history":[{"count":1,"href":"https:\/\/oexpressobr.com.br\/index.php?rest_route=\/wp\/v2\/posts\/1775\/revisions"}],"predecessor-version":[{"id":1777,"href":"https:\/\/oexpressobr.com.br\/index.php?rest_route=\/wp\/v2\/posts\/1775\/revisions\/1777"}],"wp:featuredmedia":[{"embeddable":true,"href":"https:\/\/oexpressobr.com.br\/index.php?rest_route=\/wp\/v2\/media\/1776"}],"wp:attachment":[{"href":"https:\/\/oexpressobr.com.br\/index.php?rest_route=%2Fwp%2Fv2%2Fmedia&parent=1775"}],"wp:term":[{"taxonomy":"category","embeddable":true,"href":"https:\/\/oexpressobr.com.br\/index.php?rest_route=%2Fwp%2Fv2%2Fcategories&post=1775"},{"taxonomy":"post_tag","embeddable":true,"href":"https:\/\/oexpressobr.com.br\/index.php?rest_route=%2Fwp%2Fv2%2Ftags&post=1775"}],"curies":[{"name":"wp","href":"https:\/\/api.w.org\/{rel}","templated":true}]}}