{"id":1785,"date":"2026-01-13T10:31:50","date_gmt":"2026-01-13T13:31:50","guid":{"rendered":"https:\/\/oexpressobr.com.br\/?p=1785"},"modified":"2026-01-13T10:31:56","modified_gmt":"2026-01-13T13:31:56","slug":"brasil-monitora-anuncio-de-trump-sobre-tarifas-a-parceiros-do-ira-e-avalia-riscos-para-o-agronegocio","status":"publish","type":"post","link":"https:\/\/oexpressobr.com.br\/?p=1785","title":{"rendered":"Brasil monitora an\u00fancio de Trump sobre tarifas a parceiros do Ir\u00e3 e avalia riscos para o agroneg\u00f3cio"},"content":{"rendered":"\n<p class=\"wp-block-paragraph\">O governo brasileiro e o setor exportador entraram em estado de alerta nesta ter\u00e7a-feira (13) ap\u00f3s o presidente dos Estados Unidos, Donald Trump, anunciar a imposi\u00e7\u00e3o de uma tarifa de 25% sobre qualquer pa\u00eds que realize transa\u00e7\u00f5es comerciais com a Rep\u00fablica Isl\u00e2mica do Ir\u00e3. O an\u00fancio, feito via rede social Truth Social, afirma que a medida tem &#8220;efeito imediato&#8221; e \u00e9 &#8220;final e conclusiva&#8221;, gerando incertezas sobre o impacto direto nas exporta\u00e7\u00f5es brasileiras, especialmente no setor de commodities.<\/p>\n\n\n\n<p class=\"wp-block-paragraph\">\u200bO Itamaraty e o Minist\u00e9rio do Desenvolvimento, Ind\u00fastria, Com\u00e9rcio e Servi\u00e7os (MDIC) aguardam a publica\u00e7\u00e3o oficial do decreto para analisar os detalhes t\u00e9cnicos. A principal d\u00favida reside na abrang\u00eancia da norma: se ela punir\u00e1 retroativamente pa\u00edses com rela\u00e7\u00f5es hist\u00f3ricas ou se focar\u00e1 apenas em novos contratos.<\/p>\n\n\n\n<h3 class=\"wp-block-heading\">\u200bO peso do com\u00e9rcio com o Ir\u00e3<\/h3>\n\n\n\n<p class=\"wp-block-paragraph\">\u200bEmbora o Ir\u00e3 n\u00e3o figure entre os 20 maiores parceiros comerciais do Brasil, o pa\u00eds persa \u00e9 um destino estrat\u00e9gico para o agroneg\u00f3cio nacional. Em 2025, o Brasil exportou cerca de <strong>US$ 2,9 bilh\u00f5es<\/strong> (aproximadamente R$ 15 bilh\u00f5es) para Teer\u00e3. O fluxo comercial \u00e9 liderado por:<\/p>\n\n\n\n<ul class=\"wp-block-list\">\n<li>\u200b<strong>Milho:<\/strong> Representa cerca de 67,9% das vendas;<\/li>\n\n\n\n<li>\u200b<strong>Soja:<\/strong> Aproximadamente 19,3%;<\/li>\n\n\n\n<li>\u200b<strong>A\u00e7\u00facar e carnes:<\/strong> Tamb\u00e9m comp\u00f5em a pauta de exporta\u00e7\u00f5es.<\/li>\n<\/ul>\n\n\n\n<p class=\"wp-block-paragraph\">\u200bNo sentido oposto, as importa\u00e7\u00f5es brasileiras do Ir\u00e3 somaram US$ 84,5 milh\u00f5es no \u00faltimo ano, concentradas em ureia (fertilizante essencial para o plantio nacional), al\u00e9m de frutas secas e castanhas.<\/p>\n\n\n\n<h3 class=\"wp-block-heading\">\u200bTens\u00f5es comerciais recorrentes<\/h3>\n\n\n\n<p class=\"wp-block-paragraph\">\u200bA nova amea\u00e7a de Trump ocorre em um contexto de &#8220;guerra tarif\u00e1ria&#8221; que j\u00e1 vinha tensionando a rela\u00e7\u00e3o entre Bras\u00edlia e Washington. Em meados de 2025, o governo americano chegou a impor tarifas de 50% sobre diversos produtos brasileiros, medida que foi parcialmente flexibilizada em novembro para itens como carne bovina e caf\u00e9.<\/p>\n\n\n\n<p class=\"wp-block-paragraph\">\u200bAgora, o Brasil se v\u00ea em uma encruzilhada diplom\u00e1tica. O pa\u00eds integra o BRICS ao lado do Ir\u00e3 e defende historicamente a autonomia comercial, mas os Estados Unidos continuam sendo um dos seus maiores parceiros econ\u00f4micos. Analistas de mercado apontam que, caso a tarifa de 25% seja aplicada de forma ampla a todos os produtos que o Brasil envia aos EUA como retalia\u00e7\u00e3o pelo com\u00e9rcio com o Ir\u00e3, o impacto pode causar um d\u00e9ficit comercial severo e pressionar a infla\u00e7\u00e3o interna.<\/p>\n\n\n\n<h3 class=\"wp-block-heading\">\u200bRea\u00e7\u00e3o do governo<\/h3>\n\n\n\n<p class=\"wp-block-paragraph\">\u200bAt\u00e9 o momento, a gest\u00e3o federal mant\u00e9m cautela. O vice-presidente Geraldo Alckmin tem refor\u00e7ado a import\u00e2ncia do di\u00e1logo t\u00e9cnico, enquanto o governo Lula n\u00e3o descarta o uso da <strong>Lei da Reciprocidade Econ\u00f4mica<\/strong>, sancionada em 2025, que permite ao Brasil responder a sobretaxas unilaterais com medidas equivalentes sobre produtos importados dos Estados Unidos.<\/p>\n\n\n\n<p class=\"wp-block-paragraph\">\u200bO mercado aguarda a reuni\u00e3o da Casa Branca prevista para esta ter\u00e7a-feira, que deve selar o detalhamento da ordem executiva e definir o futuro das trocas comerciais globais envolvendo o regime iraniano.<\/p>\n","protected":false},"excerpt":{"rendered":"<p>O governo brasileiro e o setor exportador entraram em estado de alerta nesta ter\u00e7a-feira (13) ap\u00f3s o presidente dos Estados Unidos, Donald Trump, anunciar a [&#8230;]<\/p>\n","protected":false},"author":1,"featured_media":1786,"comment_status":"open","ping_status":"open","sticky":false,"template":"","format":"standard","meta":{"_crdt_document":"","_jetpack_memberships_contains_paid_content":false,"footnotes":"","jetpack_publicize_message":"","jetpack_publicize_feature_enabled":true,"jetpack_social_post_already_shared":true,"jetpack_social_options":{"image_generator_settings":{"template":"highway","default_image_id":0,"font":"","enabled":false},"version":2}},"categories":[15],"tags":[],"class_list":["post-1785","post","type-post","status-publish","format-standard","has-post-thumbnail","hentry","category-internacional"],"jetpack_publicize_connections":[],"jetpack_featured_media_url":"https:\/\/i0.wp.com\/oexpressobr.com.br\/wp-content\/uploads\/2026\/01\/IMG-20260113-WA0254.jpg?fit=984%2C639&ssl=1","jetpack_likes_enabled":true,"jetpack_sharing_enabled":true,"_links":{"self":[{"href":"https:\/\/oexpressobr.com.br\/index.php?rest_route=\/wp\/v2\/posts\/1785","targetHints":{"allow":["GET"]}}],"collection":[{"href":"https:\/\/oexpressobr.com.br\/index.php?rest_route=\/wp\/v2\/posts"}],"about":[{"href":"https:\/\/oexpressobr.com.br\/index.php?rest_route=\/wp\/v2\/types\/post"}],"author":[{"embeddable":true,"href":"https:\/\/oexpressobr.com.br\/index.php?rest_route=\/wp\/v2\/users\/1"}],"replies":[{"embeddable":true,"href":"https:\/\/oexpressobr.com.br\/index.php?rest_route=%2Fwp%2Fv2%2Fcomments&post=1785"}],"version-history":[{"count":1,"href":"https:\/\/oexpressobr.com.br\/index.php?rest_route=\/wp\/v2\/posts\/1785\/revisions"}],"predecessor-version":[{"id":1787,"href":"https:\/\/oexpressobr.com.br\/index.php?rest_route=\/wp\/v2\/posts\/1785\/revisions\/1787"}],"wp:featuredmedia":[{"embeddable":true,"href":"https:\/\/oexpressobr.com.br\/index.php?rest_route=\/wp\/v2\/media\/1786"}],"wp:attachment":[{"href":"https:\/\/oexpressobr.com.br\/index.php?rest_route=%2Fwp%2Fv2%2Fmedia&parent=1785"}],"wp:term":[{"taxonomy":"category","embeddable":true,"href":"https:\/\/oexpressobr.com.br\/index.php?rest_route=%2Fwp%2Fv2%2Fcategories&post=1785"},{"taxonomy":"post_tag","embeddable":true,"href":"https:\/\/oexpressobr.com.br\/index.php?rest_route=%2Fwp%2Fv2%2Ftags&post=1785"}],"curies":[{"name":"wp","href":"https:\/\/api.w.org\/{rel}","templated":true}]}}