{"id":1788,"date":"2026-01-13T10:37:50","date_gmt":"2026-01-13T13:37:50","guid":{"rendered":"https:\/\/oexpressobr.com.br\/?p=1788"},"modified":"2026-01-13T10:37:57","modified_gmt":"2026-01-13T13:37:57","slug":"professor-e-preso-no-espirito-santo-suspeito-de-exigir-fotos-intimas-de-alunos-em-troca-de-notas-e-dinheiro","status":"publish","type":"post","link":"https:\/\/oexpressobr.com.br\/?p=1788","title":{"rendered":"Professor \u00e9 preso no Esp\u00edrito Santo suspeito de exigir fotos \u00edntimas de alunos em troca de notas e dinheiro"},"content":{"rendered":"\n<p class=\"wp-block-paragraph\">Um professor de 46 anos foi preso pela Pol\u00edcia Civil do Esp\u00edrito Santo, na \u00faltima quinta-feira (8 de janeiro de 2026), sob a acusa\u00e7\u00e3o de utilizar seu cargo em escolas p\u00fablicas da Grande Vit\u00f3ria para aliciar e abusar sexualmente de alunos. A investiga\u00e7\u00e3o aponta que o docente abordava crian\u00e7as e adolescentes, com idades entre 10 e 16 anos, em corredores e durante o recreio, oferecendo notas altas e transfer\u00eancias via Pix em troca de imagens dos \u00f3rg\u00e3os genitais das v\u00edtimas.<\/p>\n\n\n\n<h3 class=\"wp-block-heading\">\u200bDetalhes do esquema e investiga\u00e7\u00e3o<\/h3>\n\n\n\n<p class=\"wp-block-paragraph\">\u200bSegundo a Delegacia Especializada de Prote\u00e7\u00e3o \u00e0 Crian\u00e7a e ao Adolescente (DPCA), o suspeito estava foragido desde abril de 2025 e possu\u00eda dois mandados de pris\u00e3o em aberto. O esquema criminoso funcionava de maneira direta: o professor identificava alunos com desempenho escolar baixo e propunha &#8220;facilidades&#8221;. Em alguns casos, ele chegava a preencher as respostas das provas para garantir a aprova\u00e7\u00e3o do estudante, exigindo as fotos \u00edntimas como contrapartida.<\/p>\n\n\n\n<p class=\"wp-block-paragraph\">\u200bAs investiga\u00e7\u00f5es revelaram que os crimes ocorreram ao menos entre 2023 e 2024, em unidades de ensino nos munic\u00edpios de <strong>Serra<\/strong> e <strong>Vila Velha<\/strong>. A pol\u00edcia acredita que o n\u00famero de v\u00edtimas possa ser ainda maior, dado que o material apreendido com o investigado cont\u00e9m registros que sugerem abusos em outras institui\u00e7\u00f5es por onde ele lecionou ao longo da carreira.<\/p>\n\n\n\n<h3 class=\"wp-block-heading\">\u200bO papel das fam\u00edlias e den\u00fancia<\/h3>\n\n\n\n<p class=\"wp-block-paragraph\">\u200bO caso come\u00e7ou a ganhar corpo ap\u00f3s uma m\u00e3e notar mudan\u00e7as dr\u00e1sticas no comportamento do filho, que passou a demonstrar medo excessivo e dificuldades para dormir. Ao vistoriar o aparelho celular do adolescente, ela encontrou mensagens do professor e o confrontou, levando a den\u00fancia \u00e0 escola e, posteriormente, \u00e0s autoridades policiais.<\/p>\n\n\n\n<blockquote class=\"wp-block-quote is-layout-flow wp-block-quote-is-layout-flow\">\n<p class=\"wp-block-paragraph\">\u200b&#8221;Identificamos v\u00edtimas reais que foram assediadas, importunadas e estupradas por ele. Havia um vasto material de fotos \u00edntimas dessas crian\u00e7as em posse do suspeito&#8221;, afirmou a delegada respons\u00e1vel pelo caso.<\/p>\n<\/blockquote>\n\n\n\n<h3 class=\"wp-block-heading\">\u200bPr\u00f3ximos passos judiciais<\/h3>\n\n\n\n<p class=\"wp-block-paragraph\">\u200bO professor, cuja identidade n\u00e3o foi divulgada para preservar as investiga\u00e7\u00f5es e a imagem das v\u00edtimas, responder\u00e1 por crimes de:<\/p>\n\n\n\n<ul class=\"wp-block-list\">\n<li>\u200b<strong>Estupro de vulner\u00e1vel<\/strong>;<\/li>\n\n\n\n<li>\u200b<strong>Corrup\u00e7\u00e3o de menores<\/strong>;<\/li>\n\n\n\n<li>\u200b<strong>Ass\u00e9dio e importuna\u00e7\u00e3o sexual<\/strong>.<\/li>\n<\/ul>\n\n\n\n<p class=\"wp-block-paragraph\">\u200bA Pol\u00edcia Civil mant\u00e9m as investiga\u00e7\u00f5es abertas e solicita que outras poss\u00edveis v\u00edtimas ou familiares que reconhe\u00e7am o <em>modus operandi<\/em> entrem em contato atrav\u00e9s do <strong>Disque-Den\u00fancia (181)<\/strong> ou procurem a DPCA local.<\/p>\n","protected":false},"excerpt":{"rendered":"<p>Um professor de 46 anos foi preso pela Pol\u00edcia Civil do Esp\u00edrito Santo, na \u00faltima quinta-feira (8 de janeiro de 2026), sob a acusa\u00e7\u00e3o de [&#8230;]<\/p>\n","protected":false},"author":1,"featured_media":1789,"comment_status":"open","ping_status":"open","sticky":false,"template":"","format":"standard","meta":{"_crdt_document":"","_jetpack_memberships_contains_paid_content":false,"footnotes":"","jetpack_publicize_message":"","jetpack_publicize_feature_enabled":true,"jetpack_social_post_already_shared":true,"jetpack_social_options":{"image_generator_settings":{"template":"highway","default_image_id":0,"font":"","enabled":false},"version":2}},"categories":[9],"tags":[],"class_list":["post-1788","post","type-post","status-publish","format-standard","has-post-thumbnail","hentry","category-policia"],"jetpack_publicize_connections":[],"jetpack_featured_media_url":"https:\/\/i0.wp.com\/oexpressobr.com.br\/wp-content\/uploads\/2026\/01\/IMG-20260113-WA0253.jpg?fit=1600%2C900&ssl=1","jetpack_likes_enabled":true,"jetpack_sharing_enabled":true,"_links":{"self":[{"href":"https:\/\/oexpressobr.com.br\/index.php?rest_route=\/wp\/v2\/posts\/1788","targetHints":{"allow":["GET"]}}],"collection":[{"href":"https:\/\/oexpressobr.com.br\/index.php?rest_route=\/wp\/v2\/posts"}],"about":[{"href":"https:\/\/oexpressobr.com.br\/index.php?rest_route=\/wp\/v2\/types\/post"}],"author":[{"embeddable":true,"href":"https:\/\/oexpressobr.com.br\/index.php?rest_route=\/wp\/v2\/users\/1"}],"replies":[{"embeddable":true,"href":"https:\/\/oexpressobr.com.br\/index.php?rest_route=%2Fwp%2Fv2%2Fcomments&post=1788"}],"version-history":[{"count":1,"href":"https:\/\/oexpressobr.com.br\/index.php?rest_route=\/wp\/v2\/posts\/1788\/revisions"}],"predecessor-version":[{"id":1790,"href":"https:\/\/oexpressobr.com.br\/index.php?rest_route=\/wp\/v2\/posts\/1788\/revisions\/1790"}],"wp:featuredmedia":[{"embeddable":true,"href":"https:\/\/oexpressobr.com.br\/index.php?rest_route=\/wp\/v2\/media\/1789"}],"wp:attachment":[{"href":"https:\/\/oexpressobr.com.br\/index.php?rest_route=%2Fwp%2Fv2%2Fmedia&parent=1788"}],"wp:term":[{"taxonomy":"category","embeddable":true,"href":"https:\/\/oexpressobr.com.br\/index.php?rest_route=%2Fwp%2Fv2%2Fcategories&post=1788"},{"taxonomy":"post_tag","embeddable":true,"href":"https:\/\/oexpressobr.com.br\/index.php?rest_route=%2Fwp%2Fv2%2Ftags&post=1788"}],"curies":[{"name":"wp","href":"https:\/\/api.w.org\/{rel}","templated":true}]}}