{"id":1791,"date":"2026-01-13T10:45:04","date_gmt":"2026-01-13T13:45:04","guid":{"rendered":"https:\/\/oexpressobr.com.br\/?p=1791"},"modified":"2026-01-13T10:45:11","modified_gmt":"2026-01-13T13:45:11","slug":"centrao-ve-poucas-chances-para-projeto-reacao-ao-veto-de-lula-ao-pl-da-dosimetria","status":"publish","type":"post","link":"https:\/\/oexpressobr.com.br\/?p=1791","title":{"rendered":"CENTR\u00c3O v\u00ea poucas chances para \u2018projeto rea\u00e7\u00e3o\u2019 ao veto de Lula ao PL da Dosimetria"},"content":{"rendered":"\n<p class=\"wp-block-paragraph\">\u200bO cen\u00e1rio pol\u00edtico em Bras\u00edlia iniciou o ano de 2026 sob forte tens\u00e3o institucional. Ap\u00f3s o presidente Luiz In\u00e1cio Lula da Silva vetar integralmente o Projeto de Lei n\u00ba 2.162\/2023 \u2014 o chamado <strong>PL da Dosimetria<\/strong> \u2014, lideran\u00e7as do Centr\u00e3o e da c\u00fapula do Congresso Nacional j\u00e1 desenham as estrat\u00e9gias para os pr\u00f3ximos meses. Embora a oposi\u00e7\u00e3o tente emplacar um &#8220;projeto rea\u00e7\u00e3o&#8221; ainda mais ambicioso, a avalia\u00e7\u00e3o predominante nos bastidores \u00e9 de que o caminho mais vi\u00e1vel n\u00e3o \u00e9 a cria\u00e7\u00e3o de novas leis, mas a derrubada direta do veto presidencial.<\/p>\n\n\n\n<h3 class=\"wp-block-heading\">\u200bO &#8220;Projeto Rea\u00e7\u00e3o&#8221; e a cautela do Centr\u00e3o<\/h3>\n\n\n\n<p class=\"wp-block-paragraph\">\u200bLogo ap\u00f3s o an\u00fancio do veto, feito por Lula em uma cerim\u00f4nia simb\u00f3lica que marcou os tr\u00eas anos dos atos de 8 de janeiro, o senador <strong>Esperidi\u00e3o Amin (PP-SC)<\/strong> protocolou um novo projeto de lei visando a <strong>anistia ampla e irrestrita<\/strong> aos condenados pelos ataques \u00e0s sedes dos Tr\u00eas Poderes.<\/p>\n\n\n\n<p class=\"wp-block-paragraph\">\u200bEntretanto, o Centr\u00e3o \u2014 bloco fundamental para qualquer aprova\u00e7\u00e3o legislativa \u2014 v\u00ea com ceticismo a prosperidade desta nova proposta. Lideran\u00e7as avaliam que um projeto de anistia total enfrenta barreiras jur\u00eddicas e pol\u00edticas quase intranspon\u00edveis no momento, especialmente com o Supremo Tribunal Federal (STF) monitorando de perto qualquer tentativa de &#8220;perd\u00e3o&#8221; que atropele o rito constitucional. Para o bloco, o PL da Dosimetria j\u00e1 era o &#8220;meio-termo&#8221; poss\u00edvel, e insistir em uma anistia radical agora poderia isolar o Parlamento.<\/p>\n\n\n\n<h3 class=\"wp-block-heading\">\u200bEstrat\u00e9gia foca na derrubada do veto<\/h3>\n\n\n\n<p class=\"wp-block-paragraph\">\u200bA real contraofensiva do Congresso deve se concentrar na an\u00e1lise do veto em sess\u00e3o conjunta. O deputado <strong>Paulinho da For\u00e7a (Solidariedade)<\/strong>, um dos articuladores do texto, afirmou que a derrubada do veto \u00e9 tratada como &#8220;prov\u00e1vel&#8221; e que o gesto de Lula foi lido como um enfrentamento direto \u00e0 autonomia do Legislativo.<\/p>\n\n\n\n<p class=\"wp-block-paragraph\">\u200bPara reverter a decis\u00e3o do Planalto, s\u00e3o necess\u00e1rios:<\/p>\n\n\n\n<ul class=\"wp-block-list\">\n<li>\u200b<strong>257 votos<\/strong> na C\u00e2mara dos Deputados;<\/li>\n\n\n\n<li>\u200b<strong>41 votos<\/strong> no Senado Federal.<\/li>\n<\/ul>\n\n\n\n<p class=\"wp-block-paragraph\">\u200bO presidente da C\u00e2mara, <strong>Hugo Motta<\/strong>, e o senador <strong>Davi Alcolumbre<\/strong> \u2014 figuras centrais na sucess\u00e3o e na articula\u00e7\u00e3o com o governo \u2014 est\u00e3o sob press\u00e3o para pautar a vota\u00e7\u00e3o logo ap\u00f3s o recesso parlamentar. A insatisfa\u00e7\u00e3o \u00e9 alimentada pelo argumento de que o projeto n\u00e3o visava a impunidade, mas a &#8220;pacifica\u00e7\u00e3o&#8221; por meio de penas proporcionais.<\/p>\n\n\n\n<h3 class=\"wp-block-heading\">\u200bO que est\u00e1 em jogo<\/h3>\n\n\n\n<p class=\"wp-block-paragraph\">\u200bO PL da Dosimetria prop\u00f5e altera\u00e7\u00f5es na Lei de Execu\u00e7\u00e3o Penal que beneficiariam diretamente os r\u00e9us do 8 de janeiro e figuras do &#8220;n\u00facleo duro&#8221; da trama golpista, incluindo o ex-presidente <strong>Jair Bolsonaro<\/strong>, que teve sua pena estimada em 27 anos pelo STF. Se o veto cair e o projeto virar lei:<\/p>\n\n\n\n<ul class=\"wp-block-list\">\n<li>\u200b<strong>Progress\u00e3o de regime:<\/strong> Condenados poderiam progredir para o regime semiaberto ou aberto com fra\u00e7\u00f5es muito menores da pena (at\u00e9 1\/6 em alguns casos).<\/li>\n\n\n\n<li>\u200b<strong>Redu\u00e7\u00e3o por multid\u00e3o:<\/strong> Penas seriam revistas para aqueles que atuaram em contexto de multid\u00e3o, sem lideran\u00e7a comprovada.<\/li>\n<\/ul>\n\n\n\n<h3 class=\"wp-block-heading\">\u200bO contra-ataque do Governo e STF<\/h3>\n\n\n\n<p class=\"wp-block-paragraph\">\u200bO governo Lula fundamentou o veto em &#8220;inconstitucionalidade&#8221; e &#8220;contrariedade ao interesse p\u00fablico&#8221;, alegando que o projeto violaria o Estado Democr\u00e1tico de Direito. Aliados do governo, como o senador <strong>Jaques Wagner (PT-BA)<\/strong> e o l\u00edder <strong>Randolfe Rodrigues<\/strong>, j\u00e1 iniciaram a mobiliza\u00e7\u00e3o para manter o veto, alertando que a medida premia o &#8220;ataque \u00e0s institui\u00e7\u00f5es&#8221;.<\/p>\n\n\n\n<p class=\"wp-block-paragraph\">\u200bMesmo que o Congresso consiga derrubar o veto, a disputa deve terminar no STF. Partidos da base governista j\u00e1 preparam a\u00e7\u00f5es diretas de inconstitucionalidade (ADIs) para barrar a aplica\u00e7\u00e3o da lei, o que promete estender a batalha jur\u00eddica e pol\u00edtica ao longo de todo o ano de 2026.<\/p>\n","protected":false},"excerpt":{"rendered":"<p>\u200bO cen\u00e1rio pol\u00edtico em Bras\u00edlia iniciou o ano de 2026 sob forte tens\u00e3o institucional. Ap\u00f3s o presidente Luiz In\u00e1cio Lula da Silva vetar integralmente o [&#8230;]<\/p>\n","protected":false},"author":1,"featured_media":1792,"comment_status":"open","ping_status":"open","sticky":false,"template":"","format":"standard","meta":{"_crdt_document":"","_jetpack_memberships_contains_paid_content":false,"footnotes":"","jetpack_publicize_message":"","jetpack_publicize_feature_enabled":true,"jetpack_social_post_already_shared":true,"jetpack_social_options":{"image_generator_settings":{"template":"highway","default_image_id":0,"font":"","enabled":false},"version":2}},"categories":[3],"tags":[],"class_list":["post-1791","post","type-post","status-publish","format-standard","has-post-thumbnail","hentry","category-brasil"],"jetpack_publicize_connections":[],"jetpack_featured_media_url":"https:\/\/i0.wp.com\/oexpressobr.com.br\/wp-content\/uploads\/2026\/01\/54988498734_c83a2c29c6_o.jpg?fit=414%2C280&ssl=1","jetpack_likes_enabled":true,"jetpack_sharing_enabled":true,"_links":{"self":[{"href":"https:\/\/oexpressobr.com.br\/index.php?rest_route=\/wp\/v2\/posts\/1791","targetHints":{"allow":["GET"]}}],"collection":[{"href":"https:\/\/oexpressobr.com.br\/index.php?rest_route=\/wp\/v2\/posts"}],"about":[{"href":"https:\/\/oexpressobr.com.br\/index.php?rest_route=\/wp\/v2\/types\/post"}],"author":[{"embeddable":true,"href":"https:\/\/oexpressobr.com.br\/index.php?rest_route=\/wp\/v2\/users\/1"}],"replies":[{"embeddable":true,"href":"https:\/\/oexpressobr.com.br\/index.php?rest_route=%2Fwp%2Fv2%2Fcomments&post=1791"}],"version-history":[{"count":1,"href":"https:\/\/oexpressobr.com.br\/index.php?rest_route=\/wp\/v2\/posts\/1791\/revisions"}],"predecessor-version":[{"id":1793,"href":"https:\/\/oexpressobr.com.br\/index.php?rest_route=\/wp\/v2\/posts\/1791\/revisions\/1793"}],"wp:featuredmedia":[{"embeddable":true,"href":"https:\/\/oexpressobr.com.br\/index.php?rest_route=\/wp\/v2\/media\/1792"}],"wp:attachment":[{"href":"https:\/\/oexpressobr.com.br\/index.php?rest_route=%2Fwp%2Fv2%2Fmedia&parent=1791"}],"wp:term":[{"taxonomy":"category","embeddable":true,"href":"https:\/\/oexpressobr.com.br\/index.php?rest_route=%2Fwp%2Fv2%2Fcategories&post=1791"},{"taxonomy":"post_tag","embeddable":true,"href":"https:\/\/oexpressobr.com.br\/index.php?rest_route=%2Fwp%2Fv2%2Ftags&post=1791"}],"curies":[{"name":"wp","href":"https:\/\/api.w.org\/{rel}","templated":true}]}}