{"id":180,"date":"2025-12-01T19:51:25","date_gmt":"2025-12-01T22:51:25","guid":{"rendered":"https:\/\/oexpressobr.com.br\/?p=180"},"modified":"2025-12-01T19:51:26","modified_gmt":"2025-12-01T22:51:26","slug":"alcolumbre-e-planalto-em-choque-por-indicacao-de-jorge-messias-ao-stf-rito-acelerado-aumenta-tensao","status":"publish","type":"post","link":"https:\/\/oexpressobr.com.br\/?p=180","title":{"rendered":"Alcolumbre e Planalto em Choque por Indica\u00e7\u00e3o de Jorge Messias ao STF, Rito Acelerado Aumenta Tens\u00e3o"},"content":{"rendered":"\n<p class=\"wp-block-paragraph\">\u200bO presidente do Senado, Davi Alcolumbre (Uni\u00e3o-AP), intensificou o atrito com o Pal\u00e1cio do Planalto sobre a indica\u00e7\u00e3o do advogado-geral da Uni\u00e3o, <strong>Jorge Messias<\/strong>, para uma vaga no Supremo Tribunal Federal (STF). A insatisfa\u00e7\u00e3o de Alcolumbre, que preferia o nome do senador <strong>Rodrigo Pacheco<\/strong> (PSD-MG), manifestou-se na acelera\u00e7\u00e3o do rito de an\u00e1lise do indicado e em cr\u00edticas diretas a setores do Executivo, gerando uma crise institucional \u00e0s v\u00e9speras da sabatina.<\/p>\n\n\n\n<h3 class=\"wp-block-heading\">\u200bCr\u00edticas e Resist\u00eancia no Senado<\/h3>\n\n\n\n<p class=\"wp-block-paragraph\">\u200bA indica\u00e7\u00e3o de Messias, feita pelo presidente Luiz In\u00e1cio Lula da Silva, desagradou Alcolumbre, que n\u00e3o teria sido consultado previamente. Aliados do presidente do Senado indicam que ele n\u00e3o apoiar\u00e1 a nomea\u00e7\u00e3o.<\/p>\n\n\n\n<p class=\"wp-block-paragraph\">\u200bEm nota recente (30\/11), Alcolumbre criticou o que chamou de &#8220;tentativa de setores do Executivo&#8221; de criar a &#8220;falsa impress\u00e3o&#8221; de que diverg\u00eancias entre Poderes s\u00e3o resolvidas por &#8220;ajuste de interesse fisiol\u00f3gico, com cargos e emendas&#8221;. O senador considerou a insinua\u00e7\u00e3o &#8220;ofensiva n\u00e3o apenas ao Presidente do Congresso Nacional, mas a todo o Poder Legislativo&#8221;, reiterando a autonomia da Casa para decidir.<\/p>\n\n\n\n<p class=\"wp-block-paragraph\">\u200bAl\u00e9m da prefer\u00eancia por Pacheco, que goza de simpatia na Casa, o presidente do Senado demonstrou contrariedade com a demora do governo em enviar a mensagem de indica\u00e7\u00e3o ap\u00f3s o an\u00fancio, interpretando a atitude como uma tentativa de interferir no cronograma. A sabatina de Messias na Comiss\u00e3o de Constitui\u00e7\u00e3o e Justi\u00e7a (CCJ), presidida por Alcolumbre, est\u00e1 marcada para o dia <strong>10 de dezembro<\/strong>, um rito considerado acelerado em compara\u00e7\u00e3o com indica\u00e7\u00f5es anteriores, como a de Andr\u00e9 Mendon\u00e7a. O tempo curto \u00e9 visto como uma estrat\u00e9gia para dificultar as articula\u00e7\u00f5es do governo em busca de votos.<\/p>\n\n\n\n<h3 class=\"wp-block-heading\">\u200b Governo Tenta Pacifica\u00e7\u00e3o e Reage a Insinua\u00e7\u00f5es<\/h3>\n\n\n\n<p class=\"wp-block-paragraph\">\u200bEm resposta \u00e0s cr\u00edticas, a ministra das Rela\u00e7\u00f5es Institucionais, <strong>Gleisi Hoffmann<\/strong> (PT), defendeu o respeito institucional e negou qualquer tipo de &#8220;fisiologismo&#8221; nas negocia\u00e7\u00f5es. A ministra rebateu as insinua\u00e7\u00f5es de que o Executivo estaria usando cargos e emendas em troca de apoio.<\/p>\n\n\n\n<blockquote class=\"wp-block-quote is-layout-flow wp-block-quote-is-layout-flow\">\n<p class=\"wp-block-paragraph\">\u200b\u201cO governo repele tais insinua\u00e7\u00f5es, da mesma forma que repele as tentativas de dar contornos fisiol\u00f3gicos a todo e qualquer ato administrativo ou pol\u00edtico, que deve transcorrer com a lisura e a transpar\u00eancia que s\u00e3o a marca de nossa gest\u00e3o\u201d, escreveu Gleisi em suas redes sociais, defendendo o crit\u00e9rio de &#8220;m\u00fatuo respeito institucional&#8221; nas indica\u00e7\u00f5es.<\/p>\n<\/blockquote>\n\n\n\n<p class=\"wp-block-paragraph\">\u200bApesar da escalada da tens\u00e3o, o governo tem tentado costurar uma pacifica\u00e7\u00e3o, com Messias buscando conversas com parlamentares e at\u00e9 com Rodrigo Pacheco, seu principal rival na disputa pela vaga. Fontes do Planalto indicam que o pr\u00f3prio presidente Lula pode precisar entrar no jogo para negociar pessoalmente com Alcolumbre e garantir a aprova\u00e7\u00e3o.<\/p>\n\n\n\n<p class=\"wp-block-paragraph\">\u200bPara ser aprovado, Jorge Messias precisa de 14 votos na CCJ e, em seguida, do apoio de, no m\u00ednimo, 41 dos 81 senadores em vota\u00e7\u00e3o secreta no plen\u00e1rio. O cen\u00e1rio \u00e9 de incerteza, com a base governista contando com cerca de 30 votos e a oposi\u00e7\u00e3o trabalhando ativamente para a rejei\u00e7\u00e3o do indicado.<\/p>\n\n\n\n<p class=\"wp-block-paragraph\">\u200bO embate entre Davi Alcolumbre e o Planalto demonstra o peso do Senado na aprova\u00e7\u00e3o de nomes para o STF e coloca a costura pol\u00edtica do governo em um teste decisivo.<\/p>\n","protected":false},"excerpt":{"rendered":"<p>\u200bO presidente do Senado, Davi Alcolumbre (Uni\u00e3o-AP), intensificou o atrito com o Pal\u00e1cio do Planalto sobre a indica\u00e7\u00e3o do advogado-geral da Uni\u00e3o, Jorge Messias, para [&#8230;]<\/p>\n","protected":false},"author":1,"featured_media":181,"comment_status":"open","ping_status":"open","sticky":false,"template":"","format":"standard","meta":{"_crdt_document":"","_jetpack_memberships_contains_paid_content":false,"footnotes":"","jetpack_publicize_message":"","jetpack_publicize_feature_enabled":true,"jetpack_social_post_already_shared":false,"jetpack_social_options":{"image_generator_settings":{"template":"highway","default_image_id":0,"font":"","enabled":false},"version":2}},"categories":[3],"tags":[],"class_list":["post-180","post","type-post","status-publish","format-standard","has-post-thumbnail","hentry","category-brasil"],"jetpack_publicize_connections":[],"jetpack_featured_media_url":"https:\/\/i0.wp.com\/oexpressobr.com.br\/wp-content\/uploads\/2025\/12\/fotojet-2025-11-24t091307.336.jpg?fit=600%2C376&ssl=1","jetpack_likes_enabled":true,"jetpack_sharing_enabled":true,"_links":{"self":[{"href":"https:\/\/oexpressobr.com.br\/index.php?rest_route=\/wp\/v2\/posts\/180","targetHints":{"allow":["GET"]}}],"collection":[{"href":"https:\/\/oexpressobr.com.br\/index.php?rest_route=\/wp\/v2\/posts"}],"about":[{"href":"https:\/\/oexpressobr.com.br\/index.php?rest_route=\/wp\/v2\/types\/post"}],"author":[{"embeddable":true,"href":"https:\/\/oexpressobr.com.br\/index.php?rest_route=\/wp\/v2\/users\/1"}],"replies":[{"embeddable":true,"href":"https:\/\/oexpressobr.com.br\/index.php?rest_route=%2Fwp%2Fv2%2Fcomments&post=180"}],"version-history":[{"count":0,"href":"https:\/\/oexpressobr.com.br\/index.php?rest_route=\/wp\/v2\/posts\/180\/revisions"}],"wp:featuredmedia":[{"embeddable":true,"href":"https:\/\/oexpressobr.com.br\/index.php?rest_route=\/wp\/v2\/media\/181"}],"wp:attachment":[{"href":"https:\/\/oexpressobr.com.br\/index.php?rest_route=%2Fwp%2Fv2%2Fmedia&parent=180"}],"wp:term":[{"taxonomy":"category","embeddable":true,"href":"https:\/\/oexpressobr.com.br\/index.php?rest_route=%2Fwp%2Fv2%2Fcategories&post=180"},{"taxonomy":"post_tag","embeddable":true,"href":"https:\/\/oexpressobr.com.br\/index.php?rest_route=%2Fwp%2Fv2%2Ftags&post=180"}],"curies":[{"name":"wp","href":"https:\/\/api.w.org\/{rel}","templated":true}]}}