{"id":1800,"date":"2026-01-13T11:05:41","date_gmt":"2026-01-13T14:05:41","guid":{"rendered":"https:\/\/oexpressobr.com.br\/?p=1800"},"modified":"2026-01-13T11:05:47","modified_gmt":"2026-01-13T14:05:47","slug":"pf-mira-deputado-felix-mendonca-jr-em-nova-fase-da-operacao-overclean-sobre-desvios-de-emendas","status":"publish","type":"post","link":"https:\/\/oexpressobr.com.br\/?p=1800","title":{"rendered":"PF mira deputado F\u00e9lix Mendon\u00e7a Jr. em nova fase da Opera\u00e7\u00e3o Overclean sobre desvios de emendas"},"content":{"rendered":"\n<p class=\"wp-block-paragraph\">O Minist\u00e9rio da Justi\u00e7a e Seguran\u00e7a P\u00fablica (MJSP) iniciou a semana sob novo comando, ainda que em car\u00e1ter tempor\u00e1rio. O secret\u00e1rio-executivo <strong>Manoel Carlos de Almeida Neto<\/strong> foi nomeado oficialmente como ministro interino da pasta ap\u00f3s a sa\u00edda de <strong>Ricardo Lewandowski<\/strong>, que oficializou seu pedido de demiss\u00e3o na \u00faltima quinta-feira (8), alegando motivos de ordem pessoal e familiar.<\/p>\n\n\n\n<p class=\"wp-block-paragraph\">\u200bA nomea\u00e7\u00e3o de Manoel Carlos, publicada em edi\u00e7\u00e3o extra do Di\u00e1rio Oficial da Uni\u00e3o, visa garantir a continuidade administrativa de uma das pastas mais estrat\u00e9gicas da Esplanada dos Minist\u00e9rios. O interino \u00e9 um nome de confian\u00e7a de Lewandowski, tendo atuado como seu bra\u00e7o direito tanto no minist\u00e9rio quanto durante o per\u00edodo em que o ex-ministro esteve no Supremo Tribunal Federal (STF).<\/p>\n\n\n\n<h3 class=\"wp-block-heading\">\u200bA busca por um perfil pol\u00edtico<\/h3>\n\n\n\n<p class=\"wp-block-paragraph\">\u200bApesar da transi\u00e7\u00e3o t\u00e9cnica e suave conduzida por Manoel Carlos, o presidente <strong>Luiz In\u00e1cio Lula da Silva<\/strong> j\u00e1 iniciou as consultas para encontrar um substituto definitivo. O Pal\u00e1cio do Planalto sinaliza que o perfil desejado para 2026 \u2014 ano eleitoral \u2014 deve ser mais <strong>pol\u00edtico e combativo<\/strong>, capaz de articular pautas complexas no Congresso Nacional e dialogar diretamente com governadores sobre a crise na seguran\u00e7a p\u00fablica.<\/p>\n\n\n\n<p class=\"wp-block-paragraph\">\u200bEntre os principais nomes que circulam nos bastidores para assumir o cargo est\u00e3o:<\/p>\n\n\n\n<ul class=\"wp-block-list\">\n<li>\u200b<strong>Wellington C\u00e9sar Lima e Silva:<\/strong> Atualmente advogado-geral da Petrobras, ele tem forte apoio da &#8220;ala baiana&#8221; do governo, liderada pelo ministro da Casa Civil, Rui Costa.<\/li>\n\n\n\n<li>\u200b<strong>Tarso Genro:<\/strong> O ex-governador e ex-ministro da Justi\u00e7a \u00e9 visto como uma &#8220;solu\u00e7\u00e3o de peso&#8221; que dispensaria tempo de adapta\u00e7\u00e3o, trazendo experi\u00eancia pol\u00edtica para um ano sens\u00edvel.<\/li>\n\n\n\n<li>\u200b<strong>Vin\u00edcius Marques de Carvalho:<\/strong> O atual ministro da Controladoria-Geral da Uni\u00e3o (CGU) \u00e9 bem avaliado por sua compet\u00eancia t\u00e9cnica e fidelidade ao projeto governista.<\/li>\n\n\n\n<li>\u200b<strong>Marco Aur\u00e9lio de Carvalho:<\/strong> Coordenador do grupo Prerrogativas, \u00e9 um nome defendido por setores do PT por sua proximidade com Lula e tr\u00e2nsito no Judici\u00e1rio.<\/li>\n<\/ul>\n\n\n\n<h3 class=\"wp-block-heading\">\u200bDesafios no horizonte<\/h3>\n\n\n\n<p class=\"wp-block-paragraph\">\u200bO novo titular da Justi\u00e7a herdar\u00e1 uma agenda carregada, que inclui a regulamenta\u00e7\u00e3o do uso de Intelig\u00eancia Artificial em investiga\u00e7\u00f5es criminais e o avan\u00e7o da <strong>PEC da Seguran\u00e7a P\u00fablica<\/strong>, que prop\u00f5e maior centraliza\u00e7\u00e3o de diretrizes policiais na Uni\u00e3o.<\/p>\n\n\n\n<p class=\"wp-block-paragraph\">\u200bAl\u00e9m disso, h\u00e1 uma discuss\u00e3o latente sobre o desmembramento da pasta em dois minist\u00e9rios: Justi\u00e7a e Seguran\u00e7a P\u00fablica \u2014 uma promessa de campanha de 2022 que volta ao radar como estrat\u00e9gia para otimizar o combate ao crime organizado antes das elei\u00e7\u00f5es de outubro.<\/p>\n","protected":false},"excerpt":{"rendered":"<p>O Minist\u00e9rio da Justi\u00e7a e Seguran\u00e7a P\u00fablica (MJSP) iniciou a semana sob novo comando, ainda que em car\u00e1ter tempor\u00e1rio. O secret\u00e1rio-executivo Manoel Carlos de Almeida [&#8230;]<\/p>\n","protected":false},"author":1,"featured_media":1801,"comment_status":"open","ping_status":"open","sticky":false,"template":"","format":"standard","meta":{"_crdt_document":"","_jetpack_memberships_contains_paid_content":false,"footnotes":"","jetpack_publicize_message":"","jetpack_publicize_feature_enabled":true,"jetpack_social_post_already_shared":true,"jetpack_social_options":{"image_generator_settings":{"template":"highway","default_image_id":0,"font":"","enabled":false},"version":2}},"categories":[9],"tags":[],"class_list":["post-1800","post","type-post","status-publish","format-standard","has-post-thumbnail","hentry","category-policia"],"jetpack_publicize_connections":[],"jetpack_featured_media_url":"https:\/\/i0.wp.com\/oexpressobr.com.br\/wp-content\/uploads\/2026\/01\/raf05195.webp?fit=1170%2C700&ssl=1","jetpack_likes_enabled":true,"jetpack_sharing_enabled":true,"_links":{"self":[{"href":"https:\/\/oexpressobr.com.br\/index.php?rest_route=\/wp\/v2\/posts\/1800","targetHints":{"allow":["GET"]}}],"collection":[{"href":"https:\/\/oexpressobr.com.br\/index.php?rest_route=\/wp\/v2\/posts"}],"about":[{"href":"https:\/\/oexpressobr.com.br\/index.php?rest_route=\/wp\/v2\/types\/post"}],"author":[{"embeddable":true,"href":"https:\/\/oexpressobr.com.br\/index.php?rest_route=\/wp\/v2\/users\/1"}],"replies":[{"embeddable":true,"href":"https:\/\/oexpressobr.com.br\/index.php?rest_route=%2Fwp%2Fv2%2Fcomments&post=1800"}],"version-history":[{"count":1,"href":"https:\/\/oexpressobr.com.br\/index.php?rest_route=\/wp\/v2\/posts\/1800\/revisions"}],"predecessor-version":[{"id":1802,"href":"https:\/\/oexpressobr.com.br\/index.php?rest_route=\/wp\/v2\/posts\/1800\/revisions\/1802"}],"wp:featuredmedia":[{"embeddable":true,"href":"https:\/\/oexpressobr.com.br\/index.php?rest_route=\/wp\/v2\/media\/1801"}],"wp:attachment":[{"href":"https:\/\/oexpressobr.com.br\/index.php?rest_route=%2Fwp%2Fv2%2Fmedia&parent=1800"}],"wp:term":[{"taxonomy":"category","embeddable":true,"href":"https:\/\/oexpressobr.com.br\/index.php?rest_route=%2Fwp%2Fv2%2Fcategories&post=1800"},{"taxonomy":"post_tag","embeddable":true,"href":"https:\/\/oexpressobr.com.br\/index.php?rest_route=%2Fwp%2Fv2%2Ftags&post=1800"}],"curies":[{"name":"wp","href":"https:\/\/api.w.org\/{rel}","templated":true}]}}