{"id":1806,"date":"2026-01-13T13:28:57","date_gmt":"2026-01-13T16:28:57","guid":{"rendered":"https:\/\/oexpressobr.com.br\/?p=1806"},"modified":"2026-01-13T13:29:03","modified_gmt":"2026-01-13T16:29:03","slug":"mpf-investiga-suposto-esquema-de-caixa-dois-e-propina-envolvendo-sanepar-e-governo-do-parana","status":"publish","type":"post","link":"https:\/\/oexpressobr.com.br\/?p=1806","title":{"rendered":"MPF investiga suposto esquema de caixa dois e propina envolvendo Sanepar e Governo do Paran\u00e1"},"content":{"rendered":"\n<p class=\"wp-block-paragraph\">O cen\u00e1rio pol\u00edtico paranaense inicia o ano sob forte tens\u00e3o institucional. O <strong>Minist\u00e9rio P\u00fablico Federal (MPF)<\/strong> oficializou a abertura de uma Not\u00edcia de Fato para investigar den\u00fancias grav\u00edssimas que atingem o n\u00facleo do <strong>Governo do Estado<\/strong> e a <strong>Sanepar<\/strong>. A investiga\u00e7\u00e3o, sob a responsabilidade do procurador Ercias Rodrigues de Sousa, foca em um suposto esquema de arrecada\u00e7\u00e3o ilegal destinado a quitar d\u00edvidas de campanhas eleitorais.<\/p>\n\n\n\n<h3 class=\"wp-block-heading\">\u200bO cerne das acusa\u00e7\u00f5es: \u00c1udios e coa\u00e7\u00e3o<\/h3>\n\n\n\n<p class=\"wp-block-paragraph\">\u200bAs den\u00fancias, protocoladas pelos deputados estaduais <strong>Requi\u00e3o Filho (PDT)<\/strong> e <strong>Arilson Chiorato (PT)<\/strong> no final de dezembro, ganharam corpo com a entrega de materiais que sugerem uma estrutura organizada de corrup\u00e7\u00e3o. De acordo com os parlamentares, o esquema envolveria:<\/p>\n\n\n\n<ul class=\"wp-block-list\">\n<li>\u200b<strong>Caixa dois e propinas:<\/strong> Utiliza\u00e7\u00e3o de recursos n\u00e3o contabilizados para fins pol\u00edticos.<\/li>\n\n\n\n<li>\u200b<strong>Coa\u00e7\u00e3o de funcion\u00e1rios:<\/strong> Relatos de press\u00e3o sobre servidores para contribui\u00e7\u00f5es financeiras.<\/li>\n\n\n\n<li>\u200b<strong>Gest\u00e3o de cargos:<\/strong> Suspeitas sobre a contrata\u00e7\u00e3o de funcion\u00e1rios n\u00e3o concursados em estatais como Sanepar, Copel e Cohapar para operacionalizar o fluxo de recursos.<\/li>\n<\/ul>\n\n\n\n<p class=\"wp-block-paragraph\">\u200bA investiga\u00e7\u00e3o corre na esfera do <strong>Direito Eleitoral<\/strong>, o que coloca em xeque a lisura das contas de campanha do governador Ratinho Jr.<\/p>\n\n\n\n<h3 class=\"wp-block-heading\">\u200bPress\u00e3o sobre as Estatais e \u00f3rg\u00e3os de controle<\/h3>\n\n\n\n<p class=\"wp-block-paragraph\">\u200bAl\u00e9m do MPF, a ofensiva dos deputados de oposi\u00e7\u00e3o busca cercar o governo em diversas frentes t\u00e9cnicas e jur\u00eddicas. Foram enviados pedidos de provid\u00eancias para:<\/p>\n\n\n\n<ol class=\"wp-block-list\">\n<li>\u200b<strong>CVM (Comiss\u00e3o de Valores Mobili\u00e1rios):<\/strong> Devido ao fato de a Sanepar e a Copel possu\u00edrem capital aberto, qualquer desvio de finalidade pode configurar crime contra o mercado de capitais.<\/li>\n\n\n\n<li>\u200b<strong>Pol\u00edcia Federal:<\/strong> Para apurar poss\u00edveis crimes de peculato e corrup\u00e7\u00e3o passiva.<\/li>\n\n\n\n<li>\u200b<strong>TCE-PR e Agepar:<\/strong> Para auditoria interna nos contratos e na folha de pagamento das empresas p\u00fablicas.<\/li>\n<\/ol>\n\n\n\n<h3 class=\"wp-block-heading\">\u200bRea\u00e7\u00f5es e o &#8220;Sil\u00eancio do Pal\u00e1cio&#8221;<\/h3>\n\n\n\n<p class=\"wp-block-paragraph\">\u200bO deputado Requi\u00e3o Filho tem criticado publicamente a postura do Executivo estadual. Segundo ele, a aus\u00eancia de uma nota oficial detalhada por parte do governador Ratinho Jr. sobre o teor dos \u00e1udios \u00e9 preocupante. &#8220;O sil\u00eancio estridente vindo do Pal\u00e1cio do Governo refor\u00e7a a falta de transpar\u00eancia&#8221;, afirmou o parlamentar.<\/p>\n\n\n\n<p class=\"wp-block-paragraph\">\u200bA defesa do Governo do Paran\u00e1 e a diretoria da Sanepar, em manifesta\u00e7\u00f5es anteriores sobre temas correlatos, costumam reiterar que seguem protocolos r\u00edgidos de <em>compliance<\/em> e que as den\u00fancias possuem motiva\u00e7\u00e3o pol\u00edtica de oposi\u00e7\u00e3o. No entanto, com a formaliza\u00e7\u00e3o da investiga\u00e7\u00e3o no MPF em <strong>7 de janeiro<\/strong>, o caso sobe de patamar, exigindo respostas jur\u00eddicas formais.<\/p>\n\n\n\n<h3 class=\"wp-block-heading\">\u200bPr\u00f3ximos Passos da Investiga\u00e7\u00e3o<\/h3>\n\n\n\n<p class=\"wp-block-paragraph\">\u200bO procurador Ercias Rodrigues de Sousa deve agora analisar a per\u00edcia dos \u00e1udios e decidir se h\u00e1 elementos suficientes para a convers\u00e3o da Not\u00edcia de Fato em um <strong>Inqu\u00e9rito Civil ou Criminal<\/strong>. Caso as irregularidades na Sanepar sejam confirmadas, a empresa pode enfrentar san\u00e7\u00f5es pesadas, inclusive no mercado financeiro internacional.<\/p>\n","protected":false},"excerpt":{"rendered":"<p>O cen\u00e1rio pol\u00edtico paranaense inicia o ano sob forte tens\u00e3o institucional. O Minist\u00e9rio P\u00fablico Federal (MPF) oficializou a abertura de uma Not\u00edcia de Fato para [&#8230;]<\/p>\n","protected":false},"author":1,"featured_media":1807,"comment_status":"open","ping_status":"open","sticky":false,"template":"","format":"standard","meta":{"_crdt_document":"","_jetpack_memberships_contains_paid_content":false,"footnotes":"","jetpack_publicize_message":"","jetpack_publicize_feature_enabled":true,"jetpack_social_post_already_shared":true,"jetpack_social_options":{"image_generator_settings":{"template":"highway","default_image_id":0,"font":"","enabled":false},"version":2}},"categories":[5],"tags":[],"class_list":["post-1806","post","type-post","status-publish","format-standard","has-post-thumbnail","hentry","category-parana"],"jetpack_publicize_connections":[],"jetpack_featured_media_url":"https:\/\/i0.wp.com\/oexpressobr.com.br\/wp-content\/uploads\/2026\/01\/images11.jpg?fit=529%2C378&ssl=1","jetpack_likes_enabled":true,"jetpack_sharing_enabled":true,"_links":{"self":[{"href":"https:\/\/oexpressobr.com.br\/index.php?rest_route=\/wp\/v2\/posts\/1806","targetHints":{"allow":["GET"]}}],"collection":[{"href":"https:\/\/oexpressobr.com.br\/index.php?rest_route=\/wp\/v2\/posts"}],"about":[{"href":"https:\/\/oexpressobr.com.br\/index.php?rest_route=\/wp\/v2\/types\/post"}],"author":[{"embeddable":true,"href":"https:\/\/oexpressobr.com.br\/index.php?rest_route=\/wp\/v2\/users\/1"}],"replies":[{"embeddable":true,"href":"https:\/\/oexpressobr.com.br\/index.php?rest_route=%2Fwp%2Fv2%2Fcomments&post=1806"}],"version-history":[{"count":1,"href":"https:\/\/oexpressobr.com.br\/index.php?rest_route=\/wp\/v2\/posts\/1806\/revisions"}],"predecessor-version":[{"id":1808,"href":"https:\/\/oexpressobr.com.br\/index.php?rest_route=\/wp\/v2\/posts\/1806\/revisions\/1808"}],"wp:featuredmedia":[{"embeddable":true,"href":"https:\/\/oexpressobr.com.br\/index.php?rest_route=\/wp\/v2\/media\/1807"}],"wp:attachment":[{"href":"https:\/\/oexpressobr.com.br\/index.php?rest_route=%2Fwp%2Fv2%2Fmedia&parent=1806"}],"wp:term":[{"taxonomy":"category","embeddable":true,"href":"https:\/\/oexpressobr.com.br\/index.php?rest_route=%2Fwp%2Fv2%2Fcategories&post=1806"},{"taxonomy":"post_tag","embeddable":true,"href":"https:\/\/oexpressobr.com.br\/index.php?rest_route=%2Fwp%2Fv2%2Ftags&post=1806"}],"curies":[{"name":"wp","href":"https:\/\/api.w.org\/{rel}","templated":true}]}}