{"id":183,"date":"2025-12-01T19:56:59","date_gmt":"2025-12-01T22:56:59","guid":{"rendered":"https:\/\/oexpressobr.com.br\/?p=183"},"modified":"2025-12-01T19:57:00","modified_gmt":"2025-12-01T22:57:00","slug":"alexandre-de-moraes-determina-pericia-da-pf-em-augusto-heleno-para-comprovar-diagnostico-de-alzheimer","status":"publish","type":"post","link":"https:\/\/oexpressobr.com.br\/?p=183","title":{"rendered":"Alexandre de Moraes determina per\u00edcia da PF em Augusto Heleno para comprovar diagn\u00f3stico de Alzheimer"},"content":{"rendered":"\n<p class=\"wp-block-paragraph\">\u200bO ministro <strong>Alexandre de Moraes<\/strong>, do Supremo Tribunal Federal (STF), determinou que o general da reserva <strong>Augusto Heleno<\/strong>, condenado a 21 anos de pris\u00e3o por tentativa de golpe de Estado, seja submetido a uma per\u00edcia m\u00e9dica da Pol\u00edcia Federal (PF). O objetivo \u00e9 comprovar efetivamente o diagn\u00f3stico de dem\u00eancia mista (Alzheimer e vascular), alegado pela defesa para solicitar a concess\u00e3o de pris\u00e3o domiciliar humanit\u00e1ria.<\/p>\n\n\n\n<p class=\"wp-block-paragraph\">\u200bA decis\u00e3o de Moraes, datada desta segunda-feira (1\u00ba), exige que o laudo pericial seja elaborado em um prazo de <strong>15 dias<\/strong> por peritos da PF. O exame completo dever\u00e1 incluir:<\/p>\n\n\n\n<ul class=\"wp-block-list\">\n<li>\u200bAvalia\u00e7\u00e3o cl\u00ednica completa;<\/li>\n\n\n\n<li>\u200bHist\u00f3rico m\u00e9dico;<\/li>\n\n\n\n<li>\u200bExames de laborat\u00f3rio (incluindo fun\u00e7\u00e3o tireoidiana e n\u00edveis de vitamina B12);<\/li>\n\n\n\n<li>\u200bAvalia\u00e7\u00f5es neurol\u00f3gicas e neuropsicol\u00f3gicas;<\/li>\n\n\n\n<li>\u200bExames de imagem, como resson\u00e2ncia magn\u00e9tica e PET, se necess\u00e1rio.<\/li>\n<\/ul>\n\n\n\n<h3 class=\"wp-block-heading\">\u200b\ud83d\udd0d <strong>Contradi\u00e7\u00f5es sobre o In\u00edcio da Doen\u00e7a Motivaram a Per\u00edcia<\/strong><\/h3>\n\n\n\n<p class=\"wp-block-paragraph\">\u200bA determina\u00e7\u00e3o do ministro foi motivada por <strong>&#8220;informa\u00e7\u00f5es contradit\u00f3rias&#8221;<\/strong> sobre o estado de sa\u00fade do militar, que tem 78 anos e iniciou o cumprimento da pena no Comando Militar do Planalto no dia 25 de novembro.<\/p>\n\n\n\n<ul class=\"wp-block-list\">\n<li>\u200b<strong>Relato inicial:<\/strong> Ao ser preso, o ex-ministro do Gabinete de Seguran\u00e7a Institucional (GSI) teria afirmado a uma equipe m\u00e9dica que sofria de Alzheimer desde <strong>2018<\/strong>.<\/li>\n\n\n\n<li>\u200b<strong>Posicionamento da defesa:<\/strong> Posteriormente, em peti\u00e7\u00e3o ao STF, os advogados negaram que o diagn\u00f3stico fosse de 2018. Eles esclareceram que Heleno tinha hist\u00f3rico psiqui\u00e1trico (transtorno depressivo grave e ansiedade) desde aquela \u00e9poca, mas o diagn\u00f3stico definitivo de dem\u00eancia mista (Alzheimer e vascular) em est\u00e1gio inicial s\u00f3 teria sido feito em <strong>janeiro de 2025<\/strong>. A defesa argumentou que essa informa\u00e7\u00e3o inicial de 2018 em laudo de corpo de delito seria um equ\u00edvoco do perito.<\/li>\n<\/ul>\n\n\n\n<p class=\"wp-block-paragraph\">\u200bMoraes j\u00e1 havia dado um prazo de cinco dias, no s\u00e1bado (29), para que a defesa apresentasse todos os documentos m\u00e9dicos sobre a evolu\u00e7\u00e3o do quadro de sa\u00fade do general. A diverg\u00eancia nas datas e o hist\u00f3rico cl\u00ednico exigiram a interven\u00e7\u00e3o pericial para dirimir as d\u00favidas.<\/p>\n\n\n\n<p class=\"wp-block-paragraph\">\u200bA defesa de Heleno busca a pris\u00e3o domiciliar em raz\u00e3o da idade avan\u00e7ada do militar e de suas comorbidades. A Procuradoria-Geral da Rep\u00fablica (PGR) j\u00e1 se manifestou favoravelmente \u00e0 mudan\u00e7a para o regime domiciliar humanit\u00e1rio, citando o quadro de sa\u00fade e a idade do general.<\/p>\n","protected":false},"excerpt":{"rendered":"<p>\u200bO ministro Alexandre de Moraes, do Supremo Tribunal Federal (STF), determinou que o general da reserva Augusto Heleno, condenado a 21 anos de pris\u00e3o por [&#8230;]<\/p>\n","protected":false},"author":1,"featured_media":184,"comment_status":"open","ping_status":"open","sticky":false,"template":"","format":"standard","meta":{"_crdt_document":"","_jetpack_memberships_contains_paid_content":false,"footnotes":"","jetpack_publicize_message":"","jetpack_publicize_feature_enabled":true,"jetpack_social_post_already_shared":false,"jetpack_social_options":{"image_generator_settings":{"template":"highway","default_image_id":0,"font":"","enabled":false},"version":2}},"categories":[8],"tags":[],"class_list":["post-183","post","type-post","status-publish","format-standard","has-post-thumbnail","hentry","category-judiciario"],"jetpack_publicize_connections":[],"jetpack_featured_media_url":"https:\/\/i0.wp.com\/oexpressobr.com.br\/wp-content\/uploads\/2025\/12\/IMG-20251201-WA0303.jpg?fit=1080%2C1350&ssl=1","jetpack_likes_enabled":true,"jetpack_sharing_enabled":true,"_links":{"self":[{"href":"https:\/\/oexpressobr.com.br\/index.php?rest_route=\/wp\/v2\/posts\/183","targetHints":{"allow":["GET"]}}],"collection":[{"href":"https:\/\/oexpressobr.com.br\/index.php?rest_route=\/wp\/v2\/posts"}],"about":[{"href":"https:\/\/oexpressobr.com.br\/index.php?rest_route=\/wp\/v2\/types\/post"}],"author":[{"embeddable":true,"href":"https:\/\/oexpressobr.com.br\/index.php?rest_route=\/wp\/v2\/users\/1"}],"replies":[{"embeddable":true,"href":"https:\/\/oexpressobr.com.br\/index.php?rest_route=%2Fwp%2Fv2%2Fcomments&post=183"}],"version-history":[{"count":0,"href":"https:\/\/oexpressobr.com.br\/index.php?rest_route=\/wp\/v2\/posts\/183\/revisions"}],"wp:featuredmedia":[{"embeddable":true,"href":"https:\/\/oexpressobr.com.br\/index.php?rest_route=\/wp\/v2\/media\/184"}],"wp:attachment":[{"href":"https:\/\/oexpressobr.com.br\/index.php?rest_route=%2Fwp%2Fv2%2Fmedia&parent=183"}],"wp:term":[{"taxonomy":"category","embeddable":true,"href":"https:\/\/oexpressobr.com.br\/index.php?rest_route=%2Fwp%2Fv2%2Fcategories&post=183"},{"taxonomy":"post_tag","embeddable":true,"href":"https:\/\/oexpressobr.com.br\/index.php?rest_route=%2Fwp%2Fv2%2Ftags&post=183"}],"curies":[{"name":"wp","href":"https:\/\/api.w.org\/{rel}","templated":true}]}}