{"id":1856,"date":"2026-01-14T14:07:45","date_gmt":"2026-01-14T17:07:45","guid":{"rendered":"https:\/\/oexpressobr.com.br\/?p=1856"},"modified":"2026-01-14T14:07:46","modified_gmt":"2026-01-14T17:07:46","slug":"app-sindicato-orienta-professores-pss-sobre-prazos-de-contratos-e-atribuicao-de-aulas-para-2026","status":"publish","type":"post","link":"https:\/\/oexpressobr.com.br\/?p=1856","title":{"rendered":"APP-Sindicato orienta professores PSS sobre prazos de contratos e atribui\u00e7\u00e3o de aulas para 2026"},"content":{"rendered":"\n<p class=\"wp-block-paragraph\">Com o in\u00edcio do ano letivo de 2026 se aproximando, a <strong>APP-Sindicato<\/strong> emitiu um alerta crucial para os professores e funcion\u00e1rios contratados sob o regime de Processo Seletivo Simplificado (PSS) no Paran\u00e1. O foco central da orienta\u00e7\u00e3o \u00e9 o cumprimento rigoroso dos prazos para a assinatura de contratos e a confer\u00eancia da pontua\u00e7\u00e3o para a distribui\u00e7\u00e3o de aulas.<\/p>\n\n\n\n<h3 class=\"wp-block-heading\">\u200bPrazos e Recursos: Aten\u00e7\u00e3o ao Cronograma<\/h3>\n\n\n\n<p class=\"wp-block-paragraph\">\u200bDe acordo com as diretrizes do sindicato e da Secretaria de Estado da Educa\u00e7\u00e3o (SEED-PR), os educadores devem ficar atentos \u00e0 divulga\u00e7\u00e3o das classifica\u00e7\u00f5es finais. O ponto de maior urg\u00eancia no momento \u00e9 o seguinte:<\/p>\n\n\n\n<ul class=\"wp-block-list\">\n<li>\u200b<strong>Prazo para Recursos:<\/strong> Educadores que identificarem qualquer diverg\u00eancia ou erro nas informa\u00e7\u00f5es de inscri\u00e7\u00e3o (como tempo de servi\u00e7o ou titula\u00e7\u00e3o) t\u00eam at\u00e9 o dia <strong>22 de janeiro<\/strong> para protocolar recursos junto ao N\u00facleo Regional de Educa\u00e7\u00e3o (NRE) correspondente.<\/li>\n\n\n\n<li>\u200b<strong>Distribui\u00e7\u00e3o Digital:<\/strong> A SEED-PR mant\u00e9m o sistema de distribui\u00e7\u00e3o de aulas de forma online, exigindo que os docentes monitorem constantemente o portal oficial para n\u00e3o perderem as convoca\u00e7\u00f5es.<\/li>\n\n\n\n<li>\u200b<strong>Luta por Estabilidade:<\/strong> A APP-Sindicato refor\u00e7a que, embora a orienta\u00e7\u00e3o seja t\u00e9cnica para garantir o emprego imediato, a pauta pol\u00edtica continua sendo a realiza\u00e7\u00e3o de novos concursos p\u00fablicos para reduzir a precariza\u00e7\u00e3o do trabalho tempor\u00e1rio.<\/li>\n\n\n\n<li>\u200b<strong>Documenta\u00e7\u00e3o:<\/strong> Para a assinatura do contrato, \u00e9 essencial que os exames m\u00e9dicos e a documenta\u00e7\u00e3o pessoal estejam digitalizados e atualizados, conforme as exig\u00eancias do \u00faltimo edital vigente.<\/li>\n<\/ul>\n","protected":false},"excerpt":{"rendered":"<p>Com o in\u00edcio do ano letivo de 2026 se aproximando, a APP-Sindicato emitiu um alerta crucial para os professores e funcion\u00e1rios contratados sob o regime [&#8230;]<\/p>\n","protected":false},"author":1,"featured_media":1857,"comment_status":"open","ping_status":"open","sticky":false,"template":"","format":"standard","meta":{"_crdt_document":"","_jetpack_memberships_contains_paid_content":false,"footnotes":"","jetpack_publicize_message":"","jetpack_publicize_feature_enabled":true,"jetpack_social_post_already_shared":true,"jetpack_social_options":{"image_generator_settings":{"template":"highway","default_image_id":0,"font":"","enabled":false},"version":2}},"categories":[6],"tags":[],"class_list":["post-1856","post","type-post","status-publish","format-standard","has-post-thumbnail","hentry","category-educacao"],"jetpack_publicize_connections":[],"jetpack_featured_media_url":"https:\/\/i0.wp.com\/oexpressobr.com.br\/wp-content\/uploads\/2026\/01\/images13.jpg?fit=535%2C373&ssl=1","jetpack_likes_enabled":true,"jetpack_sharing_enabled":true,"_links":{"self":[{"href":"https:\/\/oexpressobr.com.br\/index.php?rest_route=\/wp\/v2\/posts\/1856","targetHints":{"allow":["GET"]}}],"collection":[{"href":"https:\/\/oexpressobr.com.br\/index.php?rest_route=\/wp\/v2\/posts"}],"about":[{"href":"https:\/\/oexpressobr.com.br\/index.php?rest_route=\/wp\/v2\/types\/post"}],"author":[{"embeddable":true,"href":"https:\/\/oexpressobr.com.br\/index.php?rest_route=\/wp\/v2\/users\/1"}],"replies":[{"embeddable":true,"href":"https:\/\/oexpressobr.com.br\/index.php?rest_route=%2Fwp%2Fv2%2Fcomments&post=1856"}],"version-history":[{"count":1,"href":"https:\/\/oexpressobr.com.br\/index.php?rest_route=\/wp\/v2\/posts\/1856\/revisions"}],"predecessor-version":[{"id":1858,"href":"https:\/\/oexpressobr.com.br\/index.php?rest_route=\/wp\/v2\/posts\/1856\/revisions\/1858"}],"wp:featuredmedia":[{"embeddable":true,"href":"https:\/\/oexpressobr.com.br\/index.php?rest_route=\/wp\/v2\/media\/1857"}],"wp:attachment":[{"href":"https:\/\/oexpressobr.com.br\/index.php?rest_route=%2Fwp%2Fv2%2Fmedia&parent=1856"}],"wp:term":[{"taxonomy":"category","embeddable":true,"href":"https:\/\/oexpressobr.com.br\/index.php?rest_route=%2Fwp%2Fv2%2Fcategories&post=1856"},{"taxonomy":"post_tag","embeddable":true,"href":"https:\/\/oexpressobr.com.br\/index.php?rest_route=%2Fwp%2Fv2%2Ftags&post=1856"}],"curies":[{"name":"wp","href":"https:\/\/api.w.org\/{rel}","templated":true}]}}