{"id":1859,"date":"2026-01-14T14:13:50","date_gmt":"2026-01-14T17:13:50","guid":{"rendered":"https:\/\/oexpressobr.com.br\/?p=1859"},"modified":"2026-01-14T14:13:52","modified_gmt":"2026-01-14T17:13:52","slug":"pf-prende-maior-doador-de-tarcisio-e-bolsonaro-por-suspeita-de-fraude-bilionaria","status":"publish","type":"post","link":"https:\/\/oexpressobr.com.br\/?p=1859","title":{"rendered":"PF PRENDE maior doador de Tarc\u00edsio e Bolsonaro por suspeita de fraude bilion\u00e1ria"},"content":{"rendered":"\n<p class=\"wp-block-paragraph\">\u200bA Pol\u00edcia Federal (PF) deflagrou na manh\u00e3 desta quarta-feira (14\/01\/2026) a segunda fase da <strong>Opera\u00e7\u00e3o Compliance Zero<\/strong>, que mira uma organiza\u00e7\u00e3o criminosa suspeita de fraudes financeiras bilion\u00e1rias. O principal alvo da ofensiva \u00e9 o empres\u00e1rio e pastor <strong>Fabiano Zettel<\/strong>, apontado como o maior doador individual das campanhas do governador de S\u00e3o Paulo, <strong>Tarc\u00edsio de Freitas<\/strong>, e do ex-presidente <strong>Jair Bolsonaro<\/strong> nas elei\u00e7\u00f5es de 2022.<\/p>\n\n\n\n<p class=\"wp-block-paragraph\">\u200bZettel foi detido temporariamente no Aeroporto Internacional de Belo Horizonte, em Confins, no momento em que tentava embarcar em um voo com destino aos Emirados \u00c1rabes Unidos. De acordo com as investiga\u00e7\u00f5es, ele teria um papel central na gest\u00e3o de ativos ligados ao <strong>Banco Master<\/strong>, institui\u00e7\u00e3o que est\u00e1 sob a lupa das autoridades por um suposto rombo e movimenta\u00e7\u00f5es fraudulentas que somam <strong>R$ 12,2 bilh\u00f5es<\/strong>.<\/p>\n\n\n\n<h3 class=\"wp-block-heading\">\u200bO esquema e as conex\u00f5es pol\u00edticas<\/h3>\n\n\n\n<p class=\"wp-block-paragraph\">\u200bA opera\u00e7\u00e3o, autorizada pelo ministro Dias Toffoli, do Supremo Tribunal Federal (STF), investiga crimes de gest\u00e3o fraudulenta, lavagem de dinheiro, organiza\u00e7\u00e3o criminosa e manipula\u00e7\u00e3o de mercado. Fabiano Zettel \u00e9 cunhado de <strong>Daniel Vorcaro<\/strong>, dono do Banco Master, e CEO da <em>Moriah Asset<\/em>, uma gestora de recursos que, segundo a PF, teria sido utilizada para ocultar a origem il\u00edcita de capitais.<\/p>\n\n\n\n<p class=\"wp-block-paragraph\">\u200bNas elei\u00e7\u00f5es de 2022, a generosidade de Zettel com os candidatos da direita chamou a aten\u00e7\u00e3o:<\/p>\n\n\n\n<ul class=\"wp-block-list\">\n<li>\u200b<strong>Jair Bolsonaro:<\/strong> Recebeu <strong>R$ 3 milh\u00f5es<\/strong> em doa\u00e7\u00f5es diretas.<\/li>\n\n\n\n<li>\u200b<strong>Tarc\u00edsio de Freitas:<\/strong> Recebeu <strong>R$ 2 milh\u00f5es<\/strong>, tornando Zettel o maior financiador pessoa f\u00edsica de sua campanha ao Pal\u00e1cio dos Bandeirantes.<\/li>\n<\/ul>\n\n\n\n<p class=\"wp-block-paragraph\">\u200bAl\u00e9m de Zettel e Vorcaro, a PF tamb\u00e9m cumpriu mandados contra o investidor <strong>Nelson Tanure<\/strong>, que recentemente arrematou a Emae (Empresa Metropolitana de \u00c1guas e Energia) em um leil\u00e3o promovido pelo governo Tarc\u00edsio, embora tenha perdido o controle da companhia posteriormente.<\/p>\n\n\n\n<h3 class=\"wp-block-heading\">\u200bRea\u00e7\u00f5es e desdobramentos<\/h3>\n\n\n\n<p class=\"wp-block-paragraph\">\u200bEm nota oficial, o Pal\u00e1cio dos Bandeirantes afirmou que o governador Tarc\u00edsio de Freitas n\u00e3o possui v\u00ednculo pessoal com o doador e que todas as doa\u00e7\u00f5es de sua campanha foram realizadas dentro da legalidade e devidamente aprovadas pela Justi\u00e7a Eleitoral. A defesa de Jair Bolsonaro ainda n\u00e3o se manifestou sobre o caso.<\/p>\n\n\n\n<p class=\"wp-block-paragraph\">\u200bA opera\u00e7\u00e3o de hoje resultou no bloqueio de <strong>R$ 5,7 bilh\u00f5es<\/strong> em bens e valores dos investigados. Foram apreendidos carros de luxo, rel\u00f3gios de alto padr\u00e3o e cerca de R$ 300 mil em esp\u00e9cie. A PF acredita que a pris\u00e3o de Zettel no aeroporto indica uma tentativa de fuga para evitar a jurisdi\u00e7\u00e3o brasileira.<\/p>\n\n\n\n<blockquote class=\"wp-block-quote is-layout-flow wp-block-quote-is-layout-flow\">\n<p class=\"wp-block-paragraph\">\u200b&#8221;As medidas visam interromper a atua\u00e7\u00e3o da organiza\u00e7\u00e3o criminosa e garantir a recupera\u00e7\u00e3o de ativos desviados de fundos de investimento&#8221;, informou a Pol\u00edcia Federal em comunicado.<\/p>\n<\/blockquote>\n","protected":false},"excerpt":{"rendered":"<p>\u200bA Pol\u00edcia Federal (PF) deflagrou na manh\u00e3 desta quarta-feira (14\/01\/2026) a segunda fase da Opera\u00e7\u00e3o Compliance Zero, que mira uma organiza\u00e7\u00e3o criminosa suspeita de fraudes [&#8230;]<\/p>\n","protected":false},"author":1,"featured_media":1860,"comment_status":"open","ping_status":"open","sticky":false,"template":"","format":"standard","meta":{"_crdt_document":"","_jetpack_memberships_contains_paid_content":false,"footnotes":"","jetpack_publicize_message":"","jetpack_publicize_feature_enabled":true,"jetpack_social_post_already_shared":true,"jetpack_social_options":{"image_generator_settings":{"template":"highway","default_image_id":0,"font":"","enabled":false},"version":2}},"categories":[9],"tags":[],"class_list":["post-1859","post","type-post","status-publish","format-standard","has-post-thumbnail","hentry","category-policia"],"jetpack_publicize_connections":[],"jetpack_featured_media_url":"https:\/\/i0.wp.com\/oexpressobr.com.br\/wp-content\/uploads\/2026\/01\/035ed9ee-fabiano-zettel-cunhado-de-daniel-vorcaro.webp?fit=900%2C600&ssl=1","jetpack_likes_enabled":true,"jetpack_sharing_enabled":true,"_links":{"self":[{"href":"https:\/\/oexpressobr.com.br\/index.php?rest_route=\/wp\/v2\/posts\/1859","targetHints":{"allow":["GET"]}}],"collection":[{"href":"https:\/\/oexpressobr.com.br\/index.php?rest_route=\/wp\/v2\/posts"}],"about":[{"href":"https:\/\/oexpressobr.com.br\/index.php?rest_route=\/wp\/v2\/types\/post"}],"author":[{"embeddable":true,"href":"https:\/\/oexpressobr.com.br\/index.php?rest_route=\/wp\/v2\/users\/1"}],"replies":[{"embeddable":true,"href":"https:\/\/oexpressobr.com.br\/index.php?rest_route=%2Fwp%2Fv2%2Fcomments&post=1859"}],"version-history":[{"count":1,"href":"https:\/\/oexpressobr.com.br\/index.php?rest_route=\/wp\/v2\/posts\/1859\/revisions"}],"predecessor-version":[{"id":1861,"href":"https:\/\/oexpressobr.com.br\/index.php?rest_route=\/wp\/v2\/posts\/1859\/revisions\/1861"}],"wp:featuredmedia":[{"embeddable":true,"href":"https:\/\/oexpressobr.com.br\/index.php?rest_route=\/wp\/v2\/media\/1860"}],"wp:attachment":[{"href":"https:\/\/oexpressobr.com.br\/index.php?rest_route=%2Fwp%2Fv2%2Fmedia&parent=1859"}],"wp:term":[{"taxonomy":"category","embeddable":true,"href":"https:\/\/oexpressobr.com.br\/index.php?rest_route=%2Fwp%2Fv2%2Fcategories&post=1859"},{"taxonomy":"post_tag","embeddable":true,"href":"https:\/\/oexpressobr.com.br\/index.php?rest_route=%2Fwp%2Fv2%2Ftags&post=1859"}],"curies":[{"name":"wp","href":"https:\/\/api.w.org\/{rel}","templated":true}]}}