{"id":186,"date":"2025-12-01T20:02:04","date_gmt":"2025-12-01T23:02:04","guid":{"rendered":"https:\/\/oexpressobr.com.br\/?p=186"},"modified":"2025-12-01T20:05:02","modified_gmt":"2025-12-01T23:05:02","slug":"camara-bloqueia-salario-e-cota-de-ramagem-apos-fuga-e-condenacao-do-stf","status":"publish","type":"post","link":"https:\/\/oexpressobr.com.br\/?p=186","title":{"rendered":"C\u00e2mara Bloqueia Sal\u00e1rio e Cota de Ramagem Ap\u00f3s Fuga e Condena\u00e7\u00e3o do STF"},"content":{"rendered":"\n<p class=\"wp-block-paragraph\">\u200bA C\u00e2mara dos Deputados cumpriu uma determina\u00e7\u00e3o do Supremo Tribunal Federal (STF) e efetuou o <strong>bloqueio do sal\u00e1rio e da cota parlamentar<\/strong> do deputado federal Alexandre Ramagem (PL-RJ). A medida foi adotada em novembro, ap\u00f3s o STF concluir que o parlamentar, condenado a 16 anos de pris\u00e3o por envolvimento na trama golpista de 8 de janeiro, deixou o pa\u00eds clandestinamente para evitar o cumprimento da senten\u00e7a.<\/p>\n\n\n\n<p class=\"wp-block-paragraph\">\u200bAlexandre Ramagem, que foi diretor-geral da Ag\u00eancia Brasileira de Intelig\u00eancia (Abin) no governo Jair Bolsonaro, est\u00e1 foragido nos Estados Unidos desde setembro. A Pol\u00edcia Federal (PF) considera o deputado como fugitivo da Justi\u00e7a, e o STF j\u00e1 decretou sua pris\u00e3o.<\/p>\n\n\n\n<h3 class=\"wp-block-heading\">\u200b Detalhes do Bloqueio e Condena\u00e7\u00e3o<\/h3>\n\n\n\n<ul class=\"wp-block-list\">\n<li>\u200b<strong>Suspens\u00e3o Total:<\/strong> O bloqueio atinge tanto o sal\u00e1rio (atualmente em R$ 46.366,19) quanto a cota parlamentar, verba destinada a custear despesas do mandato, como passagens a\u00e9reas e gastos de gabinete.<\/li>\n\n\n\n<li>\u200b<strong>Decis\u00e3o Judicial:<\/strong> A medida de suspens\u00e3o atende a uma decis\u00e3o do ministro do STF Alexandre de Moraes, relator da a\u00e7\u00e3o penal.<\/li>\n\n\n\n<li>\u200b<strong>Aus\u00eancia Clandestina:<\/strong> Ramagem deixou o Brasil pouco ap\u00f3s ser condenado pela Primeira Turma do STF por participa\u00e7\u00e3o no que foi considerado o &#8220;n\u00facleo crucial&#8221; da tentativa de golpe. Ele havia sido sentenciado, entre outros crimes, por aboli\u00e7\u00e3o violenta do Estado Democr\u00e1tico de Direito e organiza\u00e7\u00e3o criminosa.<\/li>\n\n\n\n<li>\u200b<strong>Contradi\u00e7\u00f5es nos Gastos:<\/strong> Apesar do foragido, investiga\u00e7\u00f5es recentes apontaram que Ramagem utilizou cerca de R$ 35 mil da cota parlamentar entre setembro e novembro. Documentos tamb\u00e9m indicaram o uso da verba para aluguel de ve\u00edculos e gastos com publicidade, mesmo ap\u00f3s sua sa\u00edda do pa\u00eds, o que levanta questionamentos sobre a fiscaliza\u00e7\u00e3o dos recursos p\u00fablicos.<\/li>\n<\/ul>\n\n\n\n<p class=\"wp-block-paragraph\">\u200bA situa\u00e7\u00e3o de Ramagem se junta a de outros parlamentares bolsonaristas que tiveram suas remunera\u00e7\u00f5es suspensas e deixaram o pa\u00eds ap\u00f3s decis\u00f5es judiciais, como Eduardo Bolsonaro (PL-SP) e Carla Zambelli (PL-SP).<\/p>\n\n\n\n<h3 class=\"wp-block-heading\">\u200b Impasse do Mandato e Extradi\u00e7\u00e3o<\/h3>\n\n\n\n<p class=\"wp-block-paragraph\">\u200bEmbora o STF tenha determinado a perda do mandato de Ramagem, essa decis\u00e3o s\u00f3 dever\u00e1 ser cumprida ap\u00f3s o tr\u00e2nsito em julgado. A C\u00e2mara dos Deputados, por sua vez, mant\u00e9m os gabinetes ativos e com funcion\u00e1rios contratados. A Casa alega que o caso est\u00e1 &#8220;sendo tratado em decis\u00e3o judicial sob segredo de justi\u00e7a&#8221; e afirma que cumpre todas as ordens judiciais.<\/p>\n\n\n\n<p class=\"wp-block-paragraph\">\u200bO pr\u00f3ximo passo no caso Ramagem envolve um pedido de extradi\u00e7\u00e3o. Especialistas alertam que o processo pode ser complexo, dependendo da an\u00e1lise judicial e administrativa dos Estados Unidos, onde o deputado se encontra.<\/p>\n","protected":false},"excerpt":{"rendered":"<p>\u200bA C\u00e2mara dos Deputados cumpriu uma determina\u00e7\u00e3o do Supremo Tribunal Federal (STF) e efetuou o bloqueio do sal\u00e1rio e da cota parlamentar do deputado federal [&#8230;]<\/p>\n","protected":false},"author":1,"featured_media":187,"comment_status":"open","ping_status":"open","sticky":false,"template":"","format":"standard","meta":{"_crdt_document":"","_jetpack_memberships_contains_paid_content":false,"footnotes":"","jetpack_publicize_message":"","jetpack_publicize_feature_enabled":true,"jetpack_social_post_already_shared":false,"jetpack_social_options":{"image_generator_settings":{"template":"highway","default_image_id":0,"font":"","enabled":false},"version":2}},"categories":[8],"tags":[],"class_list":["post-186","post","type-post","status-publish","format-standard","has-post-thumbnail","hentry","category-judiciario"],"jetpack_publicize_connections":[],"jetpack_featured_media_url":"https:\/\/i0.wp.com\/oexpressobr.com.br\/wp-content\/uploads\/2025\/12\/IMG-20251201-WA0304.jpg?fit=1600%2C873&ssl=1","jetpack_likes_enabled":true,"jetpack_sharing_enabled":true,"_links":{"self":[{"href":"https:\/\/oexpressobr.com.br\/index.php?rest_route=\/wp\/v2\/posts\/186","targetHints":{"allow":["GET"]}}],"collection":[{"href":"https:\/\/oexpressobr.com.br\/index.php?rest_route=\/wp\/v2\/posts"}],"about":[{"href":"https:\/\/oexpressobr.com.br\/index.php?rest_route=\/wp\/v2\/types\/post"}],"author":[{"embeddable":true,"href":"https:\/\/oexpressobr.com.br\/index.php?rest_route=\/wp\/v2\/users\/1"}],"replies":[{"embeddable":true,"href":"https:\/\/oexpressobr.com.br\/index.php?rest_route=%2Fwp%2Fv2%2Fcomments&post=186"}],"version-history":[{"count":0,"href":"https:\/\/oexpressobr.com.br\/index.php?rest_route=\/wp\/v2\/posts\/186\/revisions"}],"wp:featuredmedia":[{"embeddable":true,"href":"https:\/\/oexpressobr.com.br\/index.php?rest_route=\/wp\/v2\/media\/187"}],"wp:attachment":[{"href":"https:\/\/oexpressobr.com.br\/index.php?rest_route=%2Fwp%2Fv2%2Fmedia&parent=186"}],"wp:term":[{"taxonomy":"category","embeddable":true,"href":"https:\/\/oexpressobr.com.br\/index.php?rest_route=%2Fwp%2Fv2%2Fcategories&post=186"},{"taxonomy":"post_tag","embeddable":true,"href":"https:\/\/oexpressobr.com.br\/index.php?rest_route=%2Fwp%2Fv2%2Ftags&post=186"}],"curies":[{"name":"wp","href":"https:\/\/api.w.org\/{rel}","templated":true}]}}