{"id":1862,"date":"2026-01-14T14:20:47","date_gmt":"2026-01-14T17:20:47","guid":{"rendered":"https:\/\/oexpressobr.com.br\/?p=1862"},"modified":"2026-01-14T14:20:49","modified_gmt":"2026-01-14T17:20:49","slug":"mec-e-instituto-alana-avaliam-um-ano-de-restricao-de-celulares-nas-escolas","status":"publish","type":"post","link":"https:\/\/oexpressobr.com.br\/?p=1862","title":{"rendered":"MEC e Instituto Alana avaliam um ano de restri\u00e7\u00e3o de celulares nas escolas"},"content":{"rendered":"\n<p class=\"wp-block-paragraph\">O Minist\u00e9rio da Educa\u00e7\u00e3o (MEC) anunciou nesta semana a realiza\u00e7\u00e3o de uma pesquisa nacional para medir os impactos da <strong>Lei Federal n\u00ba 15.100\/2025<\/strong>, que restringe o uso de aparelhos celulares e dispositivos eletr\u00f4nicos nas escolas brasileiras. A iniciativa marca o primeiro anivers\u00e1rio da legisla\u00e7\u00e3o, sancionada em 13 de janeiro de 2025, e busca coletar dados concretos sobre a aprendizagem e o bem-estar dos estudantes ap\u00f3s um ano de vig\u00eancia da norma.<\/p>\n\n\n\n<p class=\"wp-block-paragraph\">\u200bO estudo ser\u00e1 desenvolvido em parceria com o <strong>Instituto Alana<\/strong>, organiza\u00e7\u00e3o refer\u00eancia na defesa dos direitos de crian\u00e7as e adolescentes. Segundo o ministro da Educa\u00e7\u00e3o, <strong>Camilo Santana<\/strong>, o levantamento \u00e9 fundamental para o aprimoramento das pol\u00edticas p\u00fablicas de educa\u00e7\u00e3o digital. &#8220;O Brasil \u00e9 o segundo pa\u00eds onde as pessoas passam mais tempo em frente \u00e0s telas. Esse excesso causa ansiedade e d\u00e9ficit de aten\u00e7\u00e3o. Queremos que a escola seja, acima de tudo, um espa\u00e7o de aprendizagem e conviv\u00eancia real&#8221;, afirmou o ministro.<\/p>\n\n\n\n<h3 class=\"wp-block-heading\">\u200bO que diz a lei e as primeiras evid\u00eancias<\/h3>\n\n\n\n<p class=\"wp-block-paragraph\">\u200bA Lei n\u00ba 15.100 pro\u00edbe o uso de celulares durante as aulas e tamb\u00e9m nos intervalos (recreio), permitindo exce\u00e7\u00f5es apenas para fins estritamente pedag\u00f3gicos, quest\u00f5es de acessibilidade (como alunos com defici\u00eancia que utilizam tecnologias assistivas) ou emerg\u00eancias de sa\u00fade.<\/p>\n\n\n\n<p class=\"wp-block-paragraph\">\u200bRelat\u00f3rios preliminares de redes estaduais e municipais que j\u00e1 aplicavam restri\u00e7\u00f5es semelhantes apontam resultados promissores:<\/p>\n\n\n\n<ul class=\"wp-block-list\">\n<li>\u200b<strong>Aumento da concentra\u00e7\u00e3o:<\/strong> Cerca de 80% dos estudantes afirmaram ter menos distra\u00e7\u00f5es, especialmente em disciplinas como Matem\u00e1tica.<\/li>\n\n\n\n<li>\u200b<strong>Melhora na socializa\u00e7\u00e3o:<\/strong> Educadores relatam que os alunos voltaram a interagir fisicamente durante o recreio, utilizando jogos de tabuleiro e atividades esportivas em vez de apenas &#8220;scrolar&#8221; redes sociais.<\/li>\n\n\n\n<li>\u200b<strong>Sa\u00fade Mental:<\/strong> Houve uma redu\u00e7\u00e3o nos casos relatados de <em>cyberbullying<\/em> dentro do ambiente escolar e uma melhora nos \u00edndices de ansiedade associados \u00e0 press\u00e3o das notifica\u00e7\u00f5es constantes.<\/li>\n<\/ul>\n\n\n\n<h3 class=\"wp-block-heading\">\u200bPr\u00f3ximos passos<\/h3>\n\n\n\n<p class=\"wp-block-paragraph\">\u200bA pesquisa ser\u00e1 aplicada ao longo do primeiro semestre de 2026. Al\u00e9m de ouvir professores e gestores, o MEC disponibilizou guias pr\u00e1ticos e materiais de conscientiza\u00e7\u00e3o para ajudar as fam\u00edlias e escolas a lidar com a transi\u00e7\u00e3o.<\/p>\n\n\n\n<p class=\"wp-block-paragraph\">\u200bEmbora o in\u00edcio da proibi\u00e7\u00e3o tenha gerado resist\u00eancia por parte de alguns estudantes, depoimentos coletados por ag\u00eancias de not\u00edcias mostram que a adapta\u00e7\u00e3o est\u00e1 ocorrendo. Alunos como Nicolas Lima, de 15 anos, admitem que, sem o aparelho, a aproxima\u00e7\u00e3o com colegas tornou-se mais natural. &#8220;No primeiro dia sem celular, acabei fazendo um amigo novo porque n\u00e3o tinha mais a tela para me esconder&#8221;, relatou o jovem.<\/p>\n\n\n\n<p class=\"wp-block-paragraph\">\u200bOs resultados finais da pesquisa devem nortear futuras diretrizes do Conselho Nacional de Educa\u00e7\u00e3o (CNE) sobre a integra\u00e7\u00e3o equilibrada da tecnologia no ensino b\u00e1sico, garantindo que o digital seja uma ferramenta de suporte, e n\u00e3o uma barreira ao desenvolvimento humano.<\/p>\n","protected":false},"excerpt":{"rendered":"<p>O Minist\u00e9rio da Educa\u00e7\u00e3o (MEC) anunciou nesta semana a realiza\u00e7\u00e3o de uma pesquisa nacional para medir os impactos da Lei Federal n\u00ba 15.100\/2025, que restringe [&#8230;]<\/p>\n","protected":false},"author":1,"featured_media":1863,"comment_status":"open","ping_status":"open","sticky":false,"template":"","format":"standard","meta":{"_crdt_document":"","_jetpack_memberships_contains_paid_content":false,"footnotes":"","jetpack_publicize_message":"","jetpack_publicize_feature_enabled":true,"jetpack_social_post_already_shared":true,"jetpack_social_options":{"image_generator_settings":{"template":"highway","default_image_id":0,"font":"","enabled":false},"version":2}},"categories":[6],"tags":[],"class_list":["post-1862","post","type-post","status-publish","format-standard","has-post-thumbnail","hentry","category-educacao"],"jetpack_publicize_connections":[],"jetpack_featured_media_url":"https:\/\/i0.wp.com\/oexpressobr.com.br\/wp-content\/uploads\/2026\/01\/toms5398.webp?fit=1170%2C700&ssl=1","jetpack_likes_enabled":true,"jetpack_sharing_enabled":true,"_links":{"self":[{"href":"https:\/\/oexpressobr.com.br\/index.php?rest_route=\/wp\/v2\/posts\/1862","targetHints":{"allow":["GET"]}}],"collection":[{"href":"https:\/\/oexpressobr.com.br\/index.php?rest_route=\/wp\/v2\/posts"}],"about":[{"href":"https:\/\/oexpressobr.com.br\/index.php?rest_route=\/wp\/v2\/types\/post"}],"author":[{"embeddable":true,"href":"https:\/\/oexpressobr.com.br\/index.php?rest_route=\/wp\/v2\/users\/1"}],"replies":[{"embeddable":true,"href":"https:\/\/oexpressobr.com.br\/index.php?rest_route=%2Fwp%2Fv2%2Fcomments&post=1862"}],"version-history":[{"count":1,"href":"https:\/\/oexpressobr.com.br\/index.php?rest_route=\/wp\/v2\/posts\/1862\/revisions"}],"predecessor-version":[{"id":1864,"href":"https:\/\/oexpressobr.com.br\/index.php?rest_route=\/wp\/v2\/posts\/1862\/revisions\/1864"}],"wp:featuredmedia":[{"embeddable":true,"href":"https:\/\/oexpressobr.com.br\/index.php?rest_route=\/wp\/v2\/media\/1863"}],"wp:attachment":[{"href":"https:\/\/oexpressobr.com.br\/index.php?rest_route=%2Fwp%2Fv2%2Fmedia&parent=1862"}],"wp:term":[{"taxonomy":"category","embeddable":true,"href":"https:\/\/oexpressobr.com.br\/index.php?rest_route=%2Fwp%2Fv2%2Fcategories&post=1862"},{"taxonomy":"post_tag","embeddable":true,"href":"https:\/\/oexpressobr.com.br\/index.php?rest_route=%2Fwp%2Fv2%2Ftags&post=1862"}],"curies":[{"name":"wp","href":"https:\/\/api.w.org\/{rel}","templated":true}]}}