{"id":1865,"date":"2026-01-14T14:31:53","date_gmt":"2026-01-14T17:31:53","guid":{"rendered":"https:\/\/oexpressobr.com.br\/?p=1865"},"modified":"2026-01-14T14:31:54","modified_gmt":"2026-01-14T17:31:54","slug":"ministerio-publico-e-policia-federal-investigam-denuncias-de-caixa-dois-na-sanepar-e-campanha-de-ratinho-jr","status":"publish","type":"post","link":"https:\/\/oexpressobr.com.br\/?p=1865","title":{"rendered":"Minist\u00e9rio P\u00fablico e Pol\u00edcia Federal investigam den\u00fancias de caixa dois na Sanepar e campanha de Ratinho Jr"},"content":{"rendered":"\n<p class=\"wp-block-paragraph\">O Minist\u00e9rio P\u00fablico Eleitoral do Paran\u00e1 (MPE-PR) e o Minist\u00e9rio P\u00fablico Federal (MPF) decidiram formalizar a abertura de apura\u00e7\u00f5es para investigar graves den\u00fancias de um suposto esquema de &#8220;caixa dois&#8221; envolvendo a Companhia de Saneamento do Paran\u00e1 (Sanepar) durante a campanha de reelei\u00e7\u00e3o do governador Ratinho Jr (PSD) em 2022. O caso, que ganhou for\u00e7a com a divulga\u00e7\u00e3o de novos \u00e1udios nas \u00faltimas semanas de 2025 e in\u00edcio de 2026, sugere o uso da estrutura da estatal e de cargos comissionados para o financiamento ilegal de despesas eleitorais.<\/p>\n\n\n\n<h3 class=\"wp-block-heading\">\u200bA din\u00e2mica das den\u00fancias: &#8220;Vaquinha&#8221; e press\u00e3o<\/h3>\n\n\n\n<p class=\"wp-block-paragraph\">\u200bO centro da investiga\u00e7\u00e3o s\u00e3o di\u00e1logos gravados entre auxiliares e assessores do governo estadual. No material, \u00e9 descrita uma suposta &#8220;vaquinha&#8221; realizada por ocupantes de cargos comissionados e assessores, cujo objetivo seria cobrir rombos financeiros da campanha eleitoral na casa dos milh\u00f5es de reais.<\/p>\n\n\n\n<p class=\"wp-block-paragraph\">\u200bOs \u00e1udios mais recentes, que vieram \u00e0 tona entre o Natal e os primeiros dias de janeiro, trazem um tom ainda mais contundente. De acordo com parlamentares da oposi\u00e7\u00e3o, as grava\u00e7\u00f5es indicam n\u00e3o apenas a arrecada\u00e7\u00e3o ilegal, mas tamb\u00e9m relatos de press\u00e3o pol\u00edtica e amea\u00e7as relacionadas \u00e0 manuten\u00e7\u00e3o de cargos em fun\u00e7\u00f5es estrat\u00e9gicas dentro da Sanepar e de outros \u00f3rg\u00e3os da administra\u00e7\u00e3o p\u00fablica.<\/p>\n\n\n\n<h3 class=\"wp-block-heading\">\u200bRea\u00e7\u00e3o da Oposi\u00e7\u00e3o e \u00f3rg\u00e3os de controle<\/h3>\n\n\n\n<p class=\"wp-block-paragraph\">\u200bA bancada de oposi\u00e7\u00e3o na Assembleia Legislativa do Paran\u00e1 (ALEP), liderada pelo deputado Arilson Chiorato (PT), intensificou a press\u00e3o sobre o Pal\u00e1cio Igua\u00e7u. Al\u00e9m de acionar o Minist\u00e9rio P\u00fablico, os parlamentares protocolaram pedidos de investiga\u00e7\u00e3o junto \u00e0 Superintend\u00eancia Regional da Pol\u00edcia Federal do Paran\u00e1 e enviaram requerimentos de informa\u00e7\u00f5es \u00e0 Casa Civil via Lei de Acesso \u00e0 Informa\u00e7\u00e3o (LAI).<\/p>\n\n\n\n<p class=\"wp-block-paragraph\">\u200b&#8221;A apura\u00e7\u00e3o deixou de ser opcional e passou a ser obrigat\u00f3ria devido ao teor intimidat\u00f3rio e aos valores citados. N\u00e3o fazemos julgamentos antecipados, mas defendemos uma investiga\u00e7\u00e3o t\u00e9cnica e transparente&#8221;, afirmou Chiorato em pronunciamento recente.<\/p>\n\n\n\n<h3 class=\"wp-block-heading\">\u200bResposta do Governo<\/h3>\n\n\n\n<p class=\"wp-block-paragraph\">\u200bAt\u00e9 o momento, a postura oficial do Governo do Estado tem sido de minimiza\u00e7\u00e3o dos fatos. Em nota anterior, o Executivo classificou as den\u00fancias como &#8220;antigas&#8221; e afirmou que &#8220;nada foi comprovado&#8221; at\u00e9 ent\u00e3o. O governador Ratinho Jr n\u00e3o se manifestou pessoalmente sobre os novos \u00e1udios divulgados em janeiro.<\/p>\n\n\n\n<p class=\"wp-block-paragraph\">\u200bA Sanepar, por sua vez, tem um hist\u00f3rico de ser alvo de opera\u00e7\u00f5es \u2014 como a &#8220;\u00c1guas Claras&#8221; em 2019 \u2014, mas este novo desdobramento foca especificamente no poss\u00edvel crime eleitoral de omiss\u00e3o de receitas e uso de verba p\u00fablica indireta para fins partid\u00e1rios.<\/p>\n\n\n\n<h3 class=\"wp-block-heading\">\u200bPr\u00f3ximos passos<\/h3>\n\n\n\n<p class=\"wp-block-paragraph\">\u200bA expectativa agora recai sobre a per\u00edcia da Pol\u00edcia Federal e do MPE para atestar a autenticidade e a origem dos \u00e1udios. Caso as den\u00fancias sejam comprovadas, os envolvidos podem responder por crime eleitoral, improbidade administrativa e peculato. As autoridades devem ouvir, nas pr\u00f3ximas semanas, os assessores cujas vozes aparecem nas grava\u00e7\u00f5es para identificar a cadeia de comando do suposto esquema.<\/p>\n\n\n\n<p class=\"wp-block-paragraph\">\u200bO espa\u00e7o segue aberto para futuras manifesta\u00e7\u00f5es oficiais da defesa do governador e dos \u00f3rg\u00e3os citados.<\/p>\n","protected":false},"excerpt":{"rendered":"<p>O Minist\u00e9rio P\u00fablico Eleitoral do Paran\u00e1 (MPE-PR) e o Minist\u00e9rio P\u00fablico Federal (MPF) decidiram formalizar a abertura de apura\u00e7\u00f5es para investigar graves den\u00fancias de um [&#8230;]<\/p>\n","protected":false},"author":1,"featured_media":1866,"comment_status":"open","ping_status":"open","sticky":false,"template":"","format":"standard","meta":{"_crdt_document":"","_jetpack_memberships_contains_paid_content":false,"footnotes":"","jetpack_publicize_message":"","jetpack_publicize_feature_enabled":true,"jetpack_social_post_already_shared":true,"jetpack_social_options":{"image_generator_settings":{"template":"highway","default_image_id":0,"font":"","enabled":false},"version":2}},"categories":[5],"tags":[],"class_list":["post-1865","post","type-post","status-publish","format-standard","has-post-thumbnail","hentry","category-parana"],"jetpack_publicize_connections":[],"jetpack_featured_media_url":"https:\/\/i0.wp.com\/oexpressobr.com.br\/wp-content\/uploads\/2026\/01\/ratinho-junior-e1738165425612.jpg?fit=977%2C550&ssl=1","jetpack_likes_enabled":true,"jetpack_sharing_enabled":true,"_links":{"self":[{"href":"https:\/\/oexpressobr.com.br\/index.php?rest_route=\/wp\/v2\/posts\/1865","targetHints":{"allow":["GET"]}}],"collection":[{"href":"https:\/\/oexpressobr.com.br\/index.php?rest_route=\/wp\/v2\/posts"}],"about":[{"href":"https:\/\/oexpressobr.com.br\/index.php?rest_route=\/wp\/v2\/types\/post"}],"author":[{"embeddable":true,"href":"https:\/\/oexpressobr.com.br\/index.php?rest_route=\/wp\/v2\/users\/1"}],"replies":[{"embeddable":true,"href":"https:\/\/oexpressobr.com.br\/index.php?rest_route=%2Fwp%2Fv2%2Fcomments&post=1865"}],"version-history":[{"count":1,"href":"https:\/\/oexpressobr.com.br\/index.php?rest_route=\/wp\/v2\/posts\/1865\/revisions"}],"predecessor-version":[{"id":1867,"href":"https:\/\/oexpressobr.com.br\/index.php?rest_route=\/wp\/v2\/posts\/1865\/revisions\/1867"}],"wp:featuredmedia":[{"embeddable":true,"href":"https:\/\/oexpressobr.com.br\/index.php?rest_route=\/wp\/v2\/media\/1866"}],"wp:attachment":[{"href":"https:\/\/oexpressobr.com.br\/index.php?rest_route=%2Fwp%2Fv2%2Fmedia&parent=1865"}],"wp:term":[{"taxonomy":"category","embeddable":true,"href":"https:\/\/oexpressobr.com.br\/index.php?rest_route=%2Fwp%2Fv2%2Fcategories&post=1865"},{"taxonomy":"post_tag","embeddable":true,"href":"https:\/\/oexpressobr.com.br\/index.php?rest_route=%2Fwp%2Fv2%2Ftags&post=1865"}],"curies":[{"name":"wp","href":"https:\/\/api.w.org\/{rel}","templated":true}]}}