{"id":1868,"date":"2026-01-15T05:35:30","date_gmt":"2026-01-15T08:35:30","guid":{"rendered":"https:\/\/oexpressobr.com.br\/?p=1868"},"modified":"2026-01-15T05:35:31","modified_gmt":"2026-01-15T08:35:31","slug":"vice-prefeita-de-guaratuba-acusa-radio-do-deputado-nelson-justus-de-violencia-politica-de-genero","status":"publish","type":"post","link":"https:\/\/oexpressobr.com.br\/?p=1868","title":{"rendered":"VICE-PREFEITA de Guaratuba acusa r\u00e1dio do deputado Nelson Justus de viol\u00eancia pol\u00edtica de g\u00eanero"},"content":{"rendered":"\n<p class=\"wp-block-paragraph\"><strong>Evani Justus e a primeira-dama Simone Lense notificaram o parlamentar e amea\u00e7am levar o caso ao Conselho de \u00c9tica da Assembleia Legislativa do Paran\u00e1 (Alep), alegando intimida\u00e7\u00e3o sistem\u00e1tica e persegui\u00e7\u00e3o contra mulheres em cargos p\u00fablicos.<\/strong><\/p>\n\n\n\n<p class=\"wp-block-paragraph\">\u200b<strong>Por Reda\u00e7\u00e3o<\/strong> <em>Atualizado em 15 de janeiro de 2026<\/em><\/p>\n\n\n\n<p class=\"wp-block-paragraph\">\u200bO cen\u00e1rio pol\u00edtico no litoral paranaense foi abalado nesta semana por uma grave acusa\u00e7\u00e3o envolvendo familiares e figuras de destaque da administra\u00e7\u00e3o p\u00fablica. A vice-prefeita de Guaratuba, Evani Justus, e a primeira-dama do munic\u00edpio, Simone Lense, oficializaram uma notifica\u00e7\u00e3o contra o deputado estadual Nelson Justus (Uni\u00e3o Brasil). O documento acusa a r\u00e1dio Litor\u00e2nea FM, da qual o parlamentar \u00e9 s\u00f3cio, de promover viol\u00eancia psicol\u00f3gica, viol\u00eancia pol\u00edtica de g\u00eanero e <em>cyberbullying<\/em>.<\/p>\n\n\n\n<p class=\"wp-block-paragraph\">\u200bDe acordo com o documento obtido pelo <em>Blog Politicamente<\/em>, as denunciantes relatam que o site da emissora vem publicando mat\u00e9rias e postagens de forma &#8220;intencional e repetitiva&#8221;, com o objetivo de humilhar e intimidar as duas mulheres. A defesa das v\u00edtimas sustenta que os ataques n\u00e3o possuem motiva\u00e7\u00e3o administrativa clara, sendo pautados por um &#8220;preconceito contra mulheres que ocupam posi\u00e7\u00f5es de destaque na sociedade&#8221;.<\/p>\n\n\n\n<h3 class=\"wp-block-heading\">\u200bContexto familiar e societ\u00e1rio<\/h3>\n\n\n\n<p class=\"wp-block-paragraph\">\u200bO caso carrega uma forte carga de tens\u00e3o pol\u00edtica local e familiar: Evani Justus, a vice-prefeita, \u00e9 cunhada do deputado Nelson Justus. Na notifica\u00e7\u00e3o, as v\u00edtimas questionam se o parlamentar tem conhecimento das a\u00e7\u00f5es de seus subordinados na empresa <strong>Organiza\u00e7\u00e3o Guaratubana de Comunica\u00e7\u00e3o<\/strong>, respons\u00e1vel pela r\u00e1dio Litor\u00e2nea.<\/p>\n\n\n\n<p class=\"wp-block-paragraph\">\u200bAl\u00e9m do deputado, a empresa possui outros s\u00f3cios conhecidos nos bastidores pol\u00edticos, como Sergio Roberto Monteiro (ex-chefe de gabinete de Justus) e Isabel Stein Miguel Abib.<\/p>\n\n\n\n<h3 class=\"wp-block-heading\">\u200bPr\u00f3ximos passos e a Lei de Viol\u00eancia Pol\u00edtica de G\u00eanero<\/h3>\n\n\n\n<p class=\"wp-block-paragraph\">\u200bCaso as condutas n\u00e3o cessem, a vice-prefeita e a primeira-dama (esposa do prefeito Maur\u00edcio Lense) afirmam que ingressar\u00e3o com a\u00e7\u00f5es judiciais e uma representa\u00e7\u00e3o formal no <strong>Conselho de \u00c9tica da Alep<\/strong>.<\/p>\n\n\n\n<p class=\"wp-block-paragraph\">\u200bA acusa\u00e7\u00e3o se ampara na Lei n\u00ba 14.192\/2021, que estabelece normas para prevenir, reprimir e combater a viol\u00eancia pol\u00edtica contra a mulher. No Brasil, epis\u00f3dios recentes mostram um endurecimento da Justi\u00e7a Eleitoral e comum contra ataques que visam excluir ou desestabilizar mulheres no exerc\u00edcio de seus mandatos ou fun\u00e7\u00f5es p\u00fablicas.<\/p>\n\n\n\n<p class=\"wp-block-paragraph\">\u200bAt\u00e9 o momento, a assessoria do deputado Nelson Justus e os respons\u00e1veis pela r\u00e1dio Litor\u00e2nea n\u00e3o emitiram nota oficial sobre as acusa\u00e7\u00f5es. O espa\u00e7o permanece aberto para manifesta\u00e7\u00e3o.<\/p>\n","protected":false},"excerpt":{"rendered":"<p>Evani Justus e a primeira-dama Simone Lense notificaram o parlamentar e amea\u00e7am levar o caso ao Conselho de \u00c9tica da Assembleia Legislativa do Paran\u00e1 (Alep), [&#8230;]<\/p>\n","protected":false},"author":1,"featured_media":1869,"comment_status":"open","ping_status":"open","sticky":false,"template":"","format":"standard","meta":{"_crdt_document":"","_jetpack_memberships_contains_paid_content":false,"footnotes":"","jetpack_publicize_message":"","jetpack_publicize_feature_enabled":true,"jetpack_social_post_already_shared":true,"jetpack_social_options":{"image_generator_settings":{"template":"highway","default_image_id":0,"font":"","enabled":false},"version":2}},"categories":[5],"tags":[],"class_list":["post-1868","post","type-post","status-publish","format-standard","has-post-thumbnail","hentry","category-parana"],"jetpack_publicize_connections":[],"jetpack_featured_media_url":"https:\/\/i0.wp.com\/oexpressobr.com.br\/wp-content\/uploads\/2026\/01\/Nelson-Justus-Orlando-Kissner-Alep.jpg?fit=863%2C575&ssl=1","jetpack_likes_enabled":true,"jetpack_sharing_enabled":true,"_links":{"self":[{"href":"https:\/\/oexpressobr.com.br\/index.php?rest_route=\/wp\/v2\/posts\/1868","targetHints":{"allow":["GET"]}}],"collection":[{"href":"https:\/\/oexpressobr.com.br\/index.php?rest_route=\/wp\/v2\/posts"}],"about":[{"href":"https:\/\/oexpressobr.com.br\/index.php?rest_route=\/wp\/v2\/types\/post"}],"author":[{"embeddable":true,"href":"https:\/\/oexpressobr.com.br\/index.php?rest_route=\/wp\/v2\/users\/1"}],"replies":[{"embeddable":true,"href":"https:\/\/oexpressobr.com.br\/index.php?rest_route=%2Fwp%2Fv2%2Fcomments&post=1868"}],"version-history":[{"count":1,"href":"https:\/\/oexpressobr.com.br\/index.php?rest_route=\/wp\/v2\/posts\/1868\/revisions"}],"predecessor-version":[{"id":1870,"href":"https:\/\/oexpressobr.com.br\/index.php?rest_route=\/wp\/v2\/posts\/1868\/revisions\/1870"}],"wp:featuredmedia":[{"embeddable":true,"href":"https:\/\/oexpressobr.com.br\/index.php?rest_route=\/wp\/v2\/media\/1869"}],"wp:attachment":[{"href":"https:\/\/oexpressobr.com.br\/index.php?rest_route=%2Fwp%2Fv2%2Fmedia&parent=1868"}],"wp:term":[{"taxonomy":"category","embeddable":true,"href":"https:\/\/oexpressobr.com.br\/index.php?rest_route=%2Fwp%2Fv2%2Fcategories&post=1868"},{"taxonomy":"post_tag","embeddable":true,"href":"https:\/\/oexpressobr.com.br\/index.php?rest_route=%2Fwp%2Fv2%2Ftags&post=1868"}],"curies":[{"name":"wp","href":"https:\/\/api.w.org\/{rel}","templated":true}]}}