{"id":1877,"date":"2026-01-15T06:37:14","date_gmt":"2026-01-15T09:37:14","guid":{"rendered":"https:\/\/oexpressobr.com.br\/?p=1877"},"modified":"2026-01-15T06:37:16","modified_gmt":"2026-01-15T09:37:16","slug":"justica-condena-prefeito-de-diadema-por-associar-assessor-de-lula-ao-pcc","status":"publish","type":"post","link":"https:\/\/oexpressobr.com.br\/?p=1877","title":{"rendered":"Justi\u00e7a condena prefeito de Diadema por associar assessor de Lula ao PCC"},"content":{"rendered":"\n<p class=\"wp-block-paragraph\"><strong>Em decis\u00e3o de primeira inst\u00e2ncia, Taka Yamauchi (MDB) recebeu pena de pris\u00e3o por difama\u00e7\u00e3o e inj\u00faria eleitoral ap\u00f3s falas contra o chefe de gabinete do presidente durante debate em 2024.<\/strong><\/p>\n\n\n\n<p class=\"wp-block-paragraph\">\u200bA Justi\u00e7a Eleitoral de S\u00e3o Paulo condenou o atual prefeito de Diadema, <strong>Taka Yamauchi<\/strong> (MDB), a uma pena de seis meses e 25 dias de deten\u00e7\u00e3o em regime aberto. A senten\u00e7a \u00e9 resultado de declara\u00e7\u00f5es feitas por Yamauchi durante a campanha eleitoral de 2024, nas quais ele associou <strong>Marco Aur\u00e9lio Santana Ribeiro<\/strong>, conhecido como &#8220;Marcola&#8221; e atual chefe de gabinete do presidente Luiz In\u00e1cio Lula da Silva, \u00e0 fac\u00e7\u00e3o criminosa Primeiro Comando da Capital (PCC).<\/p>\n\n\n\n<h3 class=\"wp-block-heading\">\u200bO contexto da pol\u00eamica<\/h3>\n\n\n\n<p class=\"wp-block-paragraph\">\u200bO epis\u00f3dio central ocorreu em agosto de 2024, durante um debate organizado pelo portal G1. Na ocasi\u00e3o, Yamauchi \u2014 que disputava a prefeitura contra o ent\u00e3o prefeito <strong>Jos\u00e9 de Filippi J\u00fanior<\/strong> (PT) \u2014 questionou o advers\u00e1rio sobre o suposto recebimento de verbas irregulares vindas de Bras\u00edlia.<\/p>\n\n\n\n<p class=\"wp-block-paragraph\">\u200bEm sua fala, Taka mencionou: <em>&#8220;O Brasil vem sofrendo h\u00e1 muito tempo com o crime organizado, inclusive o tal de Marcola, l\u00e1 de Bras\u00edlia, de forma irregular, mandou dinheiro aqui para Diadema&#8221;<\/em>. A frase utilizou-se da coincid\u00eancia de apelidos entre o assessor presidencial e Marcos Willians Herbas Camacho, o l\u00edder m\u00e1ximo da fac\u00e7\u00e3o criminosa, para sugerir uma liga\u00e7\u00e3o esp\u00faria.<\/p>\n\n\n\n<h3 class=\"wp-block-heading\">\u200bA decis\u00e3o judicial<\/h3>\n\n\n\n<p class=\"wp-block-paragraph\">\u200bA ju\u00edza Clarissa Rodrigues Alves, da 222\u00aa Zona Eleitoral, destacou na senten\u00e7a que o r\u00e9u &#8220;assumiu o risco&#8221; de ofender a honra da v\u00edtima ao fundir fatos de reportagens distintas para criar uma narrativa ofensiva. Segundo a magistrada, n\u00e3o \u00e9 necess\u00e1ria uma interpreta\u00e7\u00e3o complexa para notar que o objetivo era abalar a reputa\u00e7\u00e3o de terceiros e influenciar o contexto eleitoral.<\/p>\n\n\n\n<p class=\"wp-block-paragraph\">\u200bAl\u00e9m da pena privativa de liberdade (que pode ser convertida conforme o C\u00f3digo Penal), o prefeito j\u00e1 havia sofrido uma derrota na esfera c\u00edvel anteriormente, sendo condenado a pagar uma indeniza\u00e7\u00e3o de R$ 14 mil por danos morais ao assessor.<\/p>\n\n\n\n<h3 class=\"wp-block-heading\">\u200bDesdobramentos e defesa<\/h3>\n\n\n\n<p class=\"wp-block-paragraph\">\u200bA condena\u00e7\u00e3o ocorre em um momento de transi\u00e7\u00e3o pol\u00edtica em Diadema, onde Taka Yamauchi assumiu o comando da cidade ap\u00f3s derrotar o grupo petista liderado por Filippi J\u00fanior.<\/p>\n\n\n\n<p class=\"wp-block-paragraph\">\u200bEm nota oficial, a defesa de Taka Yamauchi reafirmou seu respeito \u00e0s institui\u00e7\u00f5es e informou que <strong>recorrer\u00e1 da decis\u00e3o<\/strong> junto \u00e0s inst\u00e2ncias superiores. O prefeito permanece no cargo e poder\u00e1 responder ao processo em liberdade enquanto o recurso \u00e9 apreciado pelo Tribunal Regional Eleitoral (TRE-SP).<\/p>\n\n\n\n<p class=\"wp-block-paragraph\">\u200bMarco Aur\u00e9lio Santana Ribeiro, por meio de seus representantes, tem sustentado que as associa\u00e7\u00f5es feitas durante a campanha foram criminosas e visaram apenas o ganho pol\u00edtico atrav\u00e9s da desinforma\u00e7\u00e3o.<\/p>\n","protected":false},"excerpt":{"rendered":"<p>Em decis\u00e3o de primeira inst\u00e2ncia, Taka Yamauchi (MDB) recebeu pena de pris\u00e3o por difama\u00e7\u00e3o e inj\u00faria eleitoral ap\u00f3s falas contra o chefe de gabinete do [&#8230;]<\/p>\n","protected":false},"author":1,"featured_media":1878,"comment_status":"open","ping_status":"open","sticky":false,"template":"","format":"standard","meta":{"_crdt_document":"","_jetpack_memberships_contains_paid_content":false,"footnotes":"","jetpack_publicize_message":"","jetpack_publicize_feature_enabled":true,"jetpack_social_post_already_shared":true,"jetpack_social_options":{"image_generator_settings":{"template":"highway","default_image_id":0,"font":"","enabled":false},"version":2}},"categories":[8],"tags":[],"class_list":["post-1877","post","type-post","status-publish","format-standard","has-post-thumbnail","hentry","category-judiciario"],"jetpack_publicize_connections":[],"jetpack_featured_media_url":"https:\/\/i0.wp.com\/oexpressobr.com.br\/wp-content\/uploads\/2026\/01\/image-62.jpg?fit=414%2C280&ssl=1","jetpack_likes_enabled":true,"jetpack_sharing_enabled":true,"_links":{"self":[{"href":"https:\/\/oexpressobr.com.br\/index.php?rest_route=\/wp\/v2\/posts\/1877","targetHints":{"allow":["GET"]}}],"collection":[{"href":"https:\/\/oexpressobr.com.br\/index.php?rest_route=\/wp\/v2\/posts"}],"about":[{"href":"https:\/\/oexpressobr.com.br\/index.php?rest_route=\/wp\/v2\/types\/post"}],"author":[{"embeddable":true,"href":"https:\/\/oexpressobr.com.br\/index.php?rest_route=\/wp\/v2\/users\/1"}],"replies":[{"embeddable":true,"href":"https:\/\/oexpressobr.com.br\/index.php?rest_route=%2Fwp%2Fv2%2Fcomments&post=1877"}],"version-history":[{"count":1,"href":"https:\/\/oexpressobr.com.br\/index.php?rest_route=\/wp\/v2\/posts\/1877\/revisions"}],"predecessor-version":[{"id":1879,"href":"https:\/\/oexpressobr.com.br\/index.php?rest_route=\/wp\/v2\/posts\/1877\/revisions\/1879"}],"wp:featuredmedia":[{"embeddable":true,"href":"https:\/\/oexpressobr.com.br\/index.php?rest_route=\/wp\/v2\/media\/1878"}],"wp:attachment":[{"href":"https:\/\/oexpressobr.com.br\/index.php?rest_route=%2Fwp%2Fv2%2Fmedia&parent=1877"}],"wp:term":[{"taxonomy":"category","embeddable":true,"href":"https:\/\/oexpressobr.com.br\/index.php?rest_route=%2Fwp%2Fv2%2Fcategories&post=1877"},{"taxonomy":"post_tag","embeddable":true,"href":"https:\/\/oexpressobr.com.br\/index.php?rest_route=%2Fwp%2Fv2%2Ftags&post=1877"}],"curies":[{"name":"wp","href":"https:\/\/api.w.org\/{rel}","templated":true}]}}