{"id":1882,"date":"2026-01-15T06:44:47","date_gmt":"2026-01-15T09:44:47","guid":{"rendered":"https:\/\/oexpressobr.com.br\/?p=1882"},"modified":"2026-01-15T06:44:48","modified_gmt":"2026-01-15T09:44:48","slug":"suzane-von-richthofen-e-prima-disputam-heranca-de-r-5-milhoes-de-tio","status":"publish","type":"post","link":"https:\/\/oexpressobr.com.br\/?p=1882","title":{"rendered":"Suzane von Richthofen e prima disputam heran\u00e7a de R$ 5 milh\u00f5es de tio"},"content":{"rendered":"\n<p class=\"wp-block-paragraph\"><strong>O piv\u00f4 da disputa<\/strong><\/p>\n\n\n\n<p class=\"wp-block-paragraph\">Miguel Abdalla Netto n\u00e3o deixou filhos, c\u00f4njuge ou pais vivos. Diante da aus\u00eancia de herdeiros diretos, o patrim\u00f4nio \u2014 estimado em <strong>R$ 5 milh\u00f5es<\/strong>, incluindo im\u00f3veis de luxo em S\u00e3o Paulo e um s\u00edtio no litoral paulista \u2014 entra na linha de sucess\u00e3o para parentes colaterais.<\/p>\n\n\n\n<p class=\"wp-block-paragraph\">\u200bDe um lado, <strong>Suzane von Richthofen<\/strong> e seu irm\u00e3o, <strong>Andreas<\/strong>, aparecem como os sobrinhos e herdeiros preferenciais segundo a ordem heredit\u00e1ria. De outro, a prima de primeiro grau do m\u00e9dico, <strong>Carmem S\u00edlvia Magnani<\/strong>, reivindica o direito aos bens. Carmem alega ter vivido uma uni\u00e3o est\u00e1vel com Miguel por cerca de 14 anos, o que, se comprovado judicialmente, a colocaria \u00e0 frente dos sobrinhos na partilha.<\/p>\n\n\n\n<p class=\"wp-block-paragraph\">\u200b<strong>O que diz a lei sobre o direito de Suzane<\/strong><\/p>\n\n\n\n<p class=\"wp-block-paragraph\">Embora Suzane tenha sido declarada <strong>indigna<\/strong> e exclu\u00edda da heran\u00e7a de seus pais em 2015, especialistas jur\u00eddicos explicam que essa puni\u00e7\u00e3o \u00e9 restrita \u00e0 heran\u00e7a da v\u00edtima do crime. No Direito Civil brasileiro, a indignidade n\u00e3o se estende automaticamente a outros parentes.<\/p>\n\n\n\n<ol class=\"wp-block-list\">\n<li>\u200b<strong>Indignidade \u00e9 pessoal:<\/strong> A lei impede que Suzane herde de quem ela matou (seus pais), mas n\u00e3o retira seu direito de herdar de outros familiares, como o tio.<\/li>\n\n\n\n<li>\u200b<strong>Ordem de Sucess\u00e3o:<\/strong> Na falta de testamento, sobrinhos (Suzane e Andreas) t\u00eam prioridade legal sobre primos (Carmem).<\/li>\n\n\n\n<li>\u200b<strong>A quest\u00e3o do Testamento:<\/strong> At\u00e9 o momento, n\u00e3o foi localizado um testamento oficial. Se Miguel tiver deixado um documento excluindo formalmente a sobrinha ou destinando seus bens a terceiros, Suzane poder\u00e1 ficar sem a heran\u00e7a.<\/li>\n<\/ol>\n\n\n\n<p class=\"wp-block-paragraph\">\u200b<strong>Movimenta\u00e7\u00f5es recentes<\/strong><\/p>\n\n\n\n<p class=\"wp-block-paragraph\">A disputa come\u00e7ou poucas horas ap\u00f3s o \u00f3bito. Suzane compareceu ao 27\u00ba Distrito Policial (Campo Belo) \u2014 a mesma delegacia onde foi investigada em 2002 \u2014 para tentar liberar o corpo do tio e se habilitar como inventariante dos bens. No entanto, a Justi\u00e7a negou o pedido de Suzane, autorizando Carmem S\u00edlvia a realizar os procedimentos de sepultamento, que ocorreu de forma discreta em Pirassununga (SP).<\/p>\n\n\n\n<p class=\"wp-block-paragraph\">\u200bAndreas von Richthofen, que herdou sozinho a fortuna dos pais, vive atualmente em local desconhecido no litoral paulista e ainda n\u00e3o se manifestou formalmente sobre o esp\u00f3lio do tio.<\/p>\n\n\n\n<p class=\"wp-block-paragraph\">\u200b<strong>Pr\u00f3ximos passos<\/strong><\/p>\n\n\n\n<p class=\"wp-block-paragraph\">O desfecho depende agora de duas frentes judiciais:<\/p>\n\n\n\n<ul class=\"wp-block-list\">\n<li>\u200bA per\u00edcia do IML para confirmar a causa da morte de Miguel Abdalla.<\/li>\n\n\n\n<li>\u200bA a\u00e7\u00e3o de reconhecimento de uni\u00e3o est\u00e1vel movida por Carmem S\u00edlvia. Caso a uni\u00e3o n\u00e3o seja comprovada e nenhum testamento seja encontrado, Suzane e Andreas dever\u00e3o dividir o patrim\u00f4nio milion\u00e1rio em partes iguais.<\/li>\n<\/ul>\n","protected":false},"excerpt":{"rendered":"<p>O piv\u00f4 da disputa Miguel Abdalla Netto n\u00e3o deixou filhos, c\u00f4njuge ou pais vivos. Diante da aus\u00eancia de herdeiros diretos, o patrim\u00f4nio \u2014 estimado em [&#8230;]<\/p>\n","protected":false},"author":1,"featured_media":1883,"comment_status":"open","ping_status":"open","sticky":false,"template":"","format":"standard","meta":{"_crdt_document":"","_jetpack_memberships_contains_paid_content":false,"footnotes":"","jetpack_publicize_message":"","jetpack_publicize_feature_enabled":true,"jetpack_social_post_already_shared":true,"jetpack_social_options":{"image_generator_settings":{"template":"highway","default_image_id":0,"font":"","enabled":false},"version":2}},"categories":[3],"tags":[],"class_list":["post-1882","post","type-post","status-publish","format-standard","has-post-thumbnail","hentry","category-brasil"],"jetpack_publicize_connections":[],"jetpack_featured_media_url":"https:\/\/i0.wp.com\/oexpressobr.com.br\/wp-content\/uploads\/2026\/01\/IMG-20260115-WA0243.jpg?fit=984%2C478&ssl=1","jetpack_likes_enabled":true,"jetpack_sharing_enabled":true,"_links":{"self":[{"href":"https:\/\/oexpressobr.com.br\/index.php?rest_route=\/wp\/v2\/posts\/1882","targetHints":{"allow":["GET"]}}],"collection":[{"href":"https:\/\/oexpressobr.com.br\/index.php?rest_route=\/wp\/v2\/posts"}],"about":[{"href":"https:\/\/oexpressobr.com.br\/index.php?rest_route=\/wp\/v2\/types\/post"}],"author":[{"embeddable":true,"href":"https:\/\/oexpressobr.com.br\/index.php?rest_route=\/wp\/v2\/users\/1"}],"replies":[{"embeddable":true,"href":"https:\/\/oexpressobr.com.br\/index.php?rest_route=%2Fwp%2Fv2%2Fcomments&post=1882"}],"version-history":[{"count":1,"href":"https:\/\/oexpressobr.com.br\/index.php?rest_route=\/wp\/v2\/posts\/1882\/revisions"}],"predecessor-version":[{"id":1884,"href":"https:\/\/oexpressobr.com.br\/index.php?rest_route=\/wp\/v2\/posts\/1882\/revisions\/1884"}],"wp:featuredmedia":[{"embeddable":true,"href":"https:\/\/oexpressobr.com.br\/index.php?rest_route=\/wp\/v2\/media\/1883"}],"wp:attachment":[{"href":"https:\/\/oexpressobr.com.br\/index.php?rest_route=%2Fwp%2Fv2%2Fmedia&parent=1882"}],"wp:term":[{"taxonomy":"category","embeddable":true,"href":"https:\/\/oexpressobr.com.br\/index.php?rest_route=%2Fwp%2Fv2%2Fcategories&post=1882"},{"taxonomy":"post_tag","embeddable":true,"href":"https:\/\/oexpressobr.com.br\/index.php?rest_route=%2Fwp%2Fv2%2Ftags&post=1882"}],"curies":[{"name":"wp","href":"https:\/\/api.w.org\/{rel}","templated":true}]}}