{"id":1885,"date":"2026-01-15T06:50:57","date_gmt":"2026-01-15T09:50:57","guid":{"rendered":"https:\/\/oexpressobr.com.br\/?p=1885"},"modified":"2026-01-15T06:50:59","modified_gmt":"2026-01-15T09:50:59","slug":"ancelotti-aprova-base-da-selecao-para-a-copa-de-2026-e-destaca-logistica-em-nova-jersey","status":"publish","type":"post","link":"https:\/\/oexpressobr.com.br\/?p=1885","title":{"rendered":"Ancelotti aprova base da Sele\u00e7\u00e3o para a Copa de 2026 e destaca log\u00edstica em Nova Jersey"},"content":{"rendered":"\n<p class=\"wp-block-paragraph\">O t\u00e9cnico da Sele\u00e7\u00e3o Brasileira, Carlo Ancelotti, deu o seu aval definitivo para a estrutura que servir\u00e1 de casa para a equipe durante a Copa do Mundo de 2026. Ap\u00f3s realizar uma vistoria t\u00e9cnica detalhada nas instala\u00e7\u00f5es escolhidas pela Confedera\u00e7\u00e3o Brasileira de Futebol (CBF) no estado de Nova Jersey, nos Estados Unidos, o treinador italiano classificou as escolhas como &#8220;ideais&#8221; para a busca pelo hexacampeonato.<\/p>\n\n\n\n<p class=\"wp-block-paragraph\">\u200bOs locais definidos para a delega\u00e7\u00e3o brasileira s\u00e3o o <strong>Columbia Park<\/strong>, centro de treinamento pertencente ao New York Red Bulls, em Morristown, e o hotel <strong>The Ridge<\/strong>, em Basking Ridge. Segundo Ancelotti, a decis\u00e3o de fixar base na regi\u00e3o levou em conta fatores t\u00e9cnicos e humanos que ele considera cruciais para o desempenho em um torneio de tiro curto.<\/p>\n\n\n\n<h3 class=\"wp-block-heading\">\u200bPrivacidade e log\u00edstica: os diferenciais<\/h3>\n\n\n\n<p class=\"wp-block-paragraph\">\u200bEm declara\u00e7\u00f5es recentes, Ancelotti enfatizou que a proximidade entre os locais de trabalho e descanso foi o fator determinante para a escolha. &#8220;As dist\u00e2ncias s\u00e3o curtas e isso influenciou nossa decis\u00e3o. O hotel oferece privacidade e todo o conforto para uma prepara\u00e7\u00e3o tranquila&#8221;, afirmou o treinador.<\/p>\n\n\n\n<p class=\"wp-block-paragraph\">\u200bA log\u00edstica privilegiada permite que a delega\u00e7\u00e3o se desloque do hotel para o centro de treinamento em apenas 15 a 20 minutos. Al\u00e9m disso, a base fica a cerca de 30 a 50 minutos do <strong>MetLife Stadium<\/strong>, palco onde o Brasil far\u00e1 sua estreia oficial no torneio contra o Marrocos, no dia 13 de junho.<\/p>\n\n\n\n<h3 class=\"wp-block-heading\">\u200bTecnologia e prepara\u00e7\u00e3o t\u00e1tica<\/h3>\n\n\n\n<p class=\"wp-block-paragraph\">\u200bAl\u00e9m do conforto, a estrutura tecnol\u00f3gica do hotel The Ridge foi elogiada pela comiss\u00e3o t\u00e9cnica. O local conta com:<\/p>\n\n\n\n<ul class=\"wp-block-list\">\n<li>\u200b<strong>Salas multim\u00eddia<\/strong> de \u00faltima gera\u00e7\u00e3o para an\u00e1lise de v\u00eddeos;<\/li>\n\n\n\n<li>\u200b<strong>Anfiteatro com padr\u00e3o de cinema<\/strong> para reuni\u00f5es t\u00e1ticas e prele\u00e7\u00f5es;<\/li>\n\n\n\n<li>\u200b<strong>Redes privadas de alta velocidade<\/strong> para o compartilhamento de dados e estat\u00edsticas em tempo real com os jogadores.<\/li>\n<\/ul>\n\n\n\n<p class=\"wp-block-paragraph\">\u200b&#8221;Estamos muito satisfeitos. O centro de treinamento \u00e9 novo, moderno e oferece todas as condi\u00e7\u00f5es. Teremos tudo o que \u00e9 necess\u00e1rio para um bom trabalho&#8221;, completou o t\u00e9cnico, agradecendo publicamente ao RB New York por disponibilizar o espa\u00e7o, que tamb\u00e9m era pretendido por outras sele\u00e7\u00f5es de ponta.<\/p>\n\n\n\n<h3 class=\"wp-block-heading\">\u200bCaminho definido<\/h3>\n\n\n\n<p class=\"wp-block-paragraph\">\u200bO Brasil, cabe\u00e7a de chave do Grupo C, enfrentar\u00e1 Marrocos, Haiti e Esc\u00f3cia na fase inicial. Para Ancelotti, que recentemente destacou em entrevista \u00e0 revista <em>Placar<\/em> que &#8220;defender bem \u00e9 fundamental para ganhar a Copa&#8221;, ter um ambiente controlado e funcional em Nova Jersey \u00e9 o primeiro passo estrat\u00e9gico para garantir que o elenco chegue focado e fisicamente preservado aos confrontos.<\/p>\n\n\n\n<p class=\"wp-block-paragraph\">\u200bA Sele\u00e7\u00e3o deve iniciar sua prepara\u00e7\u00e3o final na Granja Comary, no Rio de Janeiro, antes de embarcar para os Estados Unidos, unindo o apoio da torcida brasileira com a infraestrutura de elite montada em solo americano.<\/p>\n\n\n\n<p class=\"wp-block-paragraph\"><\/p>\n","protected":false},"excerpt":{"rendered":"<p>O t\u00e9cnico da Sele\u00e7\u00e3o Brasileira, Carlo Ancelotti, deu o seu aval definitivo para a estrutura que servir\u00e1 de casa para a equipe durante a Copa [&#8230;]<\/p>\n","protected":false},"author":1,"featured_media":1886,"comment_status":"open","ping_status":"open","sticky":false,"template":"","format":"standard","meta":{"_crdt_document":"","_jetpack_memberships_contains_paid_content":false,"footnotes":"","jetpack_publicize_message":"","jetpack_publicize_feature_enabled":true,"jetpack_social_post_already_shared":true,"jetpack_social_options":{"image_generator_settings":{"template":"highway","default_image_id":0,"font":"","enabled":false},"version":2}},"categories":[12],"tags":[],"class_list":["post-1885","post","type-post","status-publish","format-standard","has-post-thumbnail","hentry","category-esporte"],"jetpack_publicize_connections":[],"jetpack_featured_media_url":"https:\/\/i0.wp.com\/oexpressobr.com.br\/wp-content\/uploads\/2026\/01\/54924624214_e6363e9440_b.jpg?fit=414%2C280&ssl=1","jetpack_likes_enabled":true,"jetpack_sharing_enabled":true,"_links":{"self":[{"href":"https:\/\/oexpressobr.com.br\/index.php?rest_route=\/wp\/v2\/posts\/1885","targetHints":{"allow":["GET"]}}],"collection":[{"href":"https:\/\/oexpressobr.com.br\/index.php?rest_route=\/wp\/v2\/posts"}],"about":[{"href":"https:\/\/oexpressobr.com.br\/index.php?rest_route=\/wp\/v2\/types\/post"}],"author":[{"embeddable":true,"href":"https:\/\/oexpressobr.com.br\/index.php?rest_route=\/wp\/v2\/users\/1"}],"replies":[{"embeddable":true,"href":"https:\/\/oexpressobr.com.br\/index.php?rest_route=%2Fwp%2Fv2%2Fcomments&post=1885"}],"version-history":[{"count":1,"href":"https:\/\/oexpressobr.com.br\/index.php?rest_route=\/wp\/v2\/posts\/1885\/revisions"}],"predecessor-version":[{"id":1887,"href":"https:\/\/oexpressobr.com.br\/index.php?rest_route=\/wp\/v2\/posts\/1885\/revisions\/1887"}],"wp:featuredmedia":[{"embeddable":true,"href":"https:\/\/oexpressobr.com.br\/index.php?rest_route=\/wp\/v2\/media\/1886"}],"wp:attachment":[{"href":"https:\/\/oexpressobr.com.br\/index.php?rest_route=%2Fwp%2Fv2%2Fmedia&parent=1885"}],"wp:term":[{"taxonomy":"category","embeddable":true,"href":"https:\/\/oexpressobr.com.br\/index.php?rest_route=%2Fwp%2Fv2%2Fcategories&post=1885"},{"taxonomy":"post_tag","embeddable":true,"href":"https:\/\/oexpressobr.com.br\/index.php?rest_route=%2Fwp%2Fv2%2Ftags&post=1885"}],"curies":[{"name":"wp","href":"https:\/\/api.w.org\/{rel}","templated":true}]}}