{"id":1888,"date":"2026-01-15T06:58:34","date_gmt":"2026-01-15T09:58:34","guid":{"rendered":"https:\/\/oexpressobr.com.br\/?p=1888"},"modified":"2026-01-15T06:58:35","modified_gmt":"2026-01-15T09:58:35","slug":"uem-abre-concurso-com-73-vagas-para-professores-em-diversas-areas-do-conhecimento","status":"publish","type":"post","link":"https:\/\/oexpressobr.com.br\/?p=1888","title":{"rendered":"UEM abre concurso com 73 vagas para professores em diversas \u00e1reas do conhecimento"},"content":{"rendered":"\n<p class=\"wp-block-paragraph\">A <strong>Universidade Estadual de Maring\u00e1 (UEM)<\/strong> publicou oficialmente o edital para um novo concurso p\u00fablico destinado ao provimento de cargos na carreira de <strong>Professor de Ensino Superior<\/strong>. A iniciativa visa suprir demandas acad\u00eamicas em 65 \u00e1reas distintas, refor\u00e7ando o corpo docente de uma das principais institui\u00e7\u00f5es de ensino do Paran\u00e1.<\/p>\n\n\n\n<p class=\"wp-block-paragraph\">\u200bAo todo, s\u00e3o ofertadas <strong>73 vagas<\/strong>. As oportunidades abrangem diferentes centros de ensino da universidade, contemplando \u00e1reas que v\u00e3o desde as Ci\u00eancias Exatas e Tecnol\u00f3gicas at\u00e9 as Ci\u00eancias Humanas, Sociais Aplicadas e da Sa\u00fade.<\/p>\n\n\n\n<h3 class=\"wp-block-heading\">\u200bDetalhes do Certame<\/h3>\n\n\n\n<p class=\"wp-block-paragraph\">\u200bO concurso \u00e9 uma resposta \u00e0 necessidade de reposi\u00e7\u00e3o e expans\u00e3o do quadro efetivo da institui\u00e7\u00e3o. Abaixo, os principais pontos destacados no edital:<\/p>\n\n\n\n<ul class=\"wp-block-list\">\n<li>\u200b<strong>Vagas:<\/strong> 73 postos de trabalho.<\/li>\n\n\n\n<li>\u200b<strong>Abrang\u00eancia:<\/strong> 65 \u00e1reas do conhecimento.<\/li>\n\n\n\n<li>\u200b<strong>Regime de Trabalho:<\/strong> As cargas hor\u00e1rias variam conforme a necessidade do departamento, podendo chegar ao regime de dedica\u00e7\u00e3o exclusiva.<\/li>\n\n\n\n<li>\u200b<strong>Inscri\u00e7\u00f5es:<\/strong> Devem ser realizadas exclusivamente pelo portal oficial da UEM (concurso.uem.br) dentro do prazo estabelecido no cronograma oficial.<\/li>\n<\/ul>\n\n\n\n<h3 class=\"wp-block-heading\">\u200bRequisitos e Sal\u00e1rios<\/h3>\n\n\n\n<p class=\"wp-block-paragraph\">\u200bPara concorrer, os candidatos devem possuir, no m\u00ednimo, o t\u00edtulo de <strong>especialista, mestre ou doutor<\/strong>, dependendo da exig\u00eancia espec\u00edfica de cada \u00e1rea. A remunera\u00e7\u00e3o \u00e9 composta pelo vencimento b\u00e1sico acrescido de adicionais por titula\u00e7\u00e3o, seguindo a tabela salarial vigente para os servidores estaduais do Paran\u00e1.<\/p>\n\n\n\n<h3 class=\"wp-block-heading\">\u200bEtapas de Avalia\u00e7\u00e3o<\/h3>\n\n\n\n<p class=\"wp-block-paragraph\">\u200bO processo seletivo ser\u00e1 rigoroso, composto por:<\/p>\n\n\n\n<ol class=\"wp-block-list\">\n<li>\u200b<strong>Prova Escrita:<\/strong> Car\u00e1ter eliminat\u00f3rio e classificat\u00f3rio.<\/li>\n\n\n\n<li>\u200b<strong>Prova Did\u00e1tica:<\/strong> Avalia\u00e7\u00e3o da capacidade de transposi\u00e7\u00e3o did\u00e1tica do conte\u00fado.<\/li>\n\n\n\n<li>\u200b<strong>Prova de T\u00edtulos:<\/strong> An\u00e1lise do curr\u00edculo acad\u00eamico e profissional (Lattes).<\/li>\n\n\n\n<li>\u200b<strong>Argui\u00e7\u00e3o de Memorial Descritivo:<\/strong> Em \u00e1reas espec\u00edficas, conforme o edital.<\/li>\n<\/ol>\n\n\n\n<h3 class=\"wp-block-heading\">\u200bImpacto na Comunidade Acad\u00eamica<\/h3>\n\n\n\n<p class=\"wp-block-paragraph\">\u200bA abertura deste concurso \u00e9 vista com otimismo pela reitoria e pelos centros de ensino. A chegada de novos professores efetivos garante a continuidade de projetos de pesquisa, extens\u00e3o e, fundamentalmente, a qualidade do ensino de gradua\u00e7\u00e3o e p\u00f3s-gradua\u00e7\u00e3o, diminuindo a depend\u00eancia de contratos tempor\u00e1rios.<\/p>\n\n\n\n<p class=\"wp-block-paragraph\">\u200bOs interessados devem ficar atentos aos prazos de isen\u00e7\u00e3o da taxa de inscri\u00e7\u00e3o e aos documentos exigidos para a homologa\u00e7\u00e3o da candidatura.<\/p>\n","protected":false},"excerpt":{"rendered":"<p>A Universidade Estadual de Maring\u00e1 (UEM) publicou oficialmente o edital para um novo concurso p\u00fablico destinado ao provimento de cargos na carreira de Professor de [&#8230;]<\/p>\n","protected":false},"author":1,"featured_media":1889,"comment_status":"open","ping_status":"open","sticky":false,"template":"","format":"standard","meta":{"_crdt_document":"","_jetpack_memberships_contains_paid_content":false,"footnotes":"","jetpack_publicize_message":"","jetpack_publicize_feature_enabled":true,"jetpack_social_post_already_shared":true,"jetpack_social_options":{"image_generator_settings":{"template":"highway","default_image_id":0,"font":"","enabled":false},"version":2}},"categories":[4],"tags":[],"class_list":["post-1888","post","type-post","status-publish","format-standard","has-post-thumbnail","hentry","category-maringa"],"jetpack_publicize_connections":[],"jetpack_featured_media_url":"https:\/\/i0.wp.com\/oexpressobr.com.br\/wp-content\/uploads\/2026\/01\/uem-abre-inscricoes-para-vestibular-de-verao-e-pas-2025-com-mais-de-1500-vagas-6899ff94905ff.jpg?fit=984%2C657&ssl=1","jetpack_likes_enabled":true,"jetpack_sharing_enabled":true,"_links":{"self":[{"href":"https:\/\/oexpressobr.com.br\/index.php?rest_route=\/wp\/v2\/posts\/1888","targetHints":{"allow":["GET"]}}],"collection":[{"href":"https:\/\/oexpressobr.com.br\/index.php?rest_route=\/wp\/v2\/posts"}],"about":[{"href":"https:\/\/oexpressobr.com.br\/index.php?rest_route=\/wp\/v2\/types\/post"}],"author":[{"embeddable":true,"href":"https:\/\/oexpressobr.com.br\/index.php?rest_route=\/wp\/v2\/users\/1"}],"replies":[{"embeddable":true,"href":"https:\/\/oexpressobr.com.br\/index.php?rest_route=%2Fwp%2Fv2%2Fcomments&post=1888"}],"version-history":[{"count":1,"href":"https:\/\/oexpressobr.com.br\/index.php?rest_route=\/wp\/v2\/posts\/1888\/revisions"}],"predecessor-version":[{"id":1890,"href":"https:\/\/oexpressobr.com.br\/index.php?rest_route=\/wp\/v2\/posts\/1888\/revisions\/1890"}],"wp:featuredmedia":[{"embeddable":true,"href":"https:\/\/oexpressobr.com.br\/index.php?rest_route=\/wp\/v2\/media\/1889"}],"wp:attachment":[{"href":"https:\/\/oexpressobr.com.br\/index.php?rest_route=%2Fwp%2Fv2%2Fmedia&parent=1888"}],"wp:term":[{"taxonomy":"category","embeddable":true,"href":"https:\/\/oexpressobr.com.br\/index.php?rest_route=%2Fwp%2Fv2%2Fcategories&post=1888"},{"taxonomy":"post_tag","embeddable":true,"href":"https:\/\/oexpressobr.com.br\/index.php?rest_route=%2Fwp%2Fv2%2Ftags&post=1888"}],"curies":[{"name":"wp","href":"https:\/\/api.w.org\/{rel}","templated":true}]}}