{"id":189,"date":"2025-12-01T20:06:59","date_gmt":"2025-12-01T23:06:59","guid":{"rendered":"https:\/\/oexpressobr.com.br\/?p=189"},"modified":"2025-12-01T20:07:01","modified_gmt":"2025-12-01T23:07:01","slug":"stf-derruba-revisao-da-vida-toda-do-inss-decisao-final-gera-frustracao-e-impacto-bilionario","status":"publish","type":"post","link":"https:\/\/oexpressobr.com.br\/?p=189","title":{"rendered":"STF Derruba &#8216;Revis\u00e3o da Vida Toda&#8217; do INSS; Decis\u00e3o Final Gera Frustra\u00e7\u00e3o e Impacto Bilion\u00e1rio"},"content":{"rendered":"\n<p class=\"wp-block-paragraph\">Aposentados e pensionistas do Instituto Nacional do Seguro Social (INSS) que nutriam a esperan\u00e7a de aumentar seus benef\u00edcios com a inclus\u00e3o de todas as contribui\u00e7\u00f5es previdenci\u00e1rias \u2014 inclusive as anteriores a julho de 1994, antes do Plano Real \u2014 tiveram um rev\u00e9s definitivo. Em um movimento que gerou ampla repercuss\u00e3o, o <strong>Supremo Tribunal Federal (STF)<\/strong> <strong>cancelou a tese jur\u00eddica<\/strong> da &#8220;Revis\u00e3o da Vida Toda&#8221;, solidificando uma decis\u00e3o que inviabiliza o rec\u00e1lculo para a maioria dos segurados.<\/p>\n\n\n\n<p class=\"wp-block-paragraph\">\u200bA decis\u00e3o foi tomada em julgamento virtual, com um placar de <strong>8 votos a 3<\/strong> pelo cancelamento da tese, atendendo a um pedido da Uni\u00e3o e consolidando o entendimento de que os segurados n\u00e3o podem optar pela regra de c\u00e1lculo mais favor\u00e1vel, mesmo que lhes seja mais ben\u00e9fica. A Uni\u00e3o estimou que o impacto financeiro da Revis\u00e3o poderia chegar a <strong>R$ 480 bilh\u00f5es<\/strong> nas contas p\u00fablicas.<\/p>\n\n\n\n<h3 class=\"wp-block-heading\">\u200bA Situa\u00e7\u00e3o dos Segurados<\/h3>\n\n\n\n<p class=\"wp-block-paragraph\">\u200bA medida afeta diretamente aqueles que vislumbravam um aumento significativo em suas aposentadorias, especialmente os que, no in\u00edcio de suas carreiras (antes de 1994), possu\u00edam sal\u00e1rios de contribui\u00e7\u00e3o mais altos.<\/p>\n\n\n\n<p class=\"wp-block-paragraph\">\u200bA frustra\u00e7\u00e3o \u00e9 palp\u00e1vel, como no caso de <strong>Iracilda Soares<\/strong>, de 69 anos. Aposentada que reside em Portugal, ela relata ter recolhido valores altos no come\u00e7o de sua vida profissional, mas se viu com um benef\u00edcio de <strong>apenas um sal\u00e1rio m\u00ednimo<\/strong> ao se aposentar. &#8220;S\u00f3 consigo manter a vida no pa\u00eds com ajuda dos filhos e de empr\u00e9stimos,&#8221; desabafa.<\/p>\n\n\n\n<blockquote class=\"wp-block-quote is-layout-flow wp-block-quote-is-layout-flow\">\n<p class=\"wp-block-paragraph\">\u200b\ud83d\udcf8 Arquivo Pessoal<\/p>\n<\/blockquote>\n\n\n\n<p class=\"wp-block-paragraph\">\u200bCom o cancelamento da tese, os processos que estavam suspensos em todo o pa\u00eds aguardando a decis\u00e3o final do STF voltar\u00e3o a tramitar, mas seguindo o novo entendimento da Corte, o que implica o desfecho desfavor\u00e1vel aos aposentados.<\/p>\n\n\n\n<h3 class=\"wp-block-heading\">\u200bA Modula\u00e7\u00e3o e o Que Resta<\/h3>\n\n\n\n<p class=\"wp-block-paragraph\">\u200bApesar do cancelamento da tese, a Corte buscou proteger o princ\u00edpio da seguran\u00e7a jur\u00eddica para quem j\u00e1 havia conseguido decis\u00f5es favor\u00e1veis na Justi\u00e7a.<\/p>\n\n\n\n<ul class=\"wp-block-list\">\n<li>\u200b<strong>Quem j\u00e1 ganhou e recebeu:<\/strong> O STF garantiu que os aposentados que j\u00e1 obtiveram decis\u00f5es favor\u00e1veis e receberam valores a mais <strong>n\u00e3o precisar\u00e3o devolver<\/strong> o dinheiro ao INSS.<\/li>\n\n\n\n<li>\u200b<strong>Processos em andamento:<\/strong> Aqueles que ainda t\u00eam processos em curso ou que n\u00e3o haviam ingressado com a a\u00e7\u00e3o antes da modula\u00e7\u00e3o da decis\u00e3o perdem a possibilidade de reivindicar o rec\u00e1lculo do benef\u00edcio com base na &#8220;Revis\u00e3o da Vida Toda&#8221;.<\/li>\n<\/ul>\n\n\n\n<p class=\"wp-block-paragraph\">\u200bA decis\u00e3o final do STF encerra uma longa disputa judicial que durou anos, iniciada a partir da tentativa dos segurados de incluir no c\u00e1lculo de seus benef\u00edcios as contribui\u00e7\u00f5es previdenci\u00e1rias feitas antes da Lei 9.876\/99, que instituiu a regra de transi\u00e7\u00e3o limitando o c\u00e1lculo da m\u00e9dia salarial apenas \u00e0s contribui\u00e7\u00f5es feitas a partir de julho de 1994.<\/p>\n","protected":false},"excerpt":{"rendered":"<p>Aposentados e pensionistas do Instituto Nacional do Seguro Social (INSS) que nutriam a esperan\u00e7a de aumentar seus benef\u00edcios com a inclus\u00e3o de todas as contribui\u00e7\u00f5es [&#8230;]<\/p>\n","protected":false},"author":1,"featured_media":190,"comment_status":"open","ping_status":"open","sticky":false,"template":"","format":"standard","meta":{"_crdt_document":"","_jetpack_memberships_contains_paid_content":false,"footnotes":"","jetpack_publicize_message":"","jetpack_publicize_feature_enabled":true,"jetpack_social_post_already_shared":false,"jetpack_social_options":{"image_generator_settings":{"template":"highway","default_image_id":0,"font":"","enabled":false},"version":2}},"categories":[8],"tags":[],"class_list":["post-189","post","type-post","status-publish","format-standard","has-post-thumbnail","hentry","category-judiciario"],"jetpack_publicize_connections":[],"jetpack_featured_media_url":"https:\/\/i0.wp.com\/oexpressobr.com.br\/wp-content\/uploads\/2025\/12\/IMG-20251201-WA0216.jpg?fit=308%2C397&ssl=1","jetpack_likes_enabled":true,"jetpack_sharing_enabled":true,"_links":{"self":[{"href":"https:\/\/oexpressobr.com.br\/index.php?rest_route=\/wp\/v2\/posts\/189","targetHints":{"allow":["GET"]}}],"collection":[{"href":"https:\/\/oexpressobr.com.br\/index.php?rest_route=\/wp\/v2\/posts"}],"about":[{"href":"https:\/\/oexpressobr.com.br\/index.php?rest_route=\/wp\/v2\/types\/post"}],"author":[{"embeddable":true,"href":"https:\/\/oexpressobr.com.br\/index.php?rest_route=\/wp\/v2\/users\/1"}],"replies":[{"embeddable":true,"href":"https:\/\/oexpressobr.com.br\/index.php?rest_route=%2Fwp%2Fv2%2Fcomments&post=189"}],"version-history":[{"count":0,"href":"https:\/\/oexpressobr.com.br\/index.php?rest_route=\/wp\/v2\/posts\/189\/revisions"}],"wp:featuredmedia":[{"embeddable":true,"href":"https:\/\/oexpressobr.com.br\/index.php?rest_route=\/wp\/v2\/media\/190"}],"wp:attachment":[{"href":"https:\/\/oexpressobr.com.br\/index.php?rest_route=%2Fwp%2Fv2%2Fmedia&parent=189"}],"wp:term":[{"taxonomy":"category","embeddable":true,"href":"https:\/\/oexpressobr.com.br\/index.php?rest_route=%2Fwp%2Fv2%2Fcategories&post=189"},{"taxonomy":"post_tag","embeddable":true,"href":"https:\/\/oexpressobr.com.br\/index.php?rest_route=%2Fwp%2Fv2%2Ftags&post=189"}],"curies":[{"name":"wp","href":"https:\/\/api.w.org\/{rel}","templated":true}]}}