{"id":1891,"date":"2026-01-15T11:01:11","date_gmt":"2026-01-15T14:01:11","guid":{"rendered":"https:\/\/oexpressobr.com.br\/?p=1891"},"modified":"2026-01-15T11:01:12","modified_gmt":"2026-01-15T14:01:12","slug":"policia-civil-prende-homem-por-crimes-digitais-e-aliciamento-de-menores-em-operacao-interestadual","status":"publish","type":"post","link":"https:\/\/oexpressobr.com.br\/?p=1891","title":{"rendered":"POL\u00cdCIA CIVIL PRENDE homem por crimes digitais e aliciamento de menores em opera\u00e7\u00e3o interestadual"},"content":{"rendered":"\n<p class=\"wp-block-paragraph\">Uma opera\u00e7\u00e3o coordenada pela Pol\u00edcia Civil do Paran\u00e1 (PCPR), em colabora\u00e7\u00e3o com autoridades de outros estados, resultou na pris\u00e3o de um homem suspeito de integrar uma rede de crimes digitais voltada \u00e0 explora\u00e7\u00e3o de crian\u00e7as e adolescentes. O suspeito, que n\u00e3o teve a identidade revelada para n\u00e3o prejudicar o andamento das investiga\u00e7\u00f5es, foi capturado em uma a\u00e7\u00e3o que mobiliza diferentes for\u00e7as de seguran\u00e7a para combater o aliciamento online, a extors\u00e3o emocional e o est\u00edmulo \u00e0 automutila\u00e7\u00e3o.<\/p>\n\n\n\n<p class=\"wp-block-paragraph\">\u200bDe acordo com as investiga\u00e7\u00f5es mais recentes, o indiv\u00edduo utilizava perfis falsos e t\u00e1ticas sofisticadas de engenharia social para se aproximar de v\u00edtimas menores de idade. Ap\u00f3s estabelecer um v\u00ednculo de confian\u00e7a e depend\u00eancia psicol\u00f3gica, o criminoso passava a exigir o envio de imagens \u00edntimas (pr\u00e1tica conhecida como &#8220;sextors\u00e3o&#8221;) e, em casos mais graves, induzia os jovens a pr\u00e1ticas de automutila\u00e7\u00e3o sob amea\u00e7as de exposi\u00e7\u00e3o de dados e fotografias.<\/p>\n\n\n\n<h3 class=\"wp-block-heading\">\u200bOpera\u00e7\u00e3o e desdobramentos<\/h3>\n\n\n\n<p class=\"wp-block-paragraph\">\u200bA ofensiva policial, que ganhou for\u00e7a nos \u00faltimos dias com o apoio do Laborat\u00f3rio de Opera\u00e7\u00f5es Cibern\u00e9ticas (Ciberlab) do Minist\u00e9rio da Justi\u00e7a, aponta que o preso n\u00e3o agia de forma isolada. H\u00e1 ind\u00edcios de que ele participava de comunidades virtuais onde o abuso e a manipula\u00e7\u00e3o de menores eram tratados como uma esp\u00e9cie de &#8220;competi\u00e7\u00e3o&#8221; entre os membros.<\/p>\n\n\n\n<p class=\"wp-block-paragraph\">\u200bDurante o cumprimento do mandado de busca e apreens\u00e3o, foram apreendidos dispositivos eletr\u00f4nicos \u2014 incluindo celulares e HDs \u2014 que continham vasto material de abuso sexual infantil. O suspeito foi autuado em flagrante por armazenamento e compartilhamento de conte\u00fado il\u00edcito, al\u00e9m das acusa\u00e7\u00f5es de aliciamento e indu\u00e7\u00e3o \u00e0 automutila\u00e7\u00e3o previstas no C\u00f3digo Penal e no Estatuto da Crian\u00e7a e do Adolescente (ECA).<\/p>\n\n\n\n<h3 class=\"wp-block-heading\">\u200bCen\u00e1rio de alerta<\/h3>\n\n\n\n<p class=\"wp-block-paragraph\">\u200bEspecialistas e autoridades de seguran\u00e7a refor\u00e7am que este caso se insere em um contexto de crescimento dos crimes em plataformas como o Discord e grupos de mensagens criptografadas. Recentemente, propostas legislativas no Congresso Nacional t\u00eam buscado endurecer as penas para o aliciamento digital, elevando o tempo de reclus\u00e3o em at\u00e9 um ter\u00e7o para crimes cometidos no ambiente virtual.<\/p>\n\n\n\n<p class=\"wp-block-paragraph\">\u200bA Pol\u00edcia Civil alerta aos pais e respons\u00e1veis sobre a import\u00e2ncia do monitoramento ativo das atividades digitais dos jovens. Sinais como isolamento, mudan\u00e7as bruscas de comportamento e o uso excessivo de dispositivos em hor\u00e1rios n\u00e3o habituais podem indicar que a crian\u00e7a ou adolescente est\u00e1 sendo v\u00edtima de manipula\u00e7\u00e3o online.<\/p>\n\n\n\n<p class=\"wp-block-paragraph\">\u200bAs investiga\u00e7\u00f5es continuam com o objetivo de identificar outras poss\u00edveis v\u00edtimas e desarticular a rede de contatos do suspeito no submundo da internet.<\/p>\n","protected":false},"excerpt":{"rendered":"<p>Uma opera\u00e7\u00e3o coordenada pela Pol\u00edcia Civil do Paran\u00e1 (PCPR), em colabora\u00e7\u00e3o com autoridades de outros estados, resultou na pris\u00e3o de um homem suspeito de integrar [&#8230;]<\/p>\n","protected":false},"author":1,"featured_media":1892,"comment_status":"open","ping_status":"open","sticky":false,"template":"","format":"standard","meta":{"_crdt_document":"","_jetpack_memberships_contains_paid_content":false,"footnotes":"","jetpack_publicize_message":"","jetpack_publicize_feature_enabled":true,"jetpack_social_post_already_shared":true,"jetpack_social_options":{"image_generator_settings":{"template":"highway","default_image_id":0,"font":"","enabled":false},"version":2}},"categories":[9],"tags":[],"class_list":["post-1891","post","type-post","status-publish","format-standard","has-post-thumbnail","hentry","category-policia"],"jetpack_publicize_connections":[],"jetpack_featured_media_url":"https:\/\/i0.wp.com\/oexpressobr.com.br\/wp-content\/uploads\/2026\/01\/computador-2.jpeg?fit=984%2C738&ssl=1","jetpack_likes_enabled":true,"jetpack_sharing_enabled":true,"_links":{"self":[{"href":"https:\/\/oexpressobr.com.br\/index.php?rest_route=\/wp\/v2\/posts\/1891","targetHints":{"allow":["GET"]}}],"collection":[{"href":"https:\/\/oexpressobr.com.br\/index.php?rest_route=\/wp\/v2\/posts"}],"about":[{"href":"https:\/\/oexpressobr.com.br\/index.php?rest_route=\/wp\/v2\/types\/post"}],"author":[{"embeddable":true,"href":"https:\/\/oexpressobr.com.br\/index.php?rest_route=\/wp\/v2\/users\/1"}],"replies":[{"embeddable":true,"href":"https:\/\/oexpressobr.com.br\/index.php?rest_route=%2Fwp%2Fv2%2Fcomments&post=1891"}],"version-history":[{"count":1,"href":"https:\/\/oexpressobr.com.br\/index.php?rest_route=\/wp\/v2\/posts\/1891\/revisions"}],"predecessor-version":[{"id":1893,"href":"https:\/\/oexpressobr.com.br\/index.php?rest_route=\/wp\/v2\/posts\/1891\/revisions\/1893"}],"wp:featuredmedia":[{"embeddable":true,"href":"https:\/\/oexpressobr.com.br\/index.php?rest_route=\/wp\/v2\/media\/1892"}],"wp:attachment":[{"href":"https:\/\/oexpressobr.com.br\/index.php?rest_route=%2Fwp%2Fv2%2Fmedia&parent=1891"}],"wp:term":[{"taxonomy":"category","embeddable":true,"href":"https:\/\/oexpressobr.com.br\/index.php?rest_route=%2Fwp%2Fv2%2Fcategories&post=1891"},{"taxonomy":"post_tag","embeddable":true,"href":"https:\/\/oexpressobr.com.br\/index.php?rest_route=%2Fwp%2Fv2%2Ftags&post=1891"}],"curies":[{"name":"wp","href":"https:\/\/api.w.org\/{rel}","templated":true}]}}