{"id":1897,"date":"2026-01-15T11:21:56","date_gmt":"2026-01-15T14:21:56","guid":{"rendered":"https:\/\/oexpressobr.com.br\/?p=1897"},"modified":"2026-01-15T11:21:58","modified_gmt":"2026-01-15T14:21:58","slug":"crise-no-artico-europa-reforca-presenca-militar-na-groenlandia-apos-trump-insistir-em-posse-da-ilha","status":"publish","type":"post","link":"https:\/\/oexpressobr.com.br\/?p=1897","title":{"rendered":"Crise no \u00c1rtico: Europa refor\u00e7a presen\u00e7a militar na Groenl\u00e2ndia ap\u00f3s Trump insistir em posse da ilha"},"content":{"rendered":"\n<p class=\"wp-block-paragraph\">A tens\u00e3o diplom\u00e1tica entre Washington e Copenhague atingiu um novo patamar nesta semana, desencadeando uma resposta coordenada da Uni\u00e3o Europeia e da Otan. O estopim foi a confirma\u00e7\u00e3o, por parte do ministro das Rela\u00e7\u00f5es Exteriores da Dinamarca, <strong>Lars Lokke Rasmussen<\/strong>, de que o governo de <strong>Donald Trump<\/strong> mant\u00e9m formalmente o interesse em &#8220;conquistar&#8221; ou adquirir o territ\u00f3rio aut\u00f4nomo da Groenl\u00e2ndia.<\/p>\n\n\n\n<p class=\"wp-block-paragraph\">\u200bAp\u00f3s reuni\u00f5es tensas na Casa Branca com o vice-presidente <strong>J.D. Vance<\/strong> e o secret\u00e1rio de Estado <strong>Marco Rubio<\/strong>, Rasmussen foi enf\u00e1tico ao classificar a postura americana como &#8220;totalmente inaceit\u00e1vel&#8221; e uma viola\u00e7\u00e3o da soberania dinamarquesa.<\/p>\n\n\n\n<h3 class=\"wp-block-heading\">\u200bO Refor\u00e7o Europeu e a Resposta da Otan<\/h3>\n\n\n\n<p class=\"wp-block-paragraph\">\u200bDiferente de epis\u00f3dios anteriores em 2019, a Europa agora sinaliza que n\u00e3o tratar\u00e1 o tema apenas como ret\u00f3rica. Informa\u00e7\u00f5es de bastidores em Bruxelas indicam que a Uni\u00e3o Europeia e aliados da Otan j\u00e1 articulam o <strong>envio de tropas e o fortalecimento de bases de monitoramento<\/strong> na ilha.<\/p>\n\n\n\n<p class=\"wp-block-paragraph\">\u200bO objetivo \u00e9 claro: garantir que a Groenl\u00e2ndia permane\u00e7a sob a esfera de influ\u00eancia europeia e proteger os vastos recursos minerais e as rotas mar\u00edtimas que se tornam mais acess\u00edveis com o degelo polar.<\/p>\n\n\n\n<ul class=\"wp-block-list\">\n<li>\u200b<strong>Ponto de disc\u00f3rdia:<\/strong> Trump v\u00ea a ilha como um ativo estrat\u00e9gico vital para a seguran\u00e7a nacional e para a competi\u00e7\u00e3o mineral com a China.<\/li>\n\n\n\n<li>\u200b<strong>Posi\u00e7\u00e3o da Dinamarca:<\/strong> O governo dinamarqu\u00eas reitera que a Groenl\u00e2ndia n\u00e3o est\u00e1 \u00e0 venda e que o desejo de &#8220;conquista&#8221; fere tratados internacionais.<\/li>\n\n\n\n<li>\u200b<strong>Amea\u00e7a \u00e0 Otan:<\/strong> Especialistas alertam que a insist\u00eancia de Trump pode criar uma fratura sem precedentes na alian\u00e7a, j\u00e1 que a Groenl\u00e2ndia abriga a Base Espacial de Pituffik (antiga Base A\u00e9rea de Thule), essencial para o sistema de defesa de m\u00edsseis dos EUA.<\/li>\n<\/ul>\n\n\n\n<h3 class=\"wp-block-heading\">\u200bPor que a Groenl\u00e2ndia \u00e9 o foco agora?<\/h3>\n\n\n\n<p class=\"wp-block-paragraph\">\u200bA urg\u00eancia renovada de Trump e a resposta defensiva da Europa est\u00e3o ligadas a fatores que v\u00e3o al\u00e9m da geopol\u00edtica tradicional:<\/p>\n\n\n\n<ol class=\"wp-block-list\">\n<li>\u200b<strong>Recursos Naturais:<\/strong> A ilha possui dep\u00f3sitos massivos de terras raras, essenciais para a tecnologia de semicondutores e baterias.<\/li>\n\n\n\n<li>\u200b<strong>Novas Rotas Comerciais:<\/strong> Com o aquecimento global, a Passagem do Noroeste est\u00e1 se tornando uma alternativa vi\u00e1vel ao Canal de Suez.<\/li>\n\n\n\n<li>\u200b<strong>Presen\u00e7a da R\u00fassia e China:<\/strong> Washington teme que a &#8220;neglig\u00eancia&#8221; ocidental permita que Pequim ou Moscou estabele\u00e7am postos avan\u00e7ados na regi\u00e3o.<\/li>\n<\/ol>\n\n\n\n<p class=\"wp-block-paragraph\"><\/p>\n","protected":false},"excerpt":{"rendered":"<p>A tens\u00e3o diplom\u00e1tica entre Washington e Copenhague atingiu um novo patamar nesta semana, desencadeando uma resposta coordenada da Uni\u00e3o Europeia e da Otan. O estopim [&#8230;]<\/p>\n","protected":false},"author":1,"featured_media":1898,"comment_status":"open","ping_status":"open","sticky":false,"template":"","format":"standard","meta":{"_crdt_document":"","_jetpack_memberships_contains_paid_content":false,"footnotes":"","jetpack_publicize_message":"","jetpack_publicize_feature_enabled":true,"jetpack_social_post_already_shared":true,"jetpack_social_options":{"image_generator_settings":{"template":"highway","default_image_id":0,"font":"","enabled":false},"version":2}},"categories":[15],"tags":[],"class_list":["post-1897","post","type-post","status-publish","format-standard","has-post-thumbnail","hentry","category-internacional"],"jetpack_publicize_connections":[],"jetpack_featured_media_url":"https:\/\/i0.wp.com\/oexpressobr.com.br\/wp-content\/uploads\/2026\/01\/84ef5d90-f1f0-11f0-b385-5f48925de19a.jpg.webp?fit=800%2C463&ssl=1","jetpack_likes_enabled":true,"jetpack_sharing_enabled":true,"_links":{"self":[{"href":"https:\/\/oexpressobr.com.br\/index.php?rest_route=\/wp\/v2\/posts\/1897","targetHints":{"allow":["GET"]}}],"collection":[{"href":"https:\/\/oexpressobr.com.br\/index.php?rest_route=\/wp\/v2\/posts"}],"about":[{"href":"https:\/\/oexpressobr.com.br\/index.php?rest_route=\/wp\/v2\/types\/post"}],"author":[{"embeddable":true,"href":"https:\/\/oexpressobr.com.br\/index.php?rest_route=\/wp\/v2\/users\/1"}],"replies":[{"embeddable":true,"href":"https:\/\/oexpressobr.com.br\/index.php?rest_route=%2Fwp%2Fv2%2Fcomments&post=1897"}],"version-history":[{"count":1,"href":"https:\/\/oexpressobr.com.br\/index.php?rest_route=\/wp\/v2\/posts\/1897\/revisions"}],"predecessor-version":[{"id":1899,"href":"https:\/\/oexpressobr.com.br\/index.php?rest_route=\/wp\/v2\/posts\/1897\/revisions\/1899"}],"wp:featuredmedia":[{"embeddable":true,"href":"https:\/\/oexpressobr.com.br\/index.php?rest_route=\/wp\/v2\/media\/1898"}],"wp:attachment":[{"href":"https:\/\/oexpressobr.com.br\/index.php?rest_route=%2Fwp%2Fv2%2Fmedia&parent=1897"}],"wp:term":[{"taxonomy":"category","embeddable":true,"href":"https:\/\/oexpressobr.com.br\/index.php?rest_route=%2Fwp%2Fv2%2Fcategories&post=1897"},{"taxonomy":"post_tag","embeddable":true,"href":"https:\/\/oexpressobr.com.br\/index.php?rest_route=%2Fwp%2Fv2%2Ftags&post=1897"}],"curies":[{"name":"wp","href":"https:\/\/api.w.org\/{rel}","templated":true}]}}