{"id":1914,"date":"2026-01-15T17:41:14","date_gmt":"2026-01-15T20:41:14","guid":{"rendered":"https:\/\/oexpressobr.com.br\/?p=1914"},"modified":"2026-01-15T17:41:15","modified_gmt":"2026-01-15T20:41:15","slug":"repressao-no-ira-hrana-confirma-mais-de-2-400-mortes-e-18-mil-prisoes-em-meio-a-crise-de-direitos-humanos","status":"publish","type":"post","link":"https:\/\/oexpressobr.com.br\/?p=1914","title":{"rendered":"Repress\u00e3o no Ir\u00e3: HRANA confirma mais de 2.400 mortes e 18 mil pris\u00f5es em meio \u00e0 crise de direitos humanos"},"content":{"rendered":"\n<p class=\"wp-block-paragraph\">A escalada da viol\u00eancia estatal no Ir\u00e3 atingiu patamares alarmantes, segundo os dados mais recentes da organiza\u00e7\u00e3o <strong>Human Rights Activists News Agency (HRANA)<\/strong>. Em um cen\u00e1rio marcado pelo r\u00edgido bloqueio de comunica\u00e7\u00f5es imposto pelo regime dos aiatol\u00e1s, a entidade confirmou que ao menos <strong>2.403 manifestantes foram mortos<\/strong> desde o in\u00edcio da onda de protestos antigoverno.<\/p>\n\n\n\n<p class=\"wp-block-paragraph\">O levantamento detalha a brutalidade da repress\u00e3o, revelando que entre as v\u00edtimas fatais est\u00e3o pelo menos <strong>12 menores de 18 anos<\/strong>. Al\u00e9m das mortes, o bra\u00e7o repressivo do Estado realizou uma deten\u00e7\u00e3o em massa: a HRANA contabiliza <strong>18.137 pris\u00f5es<\/strong> de cidad\u00e3os que desafiaram as autoridades nas ruas.<\/p>\n\n\n\n<h3 class=\"wp-block-heading\">Verifica\u00e7\u00e3o contra a desinforma\u00e7\u00e3o<\/h3>\n\n\n\n<p class=\"wp-block-paragraph\">Embora rumores tenham circulado nas redes sociais nesta ter\u00e7a-feira sugerindo que o n\u00famero de mortos ultrapassaria a marca de 20 mil, especialistas e observadores internacionais pedem cautela. A HRANA esclareceu que seus n\u00fameros \u2014 embora possam ser conservadores devido \u00e0s dificuldades de acesso ao pa\u00eds \u2014 baseiam-se exclusivamente em <strong>casos identificados e rigorosamente verificados<\/strong>.<\/p>\n\n\n\n<blockquote class=\"wp-block-quote is-layout-flow wp-block-quote-is-layout-flow\">\n<p class=\"wp-block-paragraph\">&#8220;O bloqueio de informa\u00e7\u00f5es \u00e9 uma ferramenta de controle, mas o esfor\u00e7o de documenta\u00e7\u00e3o busca garantir que cada viola\u00e7\u00e3o seja registrada com provas&#8221;, afirma a organiza\u00e7\u00e3o.<\/p>\n<\/blockquote>\n\n\n\n<h3 class=\"wp-block-heading\">O contexto atual e a resposta internacional<\/h3>\n\n\n\n<p class=\"wp-block-paragraph\">A situa\u00e7\u00e3o no Ir\u00e3 permanece tensa. O que come\u00e7ou como um movimento por liberdades civis e contra leis de vestimenta obrigat\u00f3ria evoluiu para um desafio direto \u00e0 estrutura do regime teocr\u00e1tico.<\/p>\n\n\n\n<ul class=\"wp-block-list\">\n<li><strong>Censura Digital:<\/strong> O governo mant\u00e9m restri\u00e7\u00f5es severas ao acesso \u00e0 internet e redes sociais para impedir a organiza\u00e7\u00e3o de novos atos e a sa\u00edda de imagens de viol\u00eancia.<\/li>\n\n\n\n<li><strong>Press\u00e3o Externa:<\/strong> Organismos como a ONU e a Anistia Internacional continuam a pressionar por investiga\u00e7\u00f5es independentes, enquanto governos ocidentais discutem novas san\u00e7\u00f5es econ\u00f4micas contra l\u00edderes da Guarda Revolucion\u00e1ria.<\/li>\n<\/ul>\n\n\n\n<p class=\"wp-block-paragraph\">As autoridades iranianas, por sua vez, classificam os protestos como &#8220;dist\u00farbios incitados por inimigos estrangeiros&#8221;, justificando o uso de for\u00e7a letal como medida de seguran\u00e7a nacional.<\/p>\n","protected":false},"excerpt":{"rendered":"<p>A escalada da viol\u00eancia estatal no Ir\u00e3 atingiu patamares alarmantes, segundo os dados mais recentes da organiza\u00e7\u00e3o Human Rights Activists News Agency (HRANA). Em um [&#8230;]<\/p>\n","protected":false},"author":1,"featured_media":1915,"comment_status":"open","ping_status":"open","sticky":false,"template":"","format":"standard","meta":{"_crdt_document":"","_jetpack_memberships_contains_paid_content":false,"footnotes":"","jetpack_publicize_message":"","jetpack_publicize_feature_enabled":true,"jetpack_social_post_already_shared":true,"jetpack_social_options":{"image_generator_settings":{"template":"highway","default_image_id":0,"font":"","enabled":false},"version":2}},"categories":[15],"tags":[],"class_list":["post-1914","post","type-post","status-publish","format-standard","has-post-thumbnail","hentry","category-internacional"],"jetpack_publicize_connections":[],"jetpack_featured_media_url":"https:\/\/i0.wp.com\/oexpressobr.com.br\/wp-content\/uploads\/2026\/01\/20260114_site-1024x576-1.png?fit=1024%2C576&ssl=1","jetpack_likes_enabled":true,"jetpack_sharing_enabled":true,"_links":{"self":[{"href":"https:\/\/oexpressobr.com.br\/index.php?rest_route=\/wp\/v2\/posts\/1914","targetHints":{"allow":["GET"]}}],"collection":[{"href":"https:\/\/oexpressobr.com.br\/index.php?rest_route=\/wp\/v2\/posts"}],"about":[{"href":"https:\/\/oexpressobr.com.br\/index.php?rest_route=\/wp\/v2\/types\/post"}],"author":[{"embeddable":true,"href":"https:\/\/oexpressobr.com.br\/index.php?rest_route=\/wp\/v2\/users\/1"}],"replies":[{"embeddable":true,"href":"https:\/\/oexpressobr.com.br\/index.php?rest_route=%2Fwp%2Fv2%2Fcomments&post=1914"}],"version-history":[{"count":1,"href":"https:\/\/oexpressobr.com.br\/index.php?rest_route=\/wp\/v2\/posts\/1914\/revisions"}],"predecessor-version":[{"id":1916,"href":"https:\/\/oexpressobr.com.br\/index.php?rest_route=\/wp\/v2\/posts\/1914\/revisions\/1916"}],"wp:featuredmedia":[{"embeddable":true,"href":"https:\/\/oexpressobr.com.br\/index.php?rest_route=\/wp\/v2\/media\/1915"}],"wp:attachment":[{"href":"https:\/\/oexpressobr.com.br\/index.php?rest_route=%2Fwp%2Fv2%2Fmedia&parent=1914"}],"wp:term":[{"taxonomy":"category","embeddable":true,"href":"https:\/\/oexpressobr.com.br\/index.php?rest_route=%2Fwp%2Fv2%2Fcategories&post=1914"},{"taxonomy":"post_tag","embeddable":true,"href":"https:\/\/oexpressobr.com.br\/index.php?rest_route=%2Fwp%2Fv2%2Ftags&post=1914"}],"curies":[{"name":"wp","href":"https:\/\/api.w.org\/{rel}","templated":true}]}}