{"id":1917,"date":"2026-01-15T17:49:52","date_gmt":"2026-01-15T20:49:52","guid":{"rendered":"https:\/\/oexpressobr.com.br\/?p=1917"},"modified":"2026-01-15T17:49:54","modified_gmt":"2026-01-15T20:49:54","slug":"juristas-paranaenses-desembarcam-em-lisboa-para-observar-eleicoes-presidenciais-em-portugal","status":"publish","type":"post","link":"https:\/\/oexpressobr.com.br\/?p=1917","title":{"rendered":"Juristas paranaenses desembarcam em Lisboa para observar elei\u00e7\u00f5es presidenciais em Portugal"},"content":{"rendered":"\n<p class=\"wp-block-paragraph\">Uma delega\u00e7\u00e3o de juristas e pesquisadores de <strong>Curitiba<\/strong> desembarcou em solo lusitano para atuar como observadores internacionais nas elei\u00e7\u00f5es presidenciais de Portugal, que ocorrem neste <strong>domingo, 18 de janeiro de 2026<\/strong>. O grupo integra uma miss\u00e3o brasileira que acompanhar\u00e1 o processo em um momento cr\u00edtico: as pesquisas mais recentes apontam um cen\u00e1rio de incerteza sem precedentes, com os principais candidatos em situa\u00e7\u00e3o de empate t\u00e9cnico.<\/p>\n\n\n\n<h3 class=\"wp-block-heading\">Cen\u00e1rio eleitoral: Um pa\u00eds dividido<\/h3>\n\n\n\n<p class=\"wp-block-paragraph\">Diferente de pleitos anteriores, marcados por lideran\u00e7as consolidadas, a corrida para o <strong>Pal\u00e1cio de Bel\u00e9m<\/strong> em 2026 reflete uma fragmenta\u00e7\u00e3o profunda do eleitorado portugu\u00eas. Segundo os dados da \u00faltima sondagem da <strong>Pitag\u00f3rica<\/strong> (divulgada entre 11 e 14 de janeiro), a disputa est\u00e1 concentrada em quatro nomes principais que se alternam na margem de erro:<\/p>\n\n\n\n<ul class=\"wp-block-list\">\n<li><strong>Ant\u00f3nio Jos\u00e9 Seguro (PS):<\/strong> O ex-l\u00edder socialista lidera numericamente algumas sondagens, variando entre <strong>21% e 23%<\/strong>.<\/li>\n\n\n\n<li><strong>Andr\u00e9 Ventura (Chega):<\/strong> O candidato da direita conservadora mant\u00e9m-se forte com \u00edndices pr\u00f3ximos de <strong>20% a 22%<\/strong>.<\/li>\n\n\n\n<li><strong>Jo\u00e3o Cotrim de Figueiredo (IL):<\/strong> Representando os liberais, aparece com cerca de <strong>19% a 21%<\/strong>.<\/li>\n\n\n\n<li><strong>Henrique Gouveia e Melo (Independente):<\/strong> O almirante e ex-coordenador da vacina\u00e7\u00e3o contra a Covid-19 registra entre <strong>15% e 17%<\/strong>.<\/li>\n\n\n\n<li><strong>Lu\u00eds Marques Mendes (PSD):<\/strong> Tradicional comentador pol\u00edtico, que antes figurava no empate, aparece agora ligeiramente descolado em quinto lugar, com cerca de <strong>14,5%<\/strong>, lutando para recuperar o f\u00f4lego do &#8220;voto \u00fatil&#8221;.<\/li>\n<\/ul>\n\n\n\n<blockquote class=\"wp-block-quote is-layout-flow wp-block-quote-is-layout-flow\">\n<p class=\"wp-block-paragraph\"><strong>Nota do Observador:<\/strong> Com a margem de erro de aproximadamente <strong>4%<\/strong>, qualquer um dos quatro primeiros colocados tem chances reais de avan\u00e7ar para um prov\u00e1vel segundo turno, tornando o papel dos observadores internacionais ainda mais vital para a legitimidade do processo.<\/p>\n<\/blockquote>\n\n\n\n<h3 class=\"wp-block-heading\">A miss\u00e3o paranaense<\/h3>\n\n\n\n<p class=\"wp-block-paragraph\">O grupo paranaense, composto por especialistas em Direito Eleitoral e Ci\u00eancia Pol\u00edtica, tem como foco monitorar a transpar\u00eancia e a integridade do sistema de vota\u00e7\u00e3o. Em Portugal, o voto \u00e9 predominantemente em papel, e a miss\u00e3o acompanhar\u00e1 desde a abertura das urnas at\u00e9 a contagem final dos votos.<\/p>\n\n\n\n<p class=\"wp-block-paragraph\"><strong>Principais frentes de atua\u00e7\u00e3o da delega\u00e7\u00e3o:<\/strong><\/p>\n\n\n\n<ol start=\"1\" class=\"wp-block-list\">\n<li><strong>Combate \u00e0 Desinforma\u00e7\u00e3o:<\/strong> Investigar o impacto de not\u00edcias falsas que, segundo autoridades portuguesas, atingiram mais de <strong>7,7 milh\u00f5es de visualiza\u00e7\u00f5es<\/strong> nas redes sociais durante a campanha.<\/li>\n\n\n\n<li><strong>Log\u00edstica de Vota\u00e7\u00e3o:<\/strong> Avaliar a acessibilidade e o fluxo nas se\u00e7\u00f5es eleitorais.<\/li>\n\n\n\n<li><strong>Direito Comparado:<\/strong> Coletar dados sobre o modelo de debates e financiamento de campanha para estudos acad\u00eamicos no Brasil.<\/li>\n<\/ol>\n\n\n\n<h3 class=\"wp-block-heading\">O que esperar do domingo (18)<\/h3>\n\n\n\n<p class=\"wp-block-paragraph\">As urnas em Portugal continental abrem \u00e0s <strong>08h00<\/strong> e encerram \u00e0s <strong>19h00<\/strong> (hor\u00e1rio local). Devido ao fuso hor\u00e1rio, os primeiros resultados oficiais devem come\u00e7ar a ser divulgados no in\u00edcio da noite no Brasil.<\/p>\n\n\n\n<p class=\"wp-block-paragraph\">O clima em Lisboa e no Porto \u00e9 de expectativa. A polariza\u00e7\u00e3o entre o projeto progressista de Seguro e a proposta disruptiva de Ventura colocou o pa\u00eds em alerta, enquanto candidatos como Cotrim de Figueiredo e Gouveia e Melo tentam se apresentar como alternativas de estabilidade.<\/p>\n\n\n\n<p class=\"wp-block-paragraph\">A presen\u00e7a dos juristas curitibanos refor\u00e7a a coopera\u00e7\u00e3o jur\u00eddica entre os dois pa\u00edses, garantindo que o resultado \u2014 seja ele qual for \u2014 seja respaldado por um escrut\u00ednio internacional rigoroso.<\/p>\n","protected":false},"excerpt":{"rendered":"<p>Uma delega\u00e7\u00e3o de juristas e pesquisadores de Curitiba desembarcou em solo lusitano para atuar como observadores internacionais nas elei\u00e7\u00f5es presidenciais de Portugal, que ocorrem neste [&#8230;]<\/p>\n","protected":false},"author":1,"featured_media":1918,"comment_status":"open","ping_status":"open","sticky":false,"template":"","format":"standard","meta":{"_crdt_document":"","_jetpack_memberships_contains_paid_content":false,"footnotes":"","jetpack_publicize_message":"","jetpack_publicize_feature_enabled":true,"jetpack_social_post_already_shared":true,"jetpack_social_options":{"image_generator_settings":{"template":"highway","default_image_id":0,"font":"","enabled":false},"version":2}},"categories":[15],"tags":[],"class_list":["post-1917","post","type-post","status-publish","format-standard","has-post-thumbnail","hentry","category-internacional"],"jetpack_publicize_connections":[],"jetpack_featured_media_url":"https:\/\/i0.wp.com\/oexpressobr.com.br\/wp-content\/uploads\/2026\/01\/8e2c8152-40e7-4d6f-a524-b6b13fc6fc5d.jpg?fit=960%2C540&ssl=1","jetpack_likes_enabled":true,"jetpack_sharing_enabled":true,"_links":{"self":[{"href":"https:\/\/oexpressobr.com.br\/index.php?rest_route=\/wp\/v2\/posts\/1917","targetHints":{"allow":["GET"]}}],"collection":[{"href":"https:\/\/oexpressobr.com.br\/index.php?rest_route=\/wp\/v2\/posts"}],"about":[{"href":"https:\/\/oexpressobr.com.br\/index.php?rest_route=\/wp\/v2\/types\/post"}],"author":[{"embeddable":true,"href":"https:\/\/oexpressobr.com.br\/index.php?rest_route=\/wp\/v2\/users\/1"}],"replies":[{"embeddable":true,"href":"https:\/\/oexpressobr.com.br\/index.php?rest_route=%2Fwp%2Fv2%2Fcomments&post=1917"}],"version-history":[{"count":1,"href":"https:\/\/oexpressobr.com.br\/index.php?rest_route=\/wp\/v2\/posts\/1917\/revisions"}],"predecessor-version":[{"id":1919,"href":"https:\/\/oexpressobr.com.br\/index.php?rest_route=\/wp\/v2\/posts\/1917\/revisions\/1919"}],"wp:featuredmedia":[{"embeddable":true,"href":"https:\/\/oexpressobr.com.br\/index.php?rest_route=\/wp\/v2\/media\/1918"}],"wp:attachment":[{"href":"https:\/\/oexpressobr.com.br\/index.php?rest_route=%2Fwp%2Fv2%2Fmedia&parent=1917"}],"wp:term":[{"taxonomy":"category","embeddable":true,"href":"https:\/\/oexpressobr.com.br\/index.php?rest_route=%2Fwp%2Fv2%2Fcategories&post=1917"},{"taxonomy":"post_tag","embeddable":true,"href":"https:\/\/oexpressobr.com.br\/index.php?rest_route=%2Fwp%2Fv2%2Ftags&post=1917"}],"curies":[{"name":"wp","href":"https:\/\/api.w.org\/{rel}","templated":true}]}}