{"id":1923,"date":"2026-01-16T04:48:38","date_gmt":"2026-01-16T07:48:38","guid":{"rendered":"https:\/\/oexpressobr.com.br\/?p=1923"},"modified":"2026-01-16T04:48:39","modified_gmt":"2026-01-16T07:48:39","slug":"enap-abre-150-vagas-gratuitas-para-novo-mba-em-pessoas-lideranca-e-inovacao-para-servidores","status":"publish","type":"post","link":"https:\/\/oexpressobr.com.br\/?p=1923","title":{"rendered":"Enap abre 150 vagas gratuitas para novo MBA em Pessoas, Lideran\u00e7a e Inova\u00e7\u00e3o para servidores"},"content":{"rendered":"\n<p class=\"wp-block-paragraph\">A <strong>Escola Nacional de Administra\u00e7\u00e3o P\u00fablica (Enap)<\/strong> anunciou a abertura das inscri\u00e7\u00f5es para o seu mais novo curso de p\u00f3s-gradua\u00e7\u00e3o <em>lato sensu<\/em>: o <strong>MBA em Pessoas, Lideran\u00e7a e Inova\u00e7\u00e3o<\/strong>. Com um total de <strong>150 vagas gratuitas<\/strong>, a iniciativa busca transformar a gest\u00e3o p\u00fablica brasileira ao capacitar quadros t\u00e9cnicos e lideran\u00e7as em compet\u00eancias essenciais para os desafios do s\u00e9culo XXI.<\/p>\n\n\n\n<p class=\"wp-block-paragraph\">O curso \u00e9 voltado exclusivamente para <strong>servidores p\u00fablicos<\/strong> efetivos de esferas federais, estaduais e municipais, al\u00e9m de empregados p\u00fablicos de empresas estatais. O objetivo central \u00e9 fomentar uma cultura de inova\u00e7\u00e3o e oferecer ferramentas modernas para a gest\u00e3o de equipes em um cen\u00e1rio de constantes transforma\u00e7\u00f5es tecnol\u00f3gicas e sociais.<\/p>\n\n\n\n<h3 class=\"wp-block-heading\">Detalhes do programa e diferenciais<\/h3>\n\n\n\n<p class=\"wp-block-paragraph\">Diferente de especializa\u00e7\u00f5es tradicionais, este MBA foca na aplica\u00e7\u00e3o pr\u00e1tica de metodologias \u00e1geis e lideran\u00e7a humanizada. Confira os pontos principais:<\/p>\n\n\n\n<ul class=\"wp-block-list\">\n<li><strong>P\u00fablico-alvo:<\/strong> Servidores ocupantes de cargos de lideran\u00e7a ou que atuem estrategicamente na \u00e1rea de gest\u00e3o de pessoas.<\/li>\n\n\n\n<li><strong>Modalidade:<\/strong> Ensino h\u00edbrido ou remoto (conforme o edital espec\u00edfico), facilitando a participa\u00e7\u00e3o de profissionais de todo o Brasil.<\/li>\n\n\n\n<li><strong>Custo:<\/strong> Totalmente gratuito, financiado pelo Governo Federal para promover a efici\u00eancia administrativa.<\/li>\n\n\n\n<li><strong>Foco Curricular:<\/strong> Estrat\u00e9gias de inova\u00e7\u00e3o, gest\u00e3o de conflitos, cultura organizacional e transforma\u00e7\u00e3o digital no setor p\u00fablico.<\/li>\n<\/ul>\n\n\n\n<h3 class=\"wp-block-heading\">O contexto da capacita\u00e7\u00e3o no setor p\u00fablico<\/h3>\n\n\n\n<p class=\"wp-block-paragraph\">A iniciativa surge em um momento em que a administra\u00e7\u00e3o p\u00fablica brasileira enfrenta a necessidade de se tornar mais \u00e1gil e menos burocr\u00e1tica. Segundo a presid\u00eancia da Enap, investir em lideran\u00e7a \u00e9 o caminho mais curto para melhorar a entrega de servi\u00e7os ao cidad\u00e3o.<\/p>\n\n\n\n<p class=\"wp-block-paragraph\">As \u00faltimas atualiza\u00e7\u00f5es da escola indicam que o processo seletivo ser\u00e1 rigoroso, priorizando candidatos que apresentem potencial de multiplicadores do conhecimento em seus \u00f3rg\u00e3os de origem. Al\u00e9m disso, a Enap tem refor\u00e7ado parcerias internacionais para trazer estudos de caso globais para dentro da sala de aula.<\/p>\n\n\n\n<h3 class=\"wp-block-heading\">Como se inscrever<\/h3>\n\n\n\n<p class=\"wp-block-paragraph\">Os interessados devem ficar atentos aos prazos estabelecidos no portal oficial da Enap. Geralmente, o processo seletivo envolve:<\/p>\n\n\n\n<ol start=\"1\" class=\"wp-block-list\">\n<li><strong>An\u00e1lise de curr\u00edculo.<\/strong><\/li>\n\n\n\n<li><strong>Carta de inten\u00e7\u00f5es<\/strong> ou memorial descritivo.<\/li>\n\n\n\n<li><strong>Comprova\u00e7\u00e3o de v\u00ednculo<\/strong> com o servi\u00e7o p\u00fablico.<\/li>\n<\/ol>\n\n\n\n<blockquote class=\"wp-block-quote is-layout-flow wp-block-quote-is-layout-flow\">\n<p class=\"wp-block-paragraph\"><strong>Nota do Editor:<\/strong> A gratuidade de cursos deste n\u00edvel em institui\u00e7\u00f5es de excel\u00eancia como a Enap representa uma economia significativa para o er\u00e1rio e para o pr\u00f3prio servidor, considerando que MBAs similares no mercado privado podem custar entre R$ 15 mil e R$ 40 mil.<\/p>\n<\/blockquote>\n","protected":false},"excerpt":{"rendered":"<p>A Escola Nacional de Administra\u00e7\u00e3o P\u00fablica (Enap) anunciou a abertura das inscri\u00e7\u00f5es para o seu mais novo curso de p\u00f3s-gradua\u00e7\u00e3o lato sensu: o MBA em [&#8230;]<\/p>\n","protected":false},"author":1,"featured_media":1924,"comment_status":"open","ping_status":"open","sticky":false,"template":"","format":"standard","meta":{"_crdt_document":"","_jetpack_memberships_contains_paid_content":false,"footnotes":"","jetpack_publicize_message":"","jetpack_publicize_feature_enabled":true,"jetpack_social_post_already_shared":true,"jetpack_social_options":{"image_generator_settings":{"template":"highway","default_image_id":0,"font":"","enabled":false},"version":2}},"categories":[6],"tags":[],"class_list":["post-1923","post","type-post","status-publish","format-standard","has-post-thumbnail","hentry","category-educacao"],"jetpack_publicize_connections":[],"jetpack_featured_media_url":"https:\/\/i0.wp.com\/oexpressobr.com.br\/wp-content\/uploads\/2026\/01\/0ee34ce2-4a01-42da-88f2-02dc7063f3cd.png?fit=700%2C348&ssl=1","jetpack_likes_enabled":true,"jetpack_sharing_enabled":true,"_links":{"self":[{"href":"https:\/\/oexpressobr.com.br\/index.php?rest_route=\/wp\/v2\/posts\/1923","targetHints":{"allow":["GET"]}}],"collection":[{"href":"https:\/\/oexpressobr.com.br\/index.php?rest_route=\/wp\/v2\/posts"}],"about":[{"href":"https:\/\/oexpressobr.com.br\/index.php?rest_route=\/wp\/v2\/types\/post"}],"author":[{"embeddable":true,"href":"https:\/\/oexpressobr.com.br\/index.php?rest_route=\/wp\/v2\/users\/1"}],"replies":[{"embeddable":true,"href":"https:\/\/oexpressobr.com.br\/index.php?rest_route=%2Fwp%2Fv2%2Fcomments&post=1923"}],"version-history":[{"count":1,"href":"https:\/\/oexpressobr.com.br\/index.php?rest_route=\/wp\/v2\/posts\/1923\/revisions"}],"predecessor-version":[{"id":1925,"href":"https:\/\/oexpressobr.com.br\/index.php?rest_route=\/wp\/v2\/posts\/1923\/revisions\/1925"}],"wp:featuredmedia":[{"embeddable":true,"href":"https:\/\/oexpressobr.com.br\/index.php?rest_route=\/wp\/v2\/media\/1924"}],"wp:attachment":[{"href":"https:\/\/oexpressobr.com.br\/index.php?rest_route=%2Fwp%2Fv2%2Fmedia&parent=1923"}],"wp:term":[{"taxonomy":"category","embeddable":true,"href":"https:\/\/oexpressobr.com.br\/index.php?rest_route=%2Fwp%2Fv2%2Fcategories&post=1923"},{"taxonomy":"post_tag","embeddable":true,"href":"https:\/\/oexpressobr.com.br\/index.php?rest_route=%2Fwp%2Fv2%2Ftags&post=1923"}],"curies":[{"name":"wp","href":"https:\/\/api.w.org\/{rel}","templated":true}]}}