{"id":1926,"date":"2026-01-16T04:57:54","date_gmt":"2026-01-16T07:57:54","guid":{"rendered":"https:\/\/oexpressobr.com.br\/?p=1926"},"modified":"2026-01-16T04:57:56","modified_gmt":"2026-01-16T07:57:56","slug":"cofeci-e-emgea-firmam-parceria-para-acelerar-venda-de-imoveis-da-uniao-e-ampliar-atuacao-de-corretores","status":"publish","type":"post","link":"https:\/\/oexpressobr.com.br\/?p=1926","title":{"rendered":"Cofeci e Emgea firmam parceria para acelerar venda de im\u00f3veis da Uni\u00e3o e ampliar atua\u00e7\u00e3o de corretores"},"content":{"rendered":"\n<p class=\"wp-block-paragraph\">O cen\u00e1rio do mercado imobili\u00e1rio p\u00fablico brasileiro ganha um novo impulso com a formaliza\u00e7\u00e3o de um <strong>Acordo de Coopera\u00e7\u00e3o T\u00e9cnica (ACT)<\/strong> entre o <strong>Conselho Federal de Corretores de Im\u00f3veis (Cofeci)<\/strong> e a <strong>Empresa Gestora de Ativos (Emgea)<\/strong>. A iniciativa, assinada recentemente, visa desburocratizar e agilizar a aliena\u00e7\u00e3o de ativos imobili\u00e1rios sob gest\u00e3o federal, integrando a expertise dos corretores de im\u00f3veis em todo o pa\u00eds.<\/p>\n\n\n\n<h3 class=\"wp-block-heading\">O foco da coopera\u00e7\u00e3o<\/h3>\n\n\n\n<p class=\"wp-block-paragraph\">O acordo n\u00e3o se limita apenas \u00e0 venda direta. Ele estabelece uma estrutura para que os profissionais inscritos no sistema Cofeci-Creci atuem em diversas frentes estrat\u00e9gicas para a Emgea, incluindo:<\/p>\n\n\n\n<ul class=\"wp-block-list\">\n<li><strong>Avalia\u00e7\u00e3o Patrimonial:<\/strong> Utiliza\u00e7\u00e3o do conhecimento t\u00e9cnico de mercado para precificar ativos de forma justa e atualizada.<\/li>\n\n\n\n<li><strong>Comercializa\u00e7\u00e3o Estrat\u00e9gica:<\/strong> Amplia\u00e7\u00e3o do alcance das ofertas de im\u00f3veis p\u00fablicos por meio da rede capilarizada de corretores.<\/li>\n\n\n\n<li><strong>Desenvolvimento de Produtos:<\/strong> Consultoria para transformar ativos estagnados em produtos imobili\u00e1rios atrativos para investidores e para o p\u00fablico geral.<\/li>\n<\/ul>\n\n\n\n<h3 class=\"wp-block-heading\">Contexto e Impacto no Mercado<\/h3>\n\n\n\n<p class=\"wp-block-paragraph\">A Emgea, empresa p\u00fablica vinculada ao Minist\u00e9rio da Fazenda, det\u00e9m uma vasta carteira de bens recuperados de opera\u00e7\u00f5es de cr\u00e9dito. A parceria com o Cofeci busca reduzir os custos de manuten\u00e7\u00e3o desses ativos para o Estado e, simultaneamente, gerar novas oportunidades de neg\u00f3cios para a categoria.<\/p>\n\n\n\n<p class=\"wp-block-paragraph\">De acordo com as diretrizes mais recentes discutidas entre as entidades, a meta \u00e9 criar um <strong>ecossistema digital e transparente<\/strong>. Isso permitir\u00e1 que o corretor de im\u00f3veis tenha acesso facilitado \u00e0s listagens de bens, garantindo seguran\u00e7a jur\u00eddica tanto para quem vende quanto para quem compra.<\/p>\n\n\n\n<blockquote class=\"wp-block-quote is-layout-flow wp-block-quote-is-layout-flow\">\n<p class=\"wp-block-paragraph\">&#8220;Esta uni\u00e3o valoriza o profissional corretor de im\u00f3veis como pe\u00e7a fundamental na gest\u00e3o do patrim\u00f4nio p\u00fablico, trazendo efici\u00eancia para a Uni\u00e3o e dinamismo para o mercado local&#8221;, destacam representantes do setor.<\/p>\n<\/blockquote>\n\n\n\n<h3 class=\"wp-block-heading\">O que esperar para os pr\u00f3ximos meses<\/h3>\n\n\n\n<p class=\"wp-block-paragraph\">Com a vig\u00eancia do acordo, espera-se a publica\u00e7\u00e3o de editais e chamamentos espec\u00edficos para o cadastramento de corretores interessados em intermediar essas vendas. Al\u00e9m disso, o uso de tecnologias de <strong>leil\u00e3o eletr\u00f4nico<\/strong> e plataformas de venda direta deve ser intensificado para garantir que esses im\u00f3veis cheguem ao consumidor final com pre\u00e7os competitivos.<\/p>\n\n\n\n<p class=\"wp-block-paragraph\">A medida tamb\u00e9m se alinha \u00e0 pol\u00edtica federal de redu\u00e7\u00e3o do tamanho do Estado e otimiza\u00e7\u00e3o de recursos, transformando &#8220;im\u00f3veis parados&#8221; em arrecada\u00e7\u00e3o e desenvolvimento urbano.<\/p>\n","protected":false},"excerpt":{"rendered":"<p>O cen\u00e1rio do mercado imobili\u00e1rio p\u00fablico brasileiro ganha um novo impulso com a formaliza\u00e7\u00e3o de um Acordo de Coopera\u00e7\u00e3o T\u00e9cnica (ACT) entre o Conselho Federal [&#8230;]<\/p>\n","protected":false},"author":1,"featured_media":1927,"comment_status":"open","ping_status":"open","sticky":false,"template":"","format":"standard","meta":{"_crdt_document":"","_jetpack_memberships_contains_paid_content":false,"footnotes":"","jetpack_publicize_message":"","jetpack_publicize_feature_enabled":true,"jetpack_social_post_already_shared":true,"jetpack_social_options":{"image_generator_settings":{"template":"highway","default_image_id":0,"font":"","enabled":false},"version":2}},"categories":[10],"tags":[],"class_list":["post-1926","post","type-post","status-publish","format-standard","has-post-thumbnail","hentry","category-economia"],"jetpack_publicize_connections":[],"jetpack_featured_media_url":"https:\/\/i0.wp.com\/oexpressobr.com.br\/wp-content\/uploads\/2026\/01\/9da0e03d-915a-4421-8454-71bd633d4b37.jpeg?fit=1280%2C960&ssl=1","jetpack_likes_enabled":true,"jetpack_sharing_enabled":true,"_links":{"self":[{"href":"https:\/\/oexpressobr.com.br\/index.php?rest_route=\/wp\/v2\/posts\/1926","targetHints":{"allow":["GET"]}}],"collection":[{"href":"https:\/\/oexpressobr.com.br\/index.php?rest_route=\/wp\/v2\/posts"}],"about":[{"href":"https:\/\/oexpressobr.com.br\/index.php?rest_route=\/wp\/v2\/types\/post"}],"author":[{"embeddable":true,"href":"https:\/\/oexpressobr.com.br\/index.php?rest_route=\/wp\/v2\/users\/1"}],"replies":[{"embeddable":true,"href":"https:\/\/oexpressobr.com.br\/index.php?rest_route=%2Fwp%2Fv2%2Fcomments&post=1926"}],"version-history":[{"count":1,"href":"https:\/\/oexpressobr.com.br\/index.php?rest_route=\/wp\/v2\/posts\/1926\/revisions"}],"predecessor-version":[{"id":1928,"href":"https:\/\/oexpressobr.com.br\/index.php?rest_route=\/wp\/v2\/posts\/1926\/revisions\/1928"}],"wp:featuredmedia":[{"embeddable":true,"href":"https:\/\/oexpressobr.com.br\/index.php?rest_route=\/wp\/v2\/media\/1927"}],"wp:attachment":[{"href":"https:\/\/oexpressobr.com.br\/index.php?rest_route=%2Fwp%2Fv2%2Fmedia&parent=1926"}],"wp:term":[{"taxonomy":"category","embeddable":true,"href":"https:\/\/oexpressobr.com.br\/index.php?rest_route=%2Fwp%2Fv2%2Fcategories&post=1926"},{"taxonomy":"post_tag","embeddable":true,"href":"https:\/\/oexpressobr.com.br\/index.php?rest_route=%2Fwp%2Fv2%2Ftags&post=1926"}],"curies":[{"name":"wp","href":"https:\/\/api.w.org\/{rel}","templated":true}]}}