{"id":1937,"date":"2026-01-16T06:00:19","date_gmt":"2026-01-16T09:00:19","guid":{"rendered":"https:\/\/oexpressobr.com.br\/?p=1937"},"modified":"2026-01-16T06:00:20","modified_gmt":"2026-01-16T09:00:20","slug":"governo-lula-e-mst-selam-acordo-historico-para-assentar-2-mil-familias-no-parana","status":"publish","type":"post","link":"https:\/\/oexpressobr.com.br\/?p=1937","title":{"rendered":"Governo Lula e MST selam acordo hist\u00f3rico para assentar 2 mil fam\u00edlias no Paran\u00e1"},"content":{"rendered":"\n<p class=\"wp-block-paragraph\">Em um movimento decisivo para a pol\u00edtica fundi\u00e1ria do pa\u00eds, o governo do presidente Luiz In\u00e1cio Lula da Silva formalizou, nesta quinta-feira (15), um acordo que destina 33 mil hectares de terra para a reforma agr\u00e1ria na regi\u00e3o central do Paran\u00e1. A medida beneficia diretamente cerca de 2 mil fam\u00edlias camponesas que viviam em situa\u00e7\u00e3o de acampamento h\u00e1 cerca de dez anos.<\/p>\n\n\n\n<p class=\"wp-block-paragraph\">\u200bAs \u00e1reas, localizadas nos munic\u00edpios de Quedas do Igua\u00e7u, Rio Bonito do Igua\u00e7u, Nova Laranjeiras e Espig\u00e3o Alto do Igua\u00e7u, pertenciam \u00e0 madeireira Araupel. O processo de desapropria\u00e7\u00e3o e indeniza\u00e7\u00e3o, avaliado em R$ 580 milh\u00f5es, ser\u00e1 quitado via precat\u00f3rios, ap\u00f3s uma complexa articula\u00e7\u00e3o que envolveu o Incra, o Minist\u00e9rio do Desenvolvimento Agr\u00e1rio, a Advocacia-Geral da Uni\u00e3o (AGU) e o Tribunal Regional Federal da 4\u00aa Regi\u00e3o (TRF-4).<\/p>\n\n\n\n<h3 class=\"wp-block-heading\">\u200bUm novo ciclo para as comunidades<\/h3>\n\n\n\n<p class=\"wp-block-paragraph\">\u200bA oficializa\u00e7\u00e3o transforma quatro comunidades emblem\u00e1ticas do Movimento dos Trabalhadores Rurais Sem Terra (MST) em assentamentos permanentes: <strong>Dom Tom\u00e1s Baldu\u00edno, Arauc\u00e1ria, Nova Vit\u00f3ria e Herdeiros da Terra de 1\u00ba de Maio<\/strong>.<\/p>\n\n\n\n<p class=\"wp-block-paragraph\">\u200bPara Jonas Fures, da dire\u00e7\u00e3o regional do MST, o momento \u00e9 de transi\u00e7\u00e3o. \u201c\u00c9 o dia mais esperado desses \u00faltimos dez anos. As fam\u00edlias agora podem parar de apenas resistir e come\u00e7ar a planejar a vida de assentado, com acesso a cr\u00e9dito, moradia digna e infraestrutura de produ\u00e7\u00e3o\u201d, afirmou.<\/p>\n\n\n\n<h3 class=\"wp-block-heading\">\u200bContexto e atualidades<\/h3>\n\n\n\n<p class=\"wp-block-paragraph\">\u200bA conquista ocorre em um momento em que o Governo Federal busca acelerar o programa &#8220;Terra da Gente&#8221;, lan\u00e7ado para dar celeridade \u00e0 reforma agr\u00e1ria no Brasil. Diferente de modelos de desapropria\u00e7\u00e3o direta por conflito, este acordo foi fruto de um &#8220;acordo global&#8221; judicializado, modelo que o governo vem utilizando para resolver passivos jur\u00eddicos hist\u00f3ricos e garantir seguran\u00e7a jur\u00eddica tanto para o Estado quanto para os propriet\u00e1rios e movimentos sociais.<\/p>\n\n\n\n<p class=\"wp-block-paragraph\">\u200bRecentemente, o Incra refor\u00e7ou que o foco nestas \u00e1reas n\u00e3o ser\u00e1 apenas a distribui\u00e7\u00e3o de terra, mas a implementa\u00e7\u00e3o de modelos de agroecologia. As comunidades da regi\u00e3o j\u00e1 se destacam pela produ\u00e7\u00e3o diversificada de gr\u00e3os (soja, milho, feij\u00e3o) e pela preserva\u00e7\u00e3o ambiental, como o projeto de semeadura da Palmeira Ju\u00e7ara e o plano de plantio de 1 milh\u00e3o de \u00e1rvores, visando recuperar a Mata Atl\u00e2ntica local.<\/p>\n\n\n\n<h3 class=\"wp-block-heading\">\u200bO fim da &#8220;Guerra da Araupel&#8221;<\/h3>\n\n\n\n<p class=\"wp-block-paragraph\">\u200bA \u00e1rea em quest\u00e3o \u00e9 palco de uma disputa que dura 30 anos. Em 2017, o TRF-4 j\u00e1 havia declarado nulos t\u00edtulos de propriedade da Araupel, confirmando teses de grilagem de terras p\u00fablicas que remontam \u00e0 d\u00e9cada de 1970. Com o acordo atual, o governo federal encerra o lit\u00edgio jur\u00eddico, transformando o que antes era um latif\u00fandio de pinus e eucalipto em um polo de produ\u00e7\u00e3o de alimentos.<\/p>\n\n\n\n<p class=\"wp-block-paragraph\">\u200bA ministra de Rela\u00e7\u00f5es Institucionais, Gleisi Hoffmann, destacou em mensagem \u00e0s fam\u00edlias a import\u00e2ncia da persist\u00eancia: &#8220;Sei o quanto voc\u00eas sofreram e lutaram. Agora, com a determina\u00e7\u00e3o do presidente Lula, estamos avan\u00e7ando efetivamente na reforma agr\u00e1ria&#8221;.<\/p>\n\n\n\n<p class=\"wp-block-paragraph\">\u200bApesar da vit\u00f3ria, o MST ressalta que a luta continua: ainda existem cerca de 80 comunidades no Paran\u00e1 aguardando a regulariza\u00e7\u00e3o, algumas delas acampadas h\u00e1 tr\u00eas d\u00e9cadas, refor\u00e7ando que o caso da Araupel serve como um modelo de solu\u00e7\u00e3o pac\u00edfica para outros conflitos vigentes no pa\u00eds.<\/p>\n","protected":false},"excerpt":{"rendered":"<p>Em um movimento decisivo para a pol\u00edtica fundi\u00e1ria do pa\u00eds, o governo do presidente Luiz In\u00e1cio Lula da Silva formalizou, nesta quinta-feira (15), um acordo [&#8230;]<\/p>\n","protected":false},"author":1,"featured_media":1938,"comment_status":"open","ping_status":"open","sticky":false,"template":"","format":"standard","meta":{"_crdt_document":"","_jetpack_memberships_contains_paid_content":false,"footnotes":"","jetpack_publicize_message":"","jetpack_publicize_feature_enabled":true,"jetpack_social_post_already_shared":true,"jetpack_social_options":{"image_generator_settings":{"template":"highway","default_image_id":0,"font":"","enabled":false},"version":2}},"categories":[34],"tags":[],"class_list":["post-1937","post","type-post","status-publish","format-standard","has-post-thumbnail","hentry","category-agro"],"jetpack_publicize_connections":[],"jetpack_featured_media_url":"https:\/\/i0.wp.com\/oexpressobr.com.br\/wp-content\/uploads\/2026\/01\/Acampamento-herdeiros-da-Luta_Foto-Joka-Madruga-1-1.jpg?fit=800%2C533&ssl=1","jetpack_likes_enabled":true,"jetpack_sharing_enabled":true,"_links":{"self":[{"href":"https:\/\/oexpressobr.com.br\/index.php?rest_route=\/wp\/v2\/posts\/1937","targetHints":{"allow":["GET"]}}],"collection":[{"href":"https:\/\/oexpressobr.com.br\/index.php?rest_route=\/wp\/v2\/posts"}],"about":[{"href":"https:\/\/oexpressobr.com.br\/index.php?rest_route=\/wp\/v2\/types\/post"}],"author":[{"embeddable":true,"href":"https:\/\/oexpressobr.com.br\/index.php?rest_route=\/wp\/v2\/users\/1"}],"replies":[{"embeddable":true,"href":"https:\/\/oexpressobr.com.br\/index.php?rest_route=%2Fwp%2Fv2%2Fcomments&post=1937"}],"version-history":[{"count":1,"href":"https:\/\/oexpressobr.com.br\/index.php?rest_route=\/wp\/v2\/posts\/1937\/revisions"}],"predecessor-version":[{"id":1939,"href":"https:\/\/oexpressobr.com.br\/index.php?rest_route=\/wp\/v2\/posts\/1937\/revisions\/1939"}],"wp:featuredmedia":[{"embeddable":true,"href":"https:\/\/oexpressobr.com.br\/index.php?rest_route=\/wp\/v2\/media\/1938"}],"wp:attachment":[{"href":"https:\/\/oexpressobr.com.br\/index.php?rest_route=%2Fwp%2Fv2%2Fmedia&parent=1937"}],"wp:term":[{"taxonomy":"category","embeddable":true,"href":"https:\/\/oexpressobr.com.br\/index.php?rest_route=%2Fwp%2Fv2%2Fcategories&post=1937"},{"taxonomy":"post_tag","embeddable":true,"href":"https:\/\/oexpressobr.com.br\/index.php?rest_route=%2Fwp%2Fv2%2Ftags&post=1937"}],"curies":[{"name":"wp","href":"https:\/\/api.w.org\/{rel}","templated":true}]}}