{"id":1940,"date":"2026-01-16T06:11:55","date_gmt":"2026-01-16T09:11:55","guid":{"rendered":"https:\/\/oexpressobr.com.br\/?p=1940"},"modified":"2026-01-16T06:15:31","modified_gmt":"2026-01-16T09:15:31","slug":"notificacao-de-sandro-alex-contra-o-diario-de-maringa-gera-debate-sobre-liberdade-de-imprensa","status":"publish","type":"post","link":"https:\/\/oexpressobr.com.br\/?p=1940","title":{"rendered":"Notifica\u00e7\u00e3o de Sandro Alex contra O Di\u00e1rio de Maring\u00e1 gera debate sobre liberdade de imprensa"},"content":{"rendered":"\n<p class=\"wp-block-paragraph\"><strong> Por, Julio Take <\/strong><\/p>\n\n\n\n<p class=\"wp-block-paragraph\">\u200bO cen\u00e1rio pol\u00edtico e medi\u00e1tico do Paran\u00e1 amanheceu sob o signo do debate sobre as prerrogativas do exerc\u00edcio jornal\u00edstico. A recente <strong>notifica\u00e7\u00e3o extrajudicial enviada pela defesa do deputado federal e ex-secret\u00e1rio Sandro Alex ao jornal O Di\u00e1rio de Maring\u00e1<\/strong> reacendeu o alerta em entidades de classe e ve\u00edculos de comunica\u00e7\u00e3o sobre o que especialistas chamam de &#8220;ass\u00e9dio jur\u00eddico&#8221; ou tentativa de silenciamento.<\/p>\n\n\n\n<p class=\"wp-block-paragraph\">\u200bO cerne da quest\u00e3o reside na interpreta\u00e7\u00e3o do que constitui o dever de informar. De acordo com a reportagem publicada pelo pr\u00f3prio <em>O Di\u00e1rio<\/em>, a notifica\u00e7\u00e3o sustenta que o arquivamento de procedimentos administrativos deveria encerrar qualquer debate p\u00fablico sobre o tema. No entanto, o jornalismo paranaense reage, defendendo que o <strong>arquivamento n\u00e3o \u00e9 senten\u00e7a de m\u00e9rito<\/strong> e que a fun\u00e7\u00e3o da imprensa \u00e9, precisamente, manter a vigil\u00e2ncia sobre a coisa p\u00fablica, independentemente de desfechos burocr\u00e1ticos.<\/p>\n\n\n\n<h3 class=\"wp-block-heading\">\u200bOs Pontos de Conflito<\/h3>\n\n\n\n<p class=\"wp-block-paragraph\">\u200bA pe\u00e7a jur\u00eddica enviada ao jornal parece ignorar a diferencia\u00e7\u00e3o \u00e9tica feita pelo ve\u00edculo em sua cobertura. \u00c9 importante destacar:<\/p>\n\n\n\n<ul class=\"wp-block-list\">\n<li>\u200b<strong>Precis\u00e3o Hist\u00f3rica:<\/strong> O jornal explicitou que os fatos narrados n\u00e3o ocorreram durante a gest\u00e3o de Sandro Alex na Secretaria de Infraestrutura e Log\u00edstica (SEIL).<\/li>\n\n\n\n<li>\u200b<strong>Dever de Contextualiza\u00e7\u00e3o:<\/strong> A reportagem apenas registrou o teor de investiga\u00e7\u00f5es anteriores, um movimento padr\u00e3o dentro do jornalismo pol\u00edtico e investigativo.<\/li>\n\n\n\n<li>\u200b<strong>Liberdade vs. Intimida\u00e7\u00e3o:<\/strong> Para observadores do setor, a rea\u00e7\u00e3o extrapola o leg\u00edtimo Direito de Resposta, tentando classificar o questionamento jornal\u00edstico como &#8220;ataque pessoal&#8221; ou &#8220;difama\u00e7\u00e3o&#8221;.<\/li>\n<\/ul>\n\n\n\n<h3 class=\"wp-block-heading\">\u200bO Panorama da Liberdade de Imprensa em 2026<\/h3>\n\n\n\n<p class=\"wp-block-paragraph\">\u200bAtualmente, o Brasil observa um aumento no uso de notifica\u00e7\u00f5es extrajudiciais e processos em massa contra jornalistas de interior e de grandes centros. No caso do Paran\u00e1, a situa\u00e7\u00e3o de <em>O Di\u00e1rio de Maring\u00e1<\/em> \u00e9 vista como um <strong>caso pedag\u00f3gico<\/strong>:<\/p>\n\n\n\n<blockquote class=\"wp-block-quote is-layout-flow wp-block-quote-is-layout-flow\">\n<p class=\"wp-block-paragraph\">\u200b&#8221;Questionar n\u00e3o \u00e9 difamar, e investigar n\u00e3o \u00e9 atacar. Quando o poder p\u00fablico ou figuras pol\u00edticas tentam usar o sistema jur\u00eddico para impor o sil\u00eancio, a sociedade perde seu principal mecanismo de transpar\u00eancia&#8221;, afirma a an\u00e1lise editorial do setor.<\/p>\n<\/blockquote>\n\n\n\n<p class=\"wp-block-paragraph\">\u200bO jornal reiterou que respeita o contradit\u00f3rio, mas reafirmou que n\u00e3o aceitar\u00e1 a l\u00f3gica de que fatos &#8220;inc\u00f4modos&#8221; devam ser omitidos sob pena de retalia\u00e7\u00e3o judicial.<\/p>\n\n\n\n<h3 class=\"wp-block-heading\">\u200bSolidariedade de Classe<\/h3>\n\n\n\n<p class=\"wp-block-paragraph\">\u200bEntidades de jornalismo e ve\u00edculos parceiros expressaram apoio ao Di\u00e1rio de Maring\u00e1. O entendimento \u00e9 que a tentativa de silenciar um ve\u00edculo centen\u00e1rio e relevante para a regi\u00e3o norte do estado fere n\u00e3o apenas a empresa, mas o direito do cidad\u00e3o maringaense de ter acesso a narrativas que fujam dos canais oficiais de comunica\u00e7\u00e3o governamental.<\/p>\n\n\n\n<p class=\"wp-block-paragraph\">\u200bEsta mat\u00e9ria baseia-se em fatos p\u00fablicos e na defesa do exerc\u00edcio profissional garantido pela Constitui\u00e7\u00e3o Federal. N\u00e3o h\u00e1, neste texto, imputa\u00e7\u00e3o de crime aos citados, mas sim o registro de um conflito que envolve o interesse coletivo e a prote\u00e7\u00e3o da democracia.<\/p>\n","protected":false},"excerpt":{"rendered":"<p>Por, Julio Take \u200bO cen\u00e1rio pol\u00edtico e medi\u00e1tico do Paran\u00e1 amanheceu sob o signo do debate sobre as prerrogativas do exerc\u00edcio jornal\u00edstico. A recente notifica\u00e7\u00e3o [&#8230;]<\/p>\n","protected":false},"author":1,"featured_media":1943,"comment_status":"open","ping_status":"open","sticky":false,"template":"","format":"standard","meta":{"_crdt_document":"","_jetpack_memberships_contains_paid_content":false,"footnotes":"","jetpack_publicize_message":"","jetpack_publicize_feature_enabled":true,"jetpack_social_post_already_shared":true,"jetpack_social_options":{"image_generator_settings":{"template":"highway","default_image_id":0,"font":"","enabled":false},"version":2}},"categories":[35],"tags":[],"class_list":["post-1940","post","type-post","status-publish","format-standard","has-post-thumbnail","hentry","category-artigo"],"jetpack_publicize_connections":[],"jetpack_featured_media_url":"https:\/\/i0.wp.com\/oexpressobr.com.br\/wp-content\/uploads\/2026\/01\/images15.jpg?fit=416%2C480&ssl=1","jetpack_likes_enabled":true,"jetpack_sharing_enabled":true,"_links":{"self":[{"href":"https:\/\/oexpressobr.com.br\/index.php?rest_route=\/wp\/v2\/posts\/1940","targetHints":{"allow":["GET"]}}],"collection":[{"href":"https:\/\/oexpressobr.com.br\/index.php?rest_route=\/wp\/v2\/posts"}],"about":[{"href":"https:\/\/oexpressobr.com.br\/index.php?rest_route=\/wp\/v2\/types\/post"}],"author":[{"embeddable":true,"href":"https:\/\/oexpressobr.com.br\/index.php?rest_route=\/wp\/v2\/users\/1"}],"replies":[{"embeddable":true,"href":"https:\/\/oexpressobr.com.br\/index.php?rest_route=%2Fwp%2Fv2%2Fcomments&post=1940"}],"version-history":[{"count":2,"href":"https:\/\/oexpressobr.com.br\/index.php?rest_route=\/wp\/v2\/posts\/1940\/revisions"}],"predecessor-version":[{"id":1944,"href":"https:\/\/oexpressobr.com.br\/index.php?rest_route=\/wp\/v2\/posts\/1940\/revisions\/1944"}],"wp:featuredmedia":[{"embeddable":true,"href":"https:\/\/oexpressobr.com.br\/index.php?rest_route=\/wp\/v2\/media\/1943"}],"wp:attachment":[{"href":"https:\/\/oexpressobr.com.br\/index.php?rest_route=%2Fwp%2Fv2%2Fmedia&parent=1940"}],"wp:term":[{"taxonomy":"category","embeddable":true,"href":"https:\/\/oexpressobr.com.br\/index.php?rest_route=%2Fwp%2Fv2%2Fcategories&post=1940"},{"taxonomy":"post_tag","embeddable":true,"href":"https:\/\/oexpressobr.com.br\/index.php?rest_route=%2Fwp%2Fv2%2Ftags&post=1940"}],"curies":[{"name":"wp","href":"https:\/\/api.w.org\/{rel}","templated":true}]}}