{"id":1948,"date":"2026-01-16T06:43:03","date_gmt":"2026-01-16T09:43:03","guid":{"rendered":"https:\/\/oexpressobr.com.br\/?p=1948"},"modified":"2026-01-16T06:43:04","modified_gmt":"2026-01-16T09:43:04","slug":"paciente-aguarda-anos-por-exame-e-relata-falta-de-continuidade-no-atendimento-em-londrina","status":"publish","type":"post","link":"https:\/\/oexpressobr.com.br\/?p=1948","title":{"rendered":"Paciente aguarda anos por exame e relata falta de continuidade no atendimento em Londrina"},"content":{"rendered":"\n<p class=\"wp-block-paragraph\">\u200bO sistema p\u00fablico de sa\u00fade de Londrina e regi\u00e3o enfrenta um desafio recorrente: o abismo entre o diagn\u00f3stico e o tratamento especializado. Um paciente que aguardava desde 2023 por um exame de audiometria conseguiu realizar o procedimento recentemente, mas, ao tentar o retorno com o otorrinolaringologista no Posto Central, foi informado de que o profissional n\u00e3o presta mais servi\u00e7os na unidade.<\/p>\n\n\n\n<p class=\"wp-block-paragraph\">\u200bO relato exp\u00f5e duas feridas abertas na gest\u00e3o da sa\u00fade p\u00fablica local: a <strong>alta rotatividade de m\u00e9dicos especialistas<\/strong> e a <strong>fragilidade no atendimento administrativo<\/strong>.<\/p>\n\n\n\n<h3 class=\"wp-block-heading\">\u200bO gargalo da assist\u00eancia especializada<\/h3>\n\n\n\n<p class=\"wp-block-paragraph\">\u200bA situa\u00e7\u00e3o descrita pelo usu\u00e1rio reflete um cen\u00e1rio que se estende por diversos munic\u00edpios do Paran\u00e1. Embora a realiza\u00e7\u00e3o do exame seja uma vit\u00f3ria ap\u00f3s dois anos de espera, o &#8220;vazio&#8221; deixado pela sa\u00edda do especialista interrompe a linha de cuidado. Sem o retorno, o exame perde sua utilidade imediata, mantendo o paciente em um ciclo de espera por tempo indeterminado.<\/p>\n\n\n\n<p class=\"wp-block-paragraph\">\u200bDe acordo com as atualiza\u00e7\u00f5es mais recentes sobre a sa\u00fade na regi\u00e3o (janeiro de 2026), a prefeitura tem buscado suprir essas demandas atrav\u00e9s do <strong>Cons\u00f3rcio Intermunicipal de Sa\u00fade (CISMEPAR)<\/strong>, mas o volume de pacientes represados desde o per\u00edodo p\u00f3s-pandemia ainda gera filas que ultrapassam os 18 meses em \u00e1reas como otorrinolaringologia e oftalmologia.<\/p>\n\n\n\n<h3 class=\"wp-block-heading\">\u200bO fator humano e a gest\u00e3o de protocolos<\/h3>\n\n\n\n<p class=\"wp-block-paragraph\">\u200bAl\u00e9m da falta do m\u00e9dico, o paciente destacou a experi\u00eancia no atendimento frontal:<\/p>\n\n\n\n<ul class=\"wp-block-list\">\n<li>\u200b<strong>Apar\u00eancia Jovem:<\/strong> A inser\u00e7\u00e3o de jovens no mercado de trabalho \u00e9 vis\u00edvel nas unidades de sa\u00fade, mas o relato aponta para uma falha na <strong>forma\u00e7\u00e3o humanizada<\/strong> e t\u00e9cnica.<\/li>\n\n\n\n<li>\u200b<strong>Falta de Protocolos:<\/strong> A aus\u00eancia de um comprovante f\u00edsico ou n\u00famero de protocolo no agendamento gera inseguran\u00e7a jur\u00eddica e emocional ao cidad\u00e3o, que sai da unidade &#8220;sem nada nas m\u00e3os&#8221;.<\/li>\n\n\n\n<li>\u200b<strong>Capacita\u00e7\u00e3o:<\/strong> Como bem pontuado pelo usu\u00e1rio, quem atua na ponta precisa compreender que a sa\u00fade \u00e9 o servi\u00e7o mais valioso para a qualidade de vida. O &#8220;querer fazer o mais sem conseguir fazer o menos&#8221; sugere que a burocracia e a falta de preparo est\u00e3o travando o fluxo b\u00e1sico do atendimento.<\/li>\n<\/ul>\n","protected":false},"excerpt":{"rendered":"<p>\u200bO sistema p\u00fablico de sa\u00fade de Londrina e regi\u00e3o enfrenta um desafio recorrente: o abismo entre o diagn\u00f3stico e o tratamento especializado. Um paciente que [&#8230;]<\/p>\n","protected":false},"author":1,"featured_media":1949,"comment_status":"open","ping_status":"open","sticky":false,"template":"","format":"standard","meta":{"_crdt_document":"","_jetpack_memberships_contains_paid_content":false,"footnotes":"","jetpack_publicize_message":"","jetpack_publicize_feature_enabled":true,"jetpack_social_post_already_shared":true,"jetpack_social_options":{"image_generator_settings":{"template":"highway","default_image_id":0,"font":"","enabled":false},"version":2}},"categories":[18],"tags":[],"class_list":["post-1948","post","type-post","status-publish","format-standard","has-post-thumbnail","hentry","category-saude"],"jetpack_publicize_connections":[],"jetpack_featured_media_url":"https:\/\/i0.wp.com\/oexpressobr.com.br\/wp-content\/uploads\/2026\/01\/images17.jpg?fit=568%2C352&ssl=1","jetpack_likes_enabled":true,"jetpack_sharing_enabled":true,"_links":{"self":[{"href":"https:\/\/oexpressobr.com.br\/index.php?rest_route=\/wp\/v2\/posts\/1948","targetHints":{"allow":["GET"]}}],"collection":[{"href":"https:\/\/oexpressobr.com.br\/index.php?rest_route=\/wp\/v2\/posts"}],"about":[{"href":"https:\/\/oexpressobr.com.br\/index.php?rest_route=\/wp\/v2\/types\/post"}],"author":[{"embeddable":true,"href":"https:\/\/oexpressobr.com.br\/index.php?rest_route=\/wp\/v2\/users\/1"}],"replies":[{"embeddable":true,"href":"https:\/\/oexpressobr.com.br\/index.php?rest_route=%2Fwp%2Fv2%2Fcomments&post=1948"}],"version-history":[{"count":1,"href":"https:\/\/oexpressobr.com.br\/index.php?rest_route=\/wp\/v2\/posts\/1948\/revisions"}],"predecessor-version":[{"id":1950,"href":"https:\/\/oexpressobr.com.br\/index.php?rest_route=\/wp\/v2\/posts\/1948\/revisions\/1950"}],"wp:featuredmedia":[{"embeddable":true,"href":"https:\/\/oexpressobr.com.br\/index.php?rest_route=\/wp\/v2\/media\/1949"}],"wp:attachment":[{"href":"https:\/\/oexpressobr.com.br\/index.php?rest_route=%2Fwp%2Fv2%2Fmedia&parent=1948"}],"wp:term":[{"taxonomy":"category","embeddable":true,"href":"https:\/\/oexpressobr.com.br\/index.php?rest_route=%2Fwp%2Fv2%2Fcategories&post=1948"},{"taxonomy":"post_tag","embeddable":true,"href":"https:\/\/oexpressobr.com.br\/index.php?rest_route=%2Fwp%2Fv2%2Ftags&post=1948"}],"curies":[{"name":"wp","href":"https:\/\/api.w.org\/{rel}","templated":true}]}}