{"id":1951,"date":"2026-01-16T06:54:36","date_gmt":"2026-01-16T09:54:36","guid":{"rendered":"https:\/\/oexpressobr.com.br\/?p=1951"},"modified":"2026-01-16T06:54:37","modified_gmt":"2026-01-16T09:54:37","slug":"descongela-ja-lei-complementar-226-2026-autoriza-retomada-de-tempo-e-pagamentos-aos-servidores","status":"publish","type":"post","link":"https:\/\/oexpressobr.com.br\/?p=1951","title":{"rendered":"Descongela j\u00e1: Lei Complementar 226\/2026 autoriza retomada de tempo e pagamentos aos servidores"},"content":{"rendered":"\n<p class=\"wp-block-paragraph\">\u200b<strong>A nova legisla\u00e7\u00e3o federal, sancionada esta semana, revoga restri\u00e7\u00f5es da era da pandemia e abre caminho para que Estados e Munic\u00edpios quitem benef\u00edcios como quinqu\u00eanios e licen\u00e7a-pr\u00eamio acumulados.<\/strong><\/p>\n\n\n\n<p class=\"wp-block-paragraph\">\u200b<strong>Por: Reda\u00e7\u00e3o<\/strong> <em>Atualizado em 16 de janeiro de 2026<\/em><\/p>\n\n\n\n<p class=\"wp-block-paragraph\">\u200bO cen\u00e1rio para milhares de servidores p\u00fablicos brasileiros mudou oficialmente com a publica\u00e7\u00e3o da <strong>Lei Complementar Federal n\u00ba 226\/2026<\/strong>. A medida, que j\u00e1 est\u00e1 sendo chamada de &#8220;Lei do Descongela&#8221;, autoriza a retomada da contagem do tempo de servi\u00e7o entre <strong>28 de maio de 2020 e 31 de dezembro de 2021<\/strong> \u2014 per\u00edodo que estava &#8220;congelado&#8221; para fins de benef\u00edcios pecuni\u00e1rios devido \u00e0 Lei Complementar 173\/2020, editada durante o auge da crise sanit\u00e1ria da Covid-19.<\/p>\n\n\n\n<h3 class=\"wp-block-heading\">\u200bO que muda na pr\u00e1tica?<\/h3>\n\n\n\n<p class=\"wp-block-paragraph\">\u200bA nova lei revogou o inciso IX do art. 8\u00ba da LC 173\/2020, que impedia o uso do tempo trabalhado na pandemia para a aquisi\u00e7\u00e3o de vantagens financeiras. Com isso, os servidores voltam a ter o direito de computar esses 583 dias para:<\/p>\n\n\n\n<ul class=\"wp-block-list\">\n<li>\u200b<strong>Adicionais por tempo de servi\u00e7o<\/strong> (quinqu\u00eanios, tri\u00eanios, anu\u00eanios);<\/li>\n\n\n\n<li>\u200b<strong>Sexta-parte<\/strong>;<\/li>\n\n\n\n<li>\u200b<strong>Licen\u00e7a-pr\u00eamio<\/strong> e outros mecanismos equivalentes.<\/li>\n<\/ul>\n\n\n\n<h3 class=\"wp-block-heading\">\u200bVit\u00f3ria pol\u00edtica e jur\u00eddica<\/h3>\n\n\n\n<p class=\"wp-block-paragraph\">\u200bA san\u00e7\u00e3o presidencial \u00e9 vista como uma corre\u00e7\u00e3o hist\u00f3rica por entidades de classe, como o <strong>Movimento Escolas em Luta<\/strong> e diversos sindicatos do funcionalismo. A tese defendida pelas categorias era de que os servidores n\u00e3o pararam de trabalhar durante a pandemia e, portanto, a suspens\u00e3o da contagem era uma puni\u00e7\u00e3o injusta.<\/p>\n\n\n\n<p class=\"wp-block-paragraph\">\u200bO texto final, derivado do PLP 143\/2020 da senadora Professora Dorinha Seabra (Uni\u00e3o-TO), foi aprovado com ampla maioria no Congresso e sancionado pelo presidente Lula, entrando em vigor imediatamente.<\/p>\n\n\n\n<h3 class=\"wp-block-heading\">\u200bPr\u00f3ximos passos: A bola est\u00e1 com Estados e Munic\u00edpios<\/h3>\n\n\n\n<p class=\"wp-block-paragraph\">\u200bApesar da vit\u00f3ria federal, a implementa\u00e7\u00e3o n\u00e3o \u00e9 autom\u00e1tica em todos os casos. De acordo com o texto da LC 226\/2026:<\/p>\n\n\n\n<ol class=\"wp-block-list\">\n<li>\u200b<strong>Autoriza\u00e7\u00e3o Local:<\/strong> Cada ente federativo (Estado ou Munic\u00edpio) que decretou calamidade na \u00e9poca precisa agora editar sua pr\u00f3pria lei local ou ato administrativo para regulamentar como e quando far\u00e1 o pagamento dos retroativos.<\/li>\n\n\n\n<li>\u200b<strong>Responsabilidade Fiscal:<\/strong> O desdobramento financeiro depende da disponibilidade or\u00e7ament\u00e1ria de cada \u00f3rg\u00e3o. A lei federal d\u00e1 a &#8220;permiss\u00e3o&#8221;, mas a execu\u00e7\u00e3o depende do caixa local, sem transfer\u00eancia de encargos para a Uni\u00e3o.<\/li>\n<\/ol>\n\n\n\n<h3 class=\"wp-block-heading\">\u200bMobiliza\u00e7\u00e3o nas redes<\/h3>\n\n\n\n<p class=\"wp-block-paragraph\">\u200bNas redes sociais, o engajamento \u00e9 alto. Servidores de diversas regi\u00f5es j\u00e1 cobram seus prefeitos e governadores. \u00d3rg\u00e3os como o Tribunal de Justi\u00e7a de S\u00e3o Paulo (TJSP) j\u00e1 come\u00e7aram a se manifestar favoravelmente \u00e0 aplica\u00e7\u00e3o imediata da lei para seus quadros.<\/p>\n\n\n\n<h3 class=\"wp-block-heading\">\u200b<strong>Espa\u00e7o do Leitor: Participe!<\/strong><\/h3>\n\n\n\n<p class=\"wp-block-paragraph\">\u200bO seu \u00f3rg\u00e3o j\u00e1 deu o sinal verde? A luta agora se desloca para as assembleias legislativas e c\u00e2maras municipais. Queremos saber como est\u00e1 a situa\u00e7\u00e3o na sua regi\u00e3o:<\/p>\n\n\n\n<ul class=\"wp-block-list\">\n<li>\u200b<strong>Qual seu Munic\u00edpio\/Estado ou \u00d3rg\u00e3o?<\/strong><\/li>\n\n\n\n<li>\u200b<strong>J\u00e1 houve alguma manifesta\u00e7\u00e3o oficial ou publica\u00e7\u00e3o de decreto local?<\/strong><\/li>\n\n\n\n<li>\u200b<strong>O RH j\u00e1 iniciou o rec\u00e1lculo do seu tempo de servi\u00e7o?<\/strong><\/li>\n<\/ul>\n\n\n\n<p class=\"wp-block-paragraph\">\u200b<strong>Conte para a gente nos coment\u00e1rios e ajude a monitorar o cumprimento da Lei 226\/2026!<\/strong><\/p>\n","protected":false},"excerpt":{"rendered":"<p>\u200bA nova legisla\u00e7\u00e3o federal, sancionada esta semana, revoga restri\u00e7\u00f5es da era da pandemia e abre caminho para que Estados e Munic\u00edpios quitem benef\u00edcios como quinqu\u00eanios [&#8230;]<\/p>\n","protected":false},"author":1,"featured_media":1952,"comment_status":"open","ping_status":"open","sticky":false,"template":"","format":"standard","meta":{"_crdt_document":"","_jetpack_memberships_contains_paid_content":false,"footnotes":"","jetpack_publicize_message":"","jetpack_publicize_feature_enabled":true,"jetpack_social_post_already_shared":true,"jetpack_social_options":{"image_generator_settings":{"template":"highway","default_image_id":0,"font":"","enabled":false},"version":2}},"categories":[3],"tags":[],"class_list":["post-1951","post","type-post","status-publish","format-standard","has-post-thumbnail","hentry","category-brasil"],"jetpack_publicize_connections":[],"jetpack_featured_media_url":"https:\/\/i0.wp.com\/oexpressobr.com.br\/wp-content\/uploads\/2026\/01\/images18.jpg?fit=495%2C619&ssl=1","jetpack_likes_enabled":true,"jetpack_sharing_enabled":true,"_links":{"self":[{"href":"https:\/\/oexpressobr.com.br\/index.php?rest_route=\/wp\/v2\/posts\/1951","targetHints":{"allow":["GET"]}}],"collection":[{"href":"https:\/\/oexpressobr.com.br\/index.php?rest_route=\/wp\/v2\/posts"}],"about":[{"href":"https:\/\/oexpressobr.com.br\/index.php?rest_route=\/wp\/v2\/types\/post"}],"author":[{"embeddable":true,"href":"https:\/\/oexpressobr.com.br\/index.php?rest_route=\/wp\/v2\/users\/1"}],"replies":[{"embeddable":true,"href":"https:\/\/oexpressobr.com.br\/index.php?rest_route=%2Fwp%2Fv2%2Fcomments&post=1951"}],"version-history":[{"count":1,"href":"https:\/\/oexpressobr.com.br\/index.php?rest_route=\/wp\/v2\/posts\/1951\/revisions"}],"predecessor-version":[{"id":1953,"href":"https:\/\/oexpressobr.com.br\/index.php?rest_route=\/wp\/v2\/posts\/1951\/revisions\/1953"}],"wp:featuredmedia":[{"embeddable":true,"href":"https:\/\/oexpressobr.com.br\/index.php?rest_route=\/wp\/v2\/media\/1952"}],"wp:attachment":[{"href":"https:\/\/oexpressobr.com.br\/index.php?rest_route=%2Fwp%2Fv2%2Fmedia&parent=1951"}],"wp:term":[{"taxonomy":"category","embeddable":true,"href":"https:\/\/oexpressobr.com.br\/index.php?rest_route=%2Fwp%2Fv2%2Fcategories&post=1951"},{"taxonomy":"post_tag","embeddable":true,"href":"https:\/\/oexpressobr.com.br\/index.php?rest_route=%2Fwp%2Fv2%2Ftags&post=1951"}],"curies":[{"name":"wp","href":"https:\/\/api.w.org\/{rel}","templated":true}]}}