{"id":1957,"date":"2026-01-16T07:31:23","date_gmt":"2026-01-16T10:31:23","guid":{"rendered":"https:\/\/oexpressobr.com.br\/?p=1957"},"modified":"2026-01-16T07:31:24","modified_gmt":"2026-01-16T10:31:24","slug":"flavio-bolsonaro-rebate-michelle-e-reafirma-candidatura-apos-aceno-a-tarcisio-de-freitas","status":"publish","type":"post","link":"https:\/\/oexpressobr.com.br\/?p=1957","title":{"rendered":"Fl\u00e1vio Bolsonaro rebate Michelle e reafirma candidatura ap\u00f3s aceno a Tarc\u00edsio de Freitas"},"content":{"rendered":"\n<p class=\"wp-block-paragraph\">A disputa pela sucess\u00e3o da direita nas elei\u00e7\u00f5es de 2026 ganhou novos contornos nesta semana com uma troca de mensagens p\u00fablicas entre o senador <strong>Fl\u00e1vio Bolsonaro (PL-RJ)<\/strong> e a ex-primeira-dama <strong>Michelle Bolsonaro<\/strong>. O embate silencioso, mas evidente, exp\u00f5e as fissuras no cl\u00e3 bolsonarista e as d\u00favidas sobre quem herdar\u00e1 o esp\u00f3lio pol\u00edtico de Jair Bolsonaro, atualmente preso e ineleg\u00edvel.<\/p>\n\n\n\n<h3 class=\"wp-block-heading\">\u200bO estopim: o v\u00eddeo de Tarc\u00edsio e o &#8220;novo CEO&#8221;<\/h3>\n\n\n\n<p class=\"wp-block-paragraph\">\u200bA tens\u00e3o escalou ap\u00f3s Michelle Bolsonaro publicar em suas redes sociais um v\u00eddeo com um discurso do governador de S\u00e3o Paulo, <strong>Tarc\u00edsio de Freitas (Republicanos)<\/strong>, focado em cr\u00edticas econ\u00f4micas ao governo Lula.<\/p>\n\n\n\n<p class=\"wp-block-paragraph\">\u200bO movimento foi interpretado como um apoio impl\u00edcito \u00e0 candidatura de Tarc\u00edsio ao Pal\u00e1cio do Planalto, especialmente ap\u00f3s Michelle curtir um coment\u00e1rio da primeira-dama paulista, Cristiane Freitas, que sugeria o marido como um &#8220;novo CEO para o Brasil&#8221;.<\/p>\n\n\n\n<h3 class=\"wp-block-heading\">\u200bA resposta de Fl\u00e1vio: &#8220;Nunca rodei o Brasil por isso&#8221;<\/h3>\n\n\n\n<p class=\"wp-block-paragraph\">\u200bEm resposta direta aos questionamentos sobre as ambi\u00e7\u00f5es de Michelle e a sinaliza\u00e7\u00e3o dela em favor de Tarc\u00edsio, Fl\u00e1vio Bolsonaro utilizou uma ret\u00f3rica de &#8220;miss\u00e3o recebida&#8221; para marcar territ\u00f3rio. O senador afirmou ao portal UOL:<\/p>\n\n\n\n<blockquote class=\"wp-block-quote is-layout-flow wp-block-quote-is-layout-flow\">\n<p class=\"wp-block-paragraph\">\u200b&#8221;Eu nunca procurei, n\u00e3o rodei o Brasil por isso. N\u00e3o corri atr\u00e1s disso. Tem uma situa\u00e7\u00e3o concreta: sou o pr\u00e9-candidato indicado pelo presidente Bolsonaro. E n\u00e3o vai ter outra possibilidade.&#8221;<\/p>\n<\/blockquote>\n\n\n\n<p class=\"wp-block-paragraph\">\u200bA declara\u00e7\u00e3o \u00e9 vista como uma indireta a Michelle, que tem intensificado viagens pelo pa\u00eds atrav\u00e9s do <strong>PL Mulher<\/strong>, consolidando-se como um dos nomes mais populares do partido. Fl\u00e1vio refor\u00e7ou que sua candidatura \u00e9 &#8220;um caminho sem volta&#8221; e que n\u00e3o v\u00ea sentido em Michelle figurar como vice em outra chapa, classificando a ideia como um &#8220;desperd\u00edcio&#8221;.<\/p>\n\n\n\n<h3 class=\"wp-block-heading\">\u200bO cen\u00e1rio para 2026: Pesquisas e alian\u00e7as<\/h3>\n\n\n\n<p class=\"wp-block-paragraph\">\u200bApesar da indica\u00e7\u00e3o oficial de Jair Bolsonaro \u2014 confirmada em carta de pr\u00f3prio punho em dezembro de 2025 \u2014 o nome de Fl\u00e1vio enfrenta resist\u00eancia:<\/p>\n\n\n\n<ul class=\"wp-block-list\">\n<li>\u200b<strong>Desempenho Eleitoral:<\/strong> Pesquisas recentes indicam que Tarc\u00edsio de Freitas e Michelle Bolsonaro possuem maior competitividade contra o presidente Lula do que o pr\u00f3prio Fl\u00e1vio.<\/li>\n\n\n\n<li>\u200b<strong>O &#8220;Fator Papuda&#8221;:<\/strong> Com Jair Bolsonaro detido, a articula\u00e7\u00e3o pol\u00edtica da direita tornou-se mais fragmentada. Setores do Centr\u00e3o e do mercado financeiro demonstram clara prefer\u00eancia pela tecnocracia de Tarc\u00edsio em detrimento do herdeiro pol\u00edtico direto.<\/li>\n\n\n\n<li>\u200b<strong>Divis\u00e3o Interna:<\/strong> Aliados de Michelle j\u00e1 se referem ironicamente aos filhos do ex-presidente como &#8220;cabe\u00e7as de bagre&#8221;, evidenciando que a unidade familiar est\u00e1 longe de ser um consenso estrat\u00e9gico.<\/li>\n<\/ul>\n\n\n\n<p class=\"wp-block-paragraph\">A situa\u00e7\u00e3o coloca o PL em uma encruzilhada: manter a lealdade ao &#8220;sangue&#8221; de Bolsonaro ou apostar na viabilidade eleitoral de Tarc\u00edsio, que, embora discreto, continua a ser impulsionado por setores da pr\u00f3pria fam\u00edlia do ex-presidente.<\/p>\n","protected":false},"excerpt":{"rendered":"<p>A disputa pela sucess\u00e3o da direita nas elei\u00e7\u00f5es de 2026 ganhou novos contornos nesta semana com uma troca de mensagens p\u00fablicas entre o senador Fl\u00e1vio [&#8230;]<\/p>\n","protected":false},"author":1,"featured_media":1958,"comment_status":"open","ping_status":"open","sticky":false,"template":"","format":"standard","meta":{"_crdt_document":"","_jetpack_memberships_contains_paid_content":false,"footnotes":"","jetpack_publicize_message":"","jetpack_publicize_feature_enabled":true,"jetpack_social_post_already_shared":true,"jetpack_social_options":{"image_generator_settings":{"template":"highway","default_image_id":0,"font":"","enabled":false},"version":2}},"categories":[7],"tags":[],"class_list":["post-1957","post","type-post","status-publish","format-standard","has-post-thumbnail","hentry","category-politica"],"jetpack_publicize_connections":[],"jetpack_featured_media_url":"https:\/\/i0.wp.com\/oexpressobr.com.br\/wp-content\/uploads\/2026\/01\/IMG-20260116-WA0144.jpg?fit=768%2C512&ssl=1","jetpack_likes_enabled":true,"jetpack_sharing_enabled":true,"_links":{"self":[{"href":"https:\/\/oexpressobr.com.br\/index.php?rest_route=\/wp\/v2\/posts\/1957","targetHints":{"allow":["GET"]}}],"collection":[{"href":"https:\/\/oexpressobr.com.br\/index.php?rest_route=\/wp\/v2\/posts"}],"about":[{"href":"https:\/\/oexpressobr.com.br\/index.php?rest_route=\/wp\/v2\/types\/post"}],"author":[{"embeddable":true,"href":"https:\/\/oexpressobr.com.br\/index.php?rest_route=\/wp\/v2\/users\/1"}],"replies":[{"embeddable":true,"href":"https:\/\/oexpressobr.com.br\/index.php?rest_route=%2Fwp%2Fv2%2Fcomments&post=1957"}],"version-history":[{"count":1,"href":"https:\/\/oexpressobr.com.br\/index.php?rest_route=\/wp\/v2\/posts\/1957\/revisions"}],"predecessor-version":[{"id":1959,"href":"https:\/\/oexpressobr.com.br\/index.php?rest_route=\/wp\/v2\/posts\/1957\/revisions\/1959"}],"wp:featuredmedia":[{"embeddable":true,"href":"https:\/\/oexpressobr.com.br\/index.php?rest_route=\/wp\/v2\/media\/1958"}],"wp:attachment":[{"href":"https:\/\/oexpressobr.com.br\/index.php?rest_route=%2Fwp%2Fv2%2Fmedia&parent=1957"}],"wp:term":[{"taxonomy":"category","embeddable":true,"href":"https:\/\/oexpressobr.com.br\/index.php?rest_route=%2Fwp%2Fv2%2Fcategories&post=1957"},{"taxonomy":"post_tag","embeddable":true,"href":"https:\/\/oexpressobr.com.br\/index.php?rest_route=%2Fwp%2Fv2%2Ftags&post=1957"}],"curies":[{"name":"wp","href":"https:\/\/api.w.org\/{rel}","templated":true}]}}