{"id":196,"date":"2025-12-01T20:19:09","date_gmt":"2025-12-01T23:19:09","guid":{"rendered":"https:\/\/oexpressobr.com.br\/?p=196"},"modified":"2025-12-01T20:19:09","modified_gmt":"2025-12-01T23:19:09","slug":"valdemar-costa-neto-e-michelle-bolsonaro-marcam-reuniao-apos-critica-a-ciro-gomes-racha-direita-no-ceara","status":"publish","type":"post","link":"https:\/\/oexpressobr.com.br\/?p=196","title":{"rendered":"Valdemar Costa Neto E Michelle Bolsonaro Marcam Reuni\u00e3o Ap\u00f3s Cr\u00edtica A Ciro Gomes Racha Direita No Cear\u00e1"},"content":{"rendered":"\n<p class=\"wp-block-paragraph\">O Partido Liberal (PL) agendou uma <strong>reuni\u00e3o de emerg\u00eancia<\/strong> para esta ter\u00e7a-feira, 2 de dezembro, a fim de discutir as implica\u00e7\u00f5es da <strong>cr\u00edtica p\u00fablica<\/strong> feita pela presidente do PL Mulher, a ex-primeira-dama <strong>Michelle Bolsonaro<\/strong>, contra a articula\u00e7\u00e3o pol\u00edtica da legenda no Cear\u00e1. A pol\u00eamica se deu ap\u00f3s Michelle desautorizar, em discurso, a alian\u00e7a que o PL local \u2014 por meio de seu presidente, o deputado federal Andr\u00e9 Fernandes \u2014 vinha costurando com <strong>Ciro Gomes<\/strong> (PSDB), poss\u00edvel candidato ao governo estadual.<\/p>\n\n\n\n<p class=\"wp-block-paragraph\">\u200bA fala da ex-primeira-dama, proferida no \u00faltimo domingo (30) durante o lan\u00e7amento da pr\u00e9-candidatura do senador Eduardo Gir\u00e3o (Novo) ao governo do Cear\u00e1, exp\u00f4s um racha na direita e colocou em xeque a estrat\u00e9gia do partido para a regi\u00e3o Nordeste. Michelle Bolsonaro foi incisiva ao se referir a Ciro Gomes: &#8220;Mas fazer alian\u00e7a com um homem que \u00e9 contra o maior l\u00edder da direita? Isso n\u00e3o d\u00e1&#8221;. O ex-governador cearense \u00e9 um not\u00f3rio cr\u00edtico do ex-presidente Jair Bolsonaro, e a alian\u00e7a com o PL cearense seria vista como um movimento pragm\u00e1tico para unir for\u00e7as contra o Partido dos Trabalhadores (PT) no estado, conforme defendido pelo presidente nacional do PL, <strong>Valdemar Costa Neto<\/strong>.<\/p>\n\n\n\n<h3 class=\"wp-block-heading\">\u200b\ud83d\uddd3\ufe0f Reuni\u00e3o E Rea\u00e7\u00f5es Da Fam\u00edlia Bolsonaro<\/h3>\n\n\n\n<p class=\"wp-block-paragraph\">\u200bA reuni\u00e3o convocada por Valdemar Costa Neto, que deve contar com a presen\u00e7a de Michelle Bolsonaro, Fl\u00e1vio Bolsonaro e Rog\u00e9rio Marinho (l\u00edder da oposi\u00e7\u00e3o no Senado), tem como objetivo definir a atua\u00e7\u00e3o pol\u00edtica da ex-primeira-dama e ajustar os ponteiros do partido. O pr\u00f3prio Valdemar j\u00e1 havia manifestado publicamente seu apoio a Ciro Gomes no Cear\u00e1, classificando o tucano como a <strong>&#8220;\u00fanica forma&#8221;<\/strong> de derrotar o PT no estado, chegando a retirar processos judiciais contra o ex-ministro para pavimentar o caminho da alian\u00e7a.<\/p>\n\n\n\n<p class=\"wp-block-paragraph\">\u200bA declara\u00e7\u00e3o de Michelle n\u00e3o s\u00f3 desautorizou a articula\u00e7\u00e3o como gerou uma rea\u00e7\u00e3o imediata do deputado Andr\u00e9 Fernandes, que rebateu publicamente a cr\u00edtica, afirmando que o movimento tinha tido o <strong>aval do ex-presidente Jair Bolsonaro<\/strong>.<\/p>\n\n\n\n<p class=\"wp-block-paragraph\">\u200bAs informa\u00e7\u00f5es mais recentes apontam que a postura de Michelle no Cear\u00e1 acentuou divis\u00f5es na pr\u00f3pria fam\u00edlia Bolsonaro, mostrando um poss\u00edvel conflito na condu\u00e7\u00e3o das alian\u00e7as regionais. A ala que defende o apoio a Ciro Gomes v\u00ea o movimento como fundamental para isolar o PT no Nordeste, enquanto a ala de Michelle o considera uma trai\u00e7\u00e3o ideol\u00f3gica ao &#8220;maior l\u00edder da direita&#8221;.<\/p>\n\n\n\n<p class=\"wp-block-paragraph\">\u200bO epis\u00f3dio joga luz sobre as dificuldades do PL em equilibrar o pragmatismo pol\u00edtico, crucial para elei\u00e7\u00f5es estaduais, com a coes\u00e3o ideol\u00f3gica de sua base bolsonarista mais fervorosa, liderada agora pelo carisma de Michelle Bolsonaro.<\/p>\n","protected":false},"excerpt":{"rendered":"<p>O Partido Liberal (PL) agendou uma reuni\u00e3o de emerg\u00eancia para esta ter\u00e7a-feira, 2 de dezembro, a fim de discutir as implica\u00e7\u00f5es da cr\u00edtica p\u00fablica feita [&#8230;]<\/p>\n","protected":false},"author":1,"featured_media":197,"comment_status":"open","ping_status":"open","sticky":false,"template":"","format":"standard","meta":{"_crdt_document":"","_jetpack_memberships_contains_paid_content":false,"footnotes":"","jetpack_publicize_message":"","jetpack_publicize_feature_enabled":true,"jetpack_social_post_already_shared":false,"jetpack_social_options":{"image_generator_settings":{"template":"highway","default_image_id":0,"font":"","enabled":false},"version":2}},"categories":[7],"tags":[],"class_list":["post-196","post","type-post","status-publish","format-standard","has-post-thumbnail","hentry","category-politica"],"jetpack_publicize_connections":[],"jetpack_featured_media_url":"https:\/\/i0.wp.com\/oexpressobr.com.br\/wp-content\/uploads\/2025\/12\/IMG-20251201-WA0312.jpg?fit=1024%2C683&ssl=1","jetpack_likes_enabled":true,"jetpack_sharing_enabled":true,"_links":{"self":[{"href":"https:\/\/oexpressobr.com.br\/index.php?rest_route=\/wp\/v2\/posts\/196","targetHints":{"allow":["GET"]}}],"collection":[{"href":"https:\/\/oexpressobr.com.br\/index.php?rest_route=\/wp\/v2\/posts"}],"about":[{"href":"https:\/\/oexpressobr.com.br\/index.php?rest_route=\/wp\/v2\/types\/post"}],"author":[{"embeddable":true,"href":"https:\/\/oexpressobr.com.br\/index.php?rest_route=\/wp\/v2\/users\/1"}],"replies":[{"embeddable":true,"href":"https:\/\/oexpressobr.com.br\/index.php?rest_route=%2Fwp%2Fv2%2Fcomments&post=196"}],"version-history":[{"count":0,"href":"https:\/\/oexpressobr.com.br\/index.php?rest_route=\/wp\/v2\/posts\/196\/revisions"}],"wp:featuredmedia":[{"embeddable":true,"href":"https:\/\/oexpressobr.com.br\/index.php?rest_route=\/wp\/v2\/media\/197"}],"wp:attachment":[{"href":"https:\/\/oexpressobr.com.br\/index.php?rest_route=%2Fwp%2Fv2%2Fmedia&parent=196"}],"wp:term":[{"taxonomy":"category","embeddable":true,"href":"https:\/\/oexpressobr.com.br\/index.php?rest_route=%2Fwp%2Fv2%2Fcategories&post=196"},{"taxonomy":"post_tag","embeddable":true,"href":"https:\/\/oexpressobr.com.br\/index.php?rest_route=%2Fwp%2Fv2%2Ftags&post=196"}],"curies":[{"name":"wp","href":"https:\/\/api.w.org\/{rel}","templated":true}]}}