{"id":1960,"date":"2026-01-16T07:41:03","date_gmt":"2026-01-16T10:41:03","guid":{"rendered":"https:\/\/oexpressobr.com.br\/?p=1960"},"modified":"2026-01-16T07:41:04","modified_gmt":"2026-01-16T10:41:04","slug":"moraes-determina-transferencia-de-jair-bolsonaro-para-cela-maior-na-papudinha-em-brasilia","status":"publish","type":"post","link":"https:\/\/oexpressobr.com.br\/?p=1960","title":{"rendered":"Moraes determina transfer\u00eancia de Jair Bolsonaro para cela maior na &#8220;Papudinha&#8221; em Bras\u00edlia"},"content":{"rendered":"\n<p class=\"wp-block-paragraph\">Nesta quinta-feira, 15 de janeiro de 2026, o ministro do Supremo Tribunal Federal (STF), Alexandre de Moraes, determinou a transfer\u00eancia imediata do ex-presidente <strong>Jair Bolsonaro<\/strong> da Superintend\u00eancia da Pol\u00edcia Federal para o <strong>19\u00ba Batalh\u00e3o da Pol\u00edcia Militar<\/strong>, no Complexo da Papuda. A decis\u00e3o ocorre em meio ao cumprimento da pena de 27 anos e 3 meses de pris\u00e3o \u00e0 qual Bolsonaro foi condenado por tentativa de golpe de Estado.<\/p>\n\n\n\n<p class=\"wp-block-paragraph\">\u200bA mudan\u00e7a foi motivada, ironicamente, por reclama\u00e7\u00f5es da pr\u00f3pria defesa e dos filhos do ex-presidente, que alegavam que as instala\u00e7\u00f5es na PF (uma sala de 12 m\u00b2) n\u00e3o possu\u00edam &#8220;condi\u00e7\u00f5es m\u00ednimas de dignidade&#8221; e que o ru\u00eddo do ar-condicionado prejudicava a sa\u00fade do custodiado.<\/p>\n\n\n\n<h3 class=\"wp-block-heading\">\u200bEstrutura e &#8220;Privil\u00e9gios&#8221; na nova cela<\/h3>\n\n\n\n<p class=\"wp-block-paragraph\">\u200bAo rebater as cr\u00edticas da defesa, Moraes destacou que Bolsonaro j\u00e1 gozava de condi\u00e7\u00f5es &#8220;absolutamente excepcionais&#8221; e listou 13 privil\u00e9gios que ele mantinha, como alimenta\u00e7\u00e3o caseira e visitas exclusivas. Com a transfer\u00eancia para a unidade conhecida como <strong>&#8220;Papudinha&#8221;<\/strong>, o ex-presidente passar\u00e1 a ocupar um espa\u00e7o significativamente maior.<\/p>\n\n\n\n<h3 class=\"wp-block-heading\">O embate jur\u00eddico sobre a pris\u00e3o domiciliar<\/h3>\n\n\n\n<p class=\"wp-block-paragraph\">\u200bA transfer\u00eancia tamb\u00e9m atende a uma necessidade m\u00e9dica. Devido ao hist\u00f3rico de sa\u00fade de Bolsonaro \u2014 que inclui cirurgias decorrentes da facada de 2018 e um recente traumatismo craniano leve ap\u00f3s uma queda na cela em 7 de janeiro \u2014, a nova unidade permitir\u00e1 a realiza\u00e7\u00e3o de <strong>fisioterapia noturna<\/strong> e o uso de equipamentos de gin\u00e1stica, o que n\u00e3o era vi\u00e1vel na sede da PF por quest\u00f5es de seguran\u00e7a.<\/p>\n\n\n\n<p class=\"wp-block-paragraph\">\u200bApesar da melhoria nas condi\u00e7\u00f5es, a defesa de Bolsonaro continua pleiteando a <strong>pris\u00e3o domiciliar humanit\u00e1ria<\/strong>, argumentando que o ex-presidente, atualmente com 70 anos, apresenta riscos cl\u00ednicos concretos. Moraes, contudo, reiterou que as condi\u00e7\u00f5es atuais na Papudinha s\u00e3o superiores \u00e0s de quase 400 mil detentos no pa\u00eds e que a cust\u00f3dia em Sala de Estado Maior garante a seguran\u00e7a e as prerrogativas do cargo que ele ocupou.<\/p>\n","protected":false},"excerpt":{"rendered":"<p>Nesta quinta-feira, 15 de janeiro de 2026, o ministro do Supremo Tribunal Federal (STF), Alexandre de Moraes, determinou a transfer\u00eancia imediata do ex-presidente Jair Bolsonaro [&#8230;]<\/p>\n","protected":false},"author":1,"featured_media":1961,"comment_status":"open","ping_status":"open","sticky":false,"template":"","format":"standard","meta":{"_crdt_document":"","_jetpack_memberships_contains_paid_content":false,"footnotes":"","jetpack_publicize_message":"","jetpack_publicize_feature_enabled":true,"jetpack_social_post_already_shared":true,"jetpack_social_options":{"image_generator_settings":{"template":"highway","default_image_id":0,"font":"","enabled":false},"version":2}},"categories":[8],"tags":[],"class_list":["post-1960","post","type-post","status-publish","format-standard","has-post-thumbnail","hentry","category-judiciario"],"jetpack_publicize_connections":[],"jetpack_featured_media_url":"https:\/\/i0.wp.com\/oexpressobr.com.br\/wp-content\/uploads\/2026\/01\/IMG-20260116-WA0148.jpg?fit=1600%2C1200&ssl=1","jetpack_likes_enabled":true,"jetpack_sharing_enabled":true,"_links":{"self":[{"href":"https:\/\/oexpressobr.com.br\/index.php?rest_route=\/wp\/v2\/posts\/1960","targetHints":{"allow":["GET"]}}],"collection":[{"href":"https:\/\/oexpressobr.com.br\/index.php?rest_route=\/wp\/v2\/posts"}],"about":[{"href":"https:\/\/oexpressobr.com.br\/index.php?rest_route=\/wp\/v2\/types\/post"}],"author":[{"embeddable":true,"href":"https:\/\/oexpressobr.com.br\/index.php?rest_route=\/wp\/v2\/users\/1"}],"replies":[{"embeddable":true,"href":"https:\/\/oexpressobr.com.br\/index.php?rest_route=%2Fwp%2Fv2%2Fcomments&post=1960"}],"version-history":[{"count":1,"href":"https:\/\/oexpressobr.com.br\/index.php?rest_route=\/wp\/v2\/posts\/1960\/revisions"}],"predecessor-version":[{"id":1962,"href":"https:\/\/oexpressobr.com.br\/index.php?rest_route=\/wp\/v2\/posts\/1960\/revisions\/1962"}],"wp:featuredmedia":[{"embeddable":true,"href":"https:\/\/oexpressobr.com.br\/index.php?rest_route=\/wp\/v2\/media\/1961"}],"wp:attachment":[{"href":"https:\/\/oexpressobr.com.br\/index.php?rest_route=%2Fwp%2Fv2%2Fmedia&parent=1960"}],"wp:term":[{"taxonomy":"category","embeddable":true,"href":"https:\/\/oexpressobr.com.br\/index.php?rest_route=%2Fwp%2Fv2%2Fcategories&post=1960"},{"taxonomy":"post_tag","embeddable":true,"href":"https:\/\/oexpressobr.com.br\/index.php?rest_route=%2Fwp%2Fv2%2Ftags&post=1960"}],"curies":[{"name":"wp","href":"https:\/\/api.w.org\/{rel}","templated":true}]}}