{"id":1966,"date":"2026-01-16T07:56:44","date_gmt":"2026-01-16T10:56:44","guid":{"rendered":"https:\/\/oexpressobr.com.br\/?p=1966"},"modified":"2026-01-16T07:56:45","modified_gmt":"2026-01-16T10:56:45","slug":"mp-pr-aponta-indicios-de-omissao-de-socorro-em-caso-de-jovem-perdido-no-pico-parana","status":"publish","type":"post","link":"https:\/\/oexpressobr.com.br\/?p=1966","title":{"rendered":"MP-PR aponta ind\u00edcios de omiss\u00e3o de socorro em caso de jovem perdido no Pico Paran\u00e1"},"content":{"rendered":"\n<p class=\"wp-block-paragraph\">O Minist\u00e9rio P\u00fablico do Paran\u00e1 (MP-PR) anunciou que investiga poss\u00edveis irregularidades e neglig\u00eancia no atendimento ao jovem <strong>Roberto Farias Tomaz<\/strong>, de 19 anos. O rapaz permaneceu desaparecido por cinco dias ap\u00f3s se perder em uma trilha de retorno no <strong>Pico Paran\u00e1<\/strong>, a montanha mais alta do Sul do Brasil, no in\u00edcio de janeiro.<\/p>\n\n\n\n<h3 class=\"wp-block-heading\">\u200bO Incidente e o Resgate<\/h3>\n\n\n\n<p class=\"wp-block-paragraph\">\u200bRoberto desapareceu ap\u00f3s se separar de seu grupo durante a descida. O que deveria ser uma atividade de lazer transformou-se em uma opera\u00e7\u00e3o de busca complexa em terreno \u00edngreme e de mata fechada. O jovem foi localizado por volunt\u00e1rios e equipes de resgate em estado de desidrata\u00e7\u00e3o e com ferimentos leves, ap\u00f3s sobreviver a condi\u00e7\u00f5es clim\u00e1ticas adversas e \u00e0 escassez de alimento.<\/p>\n\n\n\n<h3 class=\"wp-block-heading\">\u200bA Investiga\u00e7\u00e3o do Minist\u00e9rio P\u00fablico<\/h3>\n\n\n\n<p class=\"wp-block-paragraph\">\u200bA decis\u00e3o do MP-PR de apurar o crime de <strong>omiss\u00e3o de socorro<\/strong> baseia-se em relatos sobre a conduta de pessoas que acompanhavam o jovem ou que tiveram contato com o pedido de ajuda inicial. Segundo os promotores, h\u00e1 ind\u00edcios de que o protocolo de emerg\u00eancia demorou a ser acionado de forma eficaz ou que informa\u00e7\u00f5es cruciais foram retidas.<\/p>\n\n\n\n<blockquote class=\"wp-block-quote is-layout-flow wp-block-quote-is-layout-flow\">\n<p class=\"wp-block-paragraph\">\u200b&#8221;A an\u00e1lise foca em determinar se houve demora injustificada na comunica\u00e7\u00e3o do desaparecimento \u00e0s autoridades competentes, o que pode ter colocado a vida do jovem em risco desnecess\u00e1rio&#8221;, afirma o \u00f3rg\u00e3o.<\/p>\n<\/blockquote>\n\n\n\n<h3 class=\"wp-block-heading\">\u200bContexto e Seguran\u00e7a nas Trilhas<\/h3>\n\n\n\n<p class=\"wp-block-paragraph\">\u200bO caso reacendeu o debate sobre a seguran\u00e7a no montanhismo paranaense. Especialistas e \u00f3rg\u00e3os de seguran\u00e7a p\u00fablica destacam pontos cr\u00edticos:<\/p>\n\n\n\n<ul class=\"wp-block-list\">\n<li>\u200b<strong>Prepara\u00e7\u00e3o:<\/strong> A import\u00e2ncia de equipamentos de geolocaliza\u00e7\u00e3o e vestimenta adequada.<\/li>\n\n\n\n<li>\u200b<strong>Responsabilidade de Grupo:<\/strong> A regra fundamental de nunca abandonar um integrante da expedi\u00e7\u00e3o.<\/li>\n\n\n\n<li>\u200b<strong>Comunica\u00e7\u00e3o:<\/strong> O tempo de resposta \u00e9 vital em casos de desaparecimento em \u00e1reas de dif\u00edcil acesso.<\/li>\n<\/ul>\n\n\n\n<p class=\"wp-block-paragraph\">\u200bAt\u00e9 o momento, os nomes dos acompanhantes investigados n\u00e3o foram divulgados oficialmente para n\u00e3o comprometer o andamento do inqu\u00e9rito. A defesa dos envolvidos ainda n\u00e3o se manifestou publicamente sobre o posicionamento do Minist\u00e9rio P\u00fablico.<\/p>\n","protected":false},"excerpt":{"rendered":"<p>O Minist\u00e9rio P\u00fablico do Paran\u00e1 (MP-PR) anunciou que investiga poss\u00edveis irregularidades e neglig\u00eancia no atendimento ao jovem Roberto Farias Tomaz, de 19 anos. O rapaz [&#8230;]<\/p>\n","protected":false},"author":1,"featured_media":1967,"comment_status":"open","ping_status":"open","sticky":false,"template":"","format":"standard","meta":{"_crdt_document":"","_jetpack_memberships_contains_paid_content":false,"footnotes":"","jetpack_publicize_message":"","jetpack_publicize_feature_enabled":true,"jetpack_social_post_already_shared":true,"jetpack_social_options":{"image_generator_settings":{"template":"highway","default_image_id":0,"font":"","enabled":false},"version":2}},"categories":[8],"tags":[],"class_list":["post-1966","post","type-post","status-publish","format-standard","has-post-thumbnail","hentry","category-judiciario"],"jetpack_publicize_connections":[],"jetpack_featured_media_url":"https:\/\/i0.wp.com\/oexpressobr.com.br\/wp-content\/uploads\/2026\/01\/cccccccccccccccccccc.jpeg?fit=984%2C554&ssl=1","jetpack_likes_enabled":true,"jetpack_sharing_enabled":true,"_links":{"self":[{"href":"https:\/\/oexpressobr.com.br\/index.php?rest_route=\/wp\/v2\/posts\/1966","targetHints":{"allow":["GET"]}}],"collection":[{"href":"https:\/\/oexpressobr.com.br\/index.php?rest_route=\/wp\/v2\/posts"}],"about":[{"href":"https:\/\/oexpressobr.com.br\/index.php?rest_route=\/wp\/v2\/types\/post"}],"author":[{"embeddable":true,"href":"https:\/\/oexpressobr.com.br\/index.php?rest_route=\/wp\/v2\/users\/1"}],"replies":[{"embeddable":true,"href":"https:\/\/oexpressobr.com.br\/index.php?rest_route=%2Fwp%2Fv2%2Fcomments&post=1966"}],"version-history":[{"count":1,"href":"https:\/\/oexpressobr.com.br\/index.php?rest_route=\/wp\/v2\/posts\/1966\/revisions"}],"predecessor-version":[{"id":1968,"href":"https:\/\/oexpressobr.com.br\/index.php?rest_route=\/wp\/v2\/posts\/1966\/revisions\/1968"}],"wp:featuredmedia":[{"embeddable":true,"href":"https:\/\/oexpressobr.com.br\/index.php?rest_route=\/wp\/v2\/media\/1967"}],"wp:attachment":[{"href":"https:\/\/oexpressobr.com.br\/index.php?rest_route=%2Fwp%2Fv2%2Fmedia&parent=1966"}],"wp:term":[{"taxonomy":"category","embeddable":true,"href":"https:\/\/oexpressobr.com.br\/index.php?rest_route=%2Fwp%2Fv2%2Fcategories&post=1966"},{"taxonomy":"post_tag","embeddable":true,"href":"https:\/\/oexpressobr.com.br\/index.php?rest_route=%2Fwp%2Fv2%2Ftags&post=1966"}],"curies":[{"name":"wp","href":"https:\/\/api.w.org\/{rel}","templated":true}]}}