{"id":1969,"date":"2026-01-16T08:08:11","date_gmt":"2026-01-16T11:08:11","guid":{"rendered":"https:\/\/oexpressobr.com.br\/?p=1969"},"modified":"2026-01-16T08:08:12","modified_gmt":"2026-01-16T11:08:12","slug":"advogado-de-ludmilla-se-manifesta-sobre-julgamento-de-alexandre-de-moraes","status":"publish","type":"post","link":"https:\/\/oexpressobr.com.br\/?p=1969","title":{"rendered":"Advogado de Ludmilla se manifesta sobre julgamento de Alexandre de Moraes"},"content":{"rendered":"\n<p class=\"wp-block-paragraph\">A disputa jur\u00eddica entre a cantora <strong>Ludmilla<\/strong> e o apresentador <strong>Marc\u00e3o do Povo<\/strong> ganhou um novo e decisivo cap\u00edtulo no Supremo Tribunal Federal (STF). O advogado da artista, <strong>Felipe Borba<\/strong>, confirmou nesta semana que a cantora ingressar\u00e1 como assistente de acusa\u00e7\u00e3o no recurso que ser\u00e1 relatado pelo ministro <strong>Alexandre de Moraes<\/strong>.<\/p>\n\n\n\n<p class=\"wp-block-paragraph\">\u200bO caso, que se arrasta desde 2017, trata de declara\u00e7\u00f5es feitas pelo apresentador em um programa de televis\u00e3o, nas quais ele se referiu \u00e0 artista como &#8220;pobre macaca&#8221;. Ap\u00f3s uma reviravolta no Superior Tribunal de Justi\u00e7a (STJ), que havia absolvido o comunicador sob o argumento de que n\u00e3o houve inten\u00e7\u00e3o de inj\u00faria racial, a defesa de Ludmilla agora deposita suas esperan\u00e7as na Suprema Corte.<\/p>\n\n\n\n<h3 class=\"wp-block-heading\">\u200bOs pontos centrais da manifesta\u00e7\u00e3o<\/h3>\n\n\n\n<p class=\"wp-block-paragraph\">\u200bEm declara\u00e7\u00f5es recentes \u00e0 coluna <em>VEJA Gente<\/em>, o advogado Felipe Borba destacou a prontid\u00e3o da cantora em seguir com o processo at\u00e9 as \u00faltimas inst\u00e2ncias.<\/p>\n\n\n\n<ul class=\"wp-block-list\">\n<li>\u200b<strong>Ingresso no STF:<\/strong> Ludmilla formalizou sua participa\u00e7\u00e3o como interessada direta no julgamento do recurso.<\/li>\n\n\n\n<li>\u200b<strong>Posicionamento da defesa:<\/strong> O advogado refor\u00e7ou que a cantora est\u00e1 &#8220;\u00e0 inteira disposi\u00e7\u00e3o para lutar de todas as formas contra o racismo&#8221;.<\/li>\n\n\n\n<li>\u200b<strong>Expectativa sobre Moraes:<\/strong> A escolha de Alexandre de Moraes como relator \u00e9 vista com aten\u00e7\u00e3o, dado o hist\u00f3rico do ministro em decis\u00f5es rigorosas sobre direitos fundamentais e crimes de \u00f3dio.<\/li>\n<\/ul>\n\n\n\n<p class=\"wp-block-paragraph\">Ludmilla tem enfrentado uma estrutura judicial complexa. Al\u00e9m do caso contra Marc\u00e3o do Povo, a cantora tamb\u00e9m travou uma batalha contra a socialite <strong>Val Marchiori<\/strong> (que a comparou a uma &#8220;esponja de a\u00e7o&#8221;). Naquela ocasi\u00e3o, a justi\u00e7a do Rio de Janeiro entendeu a fala como liberdade de express\u00e3o, o que gerou protestos da artista nas redes sociais: <em>&#8220;Racismo n\u00e3o \u00e9 liberdade de express\u00e3o&#8221;<\/em>.<\/p>\n\n\n\n<p class=\"wp-block-paragraph\">\u200bDesta vez, com o processo sob a relatoria de um dos ministros mais influentes do pa\u00eds, o desfecho promete ser um divisor de \u00e1guas no combate \u00e0 inj\u00faria racial no Brasil.<\/p>\n","protected":false},"excerpt":{"rendered":"<p>A disputa jur\u00eddica entre a cantora Ludmilla e o apresentador Marc\u00e3o do Povo ganhou um novo e decisivo cap\u00edtulo no Supremo Tribunal Federal (STF). O [&#8230;]<\/p>\n","protected":false},"author":1,"featured_media":1970,"comment_status":"open","ping_status":"open","sticky":false,"template":"","format":"standard","meta":{"_crdt_document":"","_jetpack_memberships_contains_paid_content":false,"footnotes":"","jetpack_publicize_message":"","jetpack_publicize_feature_enabled":true,"jetpack_social_post_already_shared":true,"jetpack_social_options":{"image_generator_settings":{"template":"highway","default_image_id":0,"font":"","enabled":false},"version":2}},"categories":[8],"tags":[],"class_list":["post-1969","post","type-post","status-publish","format-standard","has-post-thumbnail","hentry","category-judiciario"],"jetpack_publicize_connections":[],"jetpack_featured_media_url":"https:\/\/i0.wp.com\/oexpressobr.com.br\/wp-content\/uploads\/2026\/01\/Ludmilla-e-Alexandre-de-Moraes.jpg?fit=414%2C280&ssl=1","jetpack_likes_enabled":true,"jetpack_sharing_enabled":true,"_links":{"self":[{"href":"https:\/\/oexpressobr.com.br\/index.php?rest_route=\/wp\/v2\/posts\/1969","targetHints":{"allow":["GET"]}}],"collection":[{"href":"https:\/\/oexpressobr.com.br\/index.php?rest_route=\/wp\/v2\/posts"}],"about":[{"href":"https:\/\/oexpressobr.com.br\/index.php?rest_route=\/wp\/v2\/types\/post"}],"author":[{"embeddable":true,"href":"https:\/\/oexpressobr.com.br\/index.php?rest_route=\/wp\/v2\/users\/1"}],"replies":[{"embeddable":true,"href":"https:\/\/oexpressobr.com.br\/index.php?rest_route=%2Fwp%2Fv2%2Fcomments&post=1969"}],"version-history":[{"count":1,"href":"https:\/\/oexpressobr.com.br\/index.php?rest_route=\/wp\/v2\/posts\/1969\/revisions"}],"predecessor-version":[{"id":1971,"href":"https:\/\/oexpressobr.com.br\/index.php?rest_route=\/wp\/v2\/posts\/1969\/revisions\/1971"}],"wp:featuredmedia":[{"embeddable":true,"href":"https:\/\/oexpressobr.com.br\/index.php?rest_route=\/wp\/v2\/media\/1970"}],"wp:attachment":[{"href":"https:\/\/oexpressobr.com.br\/index.php?rest_route=%2Fwp%2Fv2%2Fmedia&parent=1969"}],"wp:term":[{"taxonomy":"category","embeddable":true,"href":"https:\/\/oexpressobr.com.br\/index.php?rest_route=%2Fwp%2Fv2%2Fcategories&post=1969"},{"taxonomy":"post_tag","embeddable":true,"href":"https:\/\/oexpressobr.com.br\/index.php?rest_route=%2Fwp%2Fv2%2Ftags&post=1969"}],"curies":[{"name":"wp","href":"https:\/\/api.w.org\/{rel}","templated":true}]}}