{"id":1973,"date":"2026-01-16T16:11:27","date_gmt":"2026-01-16T19:11:27","guid":{"rendered":"https:\/\/oexpressobr.com.br\/?p=1973"},"modified":"2026-01-16T16:11:28","modified_gmt":"2026-01-16T19:11:28","slug":"mpf-pr-abre-investigacao-sobre-audios-que-ligam-sanepar-a-caixa-dois-de-ratinho-jr","status":"publish","type":"post","link":"https:\/\/oexpressobr.com.br\/?p=1973","title":{"rendered":"MPF-PR abre investiga\u00e7\u00e3o sobre \u00e1udios que ligam Sanepar a &#8220;caixa dois&#8221; de Ratinho Jr."},"content":{"rendered":"\n<p class=\"wp-block-paragraph\"><br>Novas grava\u00e7\u00f5es revelam press\u00e3o sobre funcion\u00e1rios e cobran\u00e7as para pagar rombo de R$ 4 milh\u00f5es; oposi\u00e7\u00e3o intensifica cobran\u00e7as por transpar\u00eancia no Pal\u00e1cio do Igua\u00e7u.<br>O esc\u00e2ndalo envolvendo a Sanepar e o governo de Ratinho Jr. (PSD) ganhou contornos oficiais esta semana. O Minist\u00e9rio P\u00fablico Federal no Paran\u00e1 (MPF-PR) confirmou a abertura de uma apura\u00e7\u00e3o preliminar para investigar den\u00fancias de desvios de recursos e pr\u00e1ticas de &#8220;caixa dois&#8221; que teriam servido para quitar d\u00edvidas da campanha eleitoral do governador.<br>A investiga\u00e7\u00e3o baseia-se em novos \u00e1udios vazados e divulgados pelo portal O Di\u00e1rio de Maring\u00e1, que exp\u00f5em um ambiente de coer\u00e7\u00e3o e intimida\u00e7\u00e3o dentro da companhia estadual de saneamento.<br>Press\u00e3o e pedidos de dinheiro: as novidades do caso<br>As conversas in\u00e9ditas refor\u00e7am a tese de que existia um &#8220;m\u00e9todo de arrecada\u00e7\u00e3o&#8221; for\u00e7ada. Segundo as den\u00fancias, funcion\u00e1rios e ocupantes de cargos comissionados eram pressionados a realizar contribui\u00e7\u00f5es financeiras sob amea\u00e7a de exonera\u00e7\u00e3o ou retalia\u00e7\u00e3o. O objetivo central seria cobrir um rombo de R$ 4 milh\u00f5es acumulado durante a \u00faltima corrida eleitoral do atual governador.<br>Os \u00e1udios revelam frases que sugerem que o &#8220;esgoto pol\u00edtico&#8221; da empresa estaria diretamente conectado ao Pal\u00e1cio do Igua\u00e7u, mencionando nomes de articuladores pol\u00edticos e diretores da Sanepar como pe\u00e7as-chave no esquema de cobran\u00e7a.<br>Rea\u00e7\u00e3o pol\u00edtica e \u00f3rg\u00e3os de controle<br>A oposi\u00e7\u00e3o na Assembleia Legislativa do Paran\u00e1 (ALEP), liderada por parlamentares como Arilson Chiorato (PT), protocolou formalmente os \u00e1udios e documentos nos \u00f3rg\u00e3os de controle. Al\u00e9m do MPF, o caso deve ser levado ao Tribunal de Contas do Estado (TCE-PR).<\/p>\n\n\n\n<ul class=\"wp-block-list\">\n<li>Pedido de Informa\u00e7\u00f5es: Foi enviado um requerimento \u00e0 Casa Civil exigindo detalhes sobre contratos e nomea\u00e7\u00f5es citadas nos \u00e1udios.<\/li>\n\n\n\n<li>Cr\u00edticas \u00e0 Gest\u00e3o: Parlamentares acusam o governo de usar a Sanepar \u2014 uma empresa de capital misto que lucra bilh\u00f5es com tarifas p\u00fablicas \u2014 como um &#8220;bra\u00e7o financeiro&#8221; para interesses partid\u00e1rios.<br>O sil\u00eancio do governo e da Sanepar<br>Enquanto as investiga\u00e7\u00f5es avan\u00e7am, o governador Ratinho Jr. tem evitado comentar diretamente o teor dos \u00e1udios, focando em agendas de infraestrutura e parcerias internacionais. A diretoria da Sanepar, por sua vez, afirma que a companhia possui rigorosos mecanismos de compliance e que as acusa\u00e7\u00f5es t\u00eam motiva\u00e7\u00e3o pol\u00edtica.<br>Contudo, com a entrada do MPF no caso, a press\u00e3o por explica\u00e7\u00f5es t\u00e9cnicas aumenta. Se comprovado o uso de cargos p\u00fablicos para arrecada\u00e7\u00e3o de fundos eleitorais, o governo poder\u00e1 enfrentar processos por improbidade administrativa e crime eleitoral, o que pode comprometer as pretens\u00f5es pol\u00edticas futuras do grupo governista.<br>Atualizado em: 16 de janeiro de 2026.<\/li>\n<\/ul>\n\n\n\n<p class=\"wp-block-paragraph\"><\/p>\n","protected":false},"excerpt":{"rendered":"<p>Novas grava\u00e7\u00f5es revelam press\u00e3o sobre funcion\u00e1rios e cobran\u00e7as para pagar rombo de R$ 4 milh\u00f5es; oposi\u00e7\u00e3o intensifica cobran\u00e7as por transpar\u00eancia no Pal\u00e1cio do Igua\u00e7u.O esc\u00e2ndalo [&#8230;]<\/p>\n","protected":false},"author":1,"featured_media":1974,"comment_status":"open","ping_status":"open","sticky":false,"template":"","format":"standard","meta":{"_crdt_document":"","_jetpack_memberships_contains_paid_content":false,"footnotes":"","jetpack_publicize_message":"","jetpack_publicize_feature_enabled":true,"jetpack_social_post_already_shared":true,"jetpack_social_options":{"image_generator_settings":{"template":"highway","default_image_id":0,"font":"","enabled":false},"version":2}},"categories":[5],"tags":[],"class_list":["post-1973","post","type-post","status-publish","format-standard","has-post-thumbnail","hentry","category-parana"],"jetpack_publicize_connections":[],"jetpack_featured_media_url":"https:\/\/i0.wp.com\/oexpressobr.com.br\/wp-content\/uploads\/2026\/01\/RATINHO-jUNIOR-4.jpg?fit=580%2C429&ssl=1","jetpack_likes_enabled":true,"jetpack_sharing_enabled":true,"_links":{"self":[{"href":"https:\/\/oexpressobr.com.br\/index.php?rest_route=\/wp\/v2\/posts\/1973","targetHints":{"allow":["GET"]}}],"collection":[{"href":"https:\/\/oexpressobr.com.br\/index.php?rest_route=\/wp\/v2\/posts"}],"about":[{"href":"https:\/\/oexpressobr.com.br\/index.php?rest_route=\/wp\/v2\/types\/post"}],"author":[{"embeddable":true,"href":"https:\/\/oexpressobr.com.br\/index.php?rest_route=\/wp\/v2\/users\/1"}],"replies":[{"embeddable":true,"href":"https:\/\/oexpressobr.com.br\/index.php?rest_route=%2Fwp%2Fv2%2Fcomments&post=1973"}],"version-history":[{"count":1,"href":"https:\/\/oexpressobr.com.br\/index.php?rest_route=\/wp\/v2\/posts\/1973\/revisions"}],"predecessor-version":[{"id":1975,"href":"https:\/\/oexpressobr.com.br\/index.php?rest_route=\/wp\/v2\/posts\/1973\/revisions\/1975"}],"wp:featuredmedia":[{"embeddable":true,"href":"https:\/\/oexpressobr.com.br\/index.php?rest_route=\/wp\/v2\/media\/1974"}],"wp:attachment":[{"href":"https:\/\/oexpressobr.com.br\/index.php?rest_route=%2Fwp%2Fv2%2Fmedia&parent=1973"}],"wp:term":[{"taxonomy":"category","embeddable":true,"href":"https:\/\/oexpressobr.com.br\/index.php?rest_route=%2Fwp%2Fv2%2Fcategories&post=1973"},{"taxonomy":"post_tag","embeddable":true,"href":"https:\/\/oexpressobr.com.br\/index.php?rest_route=%2Fwp%2Fv2%2Ftags&post=1973"}],"curies":[{"name":"wp","href":"https:\/\/api.w.org\/{rel}","templated":true}]}}