{"id":1979,"date":"2026-01-17T05:14:10","date_gmt":"2026-01-17T08:14:10","guid":{"rendered":"https:\/\/oexpressobr.com.br\/?p=1979"},"modified":"2026-01-17T05:14:11","modified_gmt":"2026-01-17T08:14:11","slug":"mercosul-e-uniao-europeia-avancam-para-consolidar-bloco-de-718-milhoes-de-consumidores","status":"publish","type":"post","link":"https:\/\/oexpressobr.com.br\/?p=1979","title":{"rendered":"Mercosul e Uni\u00e3o Europeia avan\u00e7am para consolidar bloco de 718 milh\u00f5es de consumidores"},"content":{"rendered":"\n<p class=\"wp-block-paragraph\">Ap\u00f3s d\u00e9cadas de negocia\u00e7\u00f5es marcadas por avan\u00e7os e recuos, o acordo comercial entre o <strong>Mercosul<\/strong> e a <strong>Uni\u00e3o Europeia (UE)<\/strong> entra em uma fase decisiva. O tratado visa criar uma das maiores zonas de livre com\u00e9rcio do planeta, conectando cerca de <strong>718 milh\u00f5es de consumidores<\/strong> e integrando economias que, somadas, representam um PIB de aproximadamente <strong>US$ 22 trilh\u00f5es<\/strong>.<\/p>\n\n\n\n<h3 class=\"wp-block-heading\">Um gigante econ\u00f4mico em forma\u00e7\u00e3o<\/h3>\n\n\n\n<p class=\"wp-block-paragraph\">O acordo n\u00e3o \u00e9 apenas sobre a redu\u00e7\u00e3o de tarifas de importa\u00e7\u00e3o; trata-se de uma integra\u00e7\u00e3o estrutural que redefine as cadeias globais de valor. Para o Brasil e seus parceiros de bloco (Argentina, Uruguai e Paraguai), a parceria significa o acesso facilitado a um mercado de alto poder aquisitivo e exig\u00eancia t\u00e9cnica elevada.<\/p>\n\n\n\n<p class=\"wp-block-paragraph\"><strong>Os n\u00fameros do impacto:<\/strong><\/p>\n\n\n\n<ul class=\"wp-block-list\">\n<li><strong>Popula\u00e7\u00e3o atingida:<\/strong> Mais de 700 milh\u00f5es de pessoas.<\/li>\n\n\n\n<li><strong>PIB combinado:<\/strong> Cerca de 20% da economia mundial.<\/li>\n\n\n\n<li><strong>Redu\u00e7\u00e3o tarif\u00e1ria:<\/strong> Previs\u00e3o de elimina\u00e7\u00e3o de taxas para mais de 90% dos bens comercializados entre os dois blocos.<\/li>\n<\/ul>\n\n\n\n<h3 class=\"wp-block-heading\">Novidades recentes: O sprint final e os novos desafios<\/h3>\n\n\n\n<p class=\"wp-block-paragraph\">Apesar do otimismo econ\u00f4mico, o texto enfrenta resist\u00eancias pol\u00edticas significativas. Recentemente, o foco das discuss\u00f5es mudou de quest\u00f5es puramente alfandeg\u00e1rias para <strong>exig\u00eancias ambientais e sustentabilidade<\/strong>.<\/p>\n\n\n\n<ol start=\"1\" class=\"wp-block-list\">\n<li><strong>O &#8220;Side Letter&#8221; Ambiental:<\/strong> A Uni\u00e3o Europeia apresentou protocolos adicionais exigindo compromissos mais r\u00edgidos contra o desmatamento e em conformidade com o Acordo de Paris. O governo brasileiro, por sua vez, tem trabalhado para garantir que essas exig\u00eancias n\u00e3o se tornem barreiras protecionistas disfar\u00e7adas.<\/li>\n\n\n\n<li><strong>Resist\u00eancia Europeia:<\/strong> Setores agr\u00edcolas de pa\u00edses como Fran\u00e7a e \u00c1ustria continuam a pressionar seus governos contra o acordo, temendo a competitividade da carne e dos gr\u00e3os sul-americanos.<\/li>\n\n\n\n<li><strong>Moderniza\u00e7\u00e3o de Compras P\u00fablicas:<\/strong> Um dos pontos mais recentes na pauta de 2024-2025 \u00e9 a prote\u00e7\u00e3o \u00e0s empresas nacionais em licita\u00e7\u00f5es p\u00fablicas, um tema que o Brasil defende para garantir o desenvolvimento industrial interno.<\/li>\n<\/ol>\n\n\n\n<blockquote class=\"wp-block-quote is-layout-flow wp-block-quote-is-layout-flow\">\n<p class=\"wp-block-paragraph\">&#8220;Este acordo \u00e9 um divisor de \u00e1guas. Ele obriga o Mercosul a elevar seus padr\u00f5es de produ\u00e7\u00e3o e oferece \u00e0 Europa uma alternativa estrat\u00e9gica de fornecimento em um mundo cada vez mais polarizado entre EUA e China.&#8221; \u2014 <em>Analista de Com\u00e9rcio Exterior.<\/em><\/p>\n<\/blockquote>\n\n\n\n<h3 class=\"wp-block-heading\">Perspectivas para o futuro pr\u00f3ximo<\/h3>\n\n\n\n<p class=\"wp-block-paragraph\">A expectativa \u00e9 que as assinaturas finais ocorram ap\u00f3s ajustes t\u00e9cnicos nos cap\u00edtulos de compras governamentais e na valida\u00e7\u00e3o das salvaguardas ambientais. Se ratificado, o acordo permitir\u00e1 que produtos como vinho, queijo e maquin\u00e1rio europeu cheguem mais baratos ao Brasil, enquanto a agroind\u00fastria e o setor de servi\u00e7os sul-americano ganhar\u00e3o uma vitrine sem precedentes na Europa.<\/p>\n","protected":false},"excerpt":{"rendered":"<p>Ap\u00f3s d\u00e9cadas de negocia\u00e7\u00f5es marcadas por avan\u00e7os e recuos, o acordo comercial entre o Mercosul e a Uni\u00e3o Europeia (UE) entra em uma fase decisiva. [&#8230;]<\/p>\n","protected":false},"author":1,"featured_media":1980,"comment_status":"open","ping_status":"open","sticky":false,"template":"","format":"standard","meta":{"_crdt_document":"","_jetpack_memberships_contains_paid_content":false,"footnotes":"","jetpack_publicize_message":"","jetpack_publicize_feature_enabled":true,"jetpack_social_post_already_shared":true,"jetpack_social_options":{"image_generator_settings":{"template":"highway","default_image_id":0,"font":"","enabled":false},"version":2}},"categories":[17],"tags":[],"class_list":["post-1979","post","type-post","status-publish","format-standard","has-post-thumbnail","hentry","category-comercio"],"jetpack_publicize_connections":[],"jetpack_featured_media_url":"https:\/\/i0.wp.com\/oexpressobr.com.br\/wp-content\/uploads\/2026\/01\/817195e8-281a-4896-93cf-bb0580d9ef98.jpg?fit=768%2C512&ssl=1","jetpack_likes_enabled":true,"jetpack_sharing_enabled":true,"_links":{"self":[{"href":"https:\/\/oexpressobr.com.br\/index.php?rest_route=\/wp\/v2\/posts\/1979","targetHints":{"allow":["GET"]}}],"collection":[{"href":"https:\/\/oexpressobr.com.br\/index.php?rest_route=\/wp\/v2\/posts"}],"about":[{"href":"https:\/\/oexpressobr.com.br\/index.php?rest_route=\/wp\/v2\/types\/post"}],"author":[{"embeddable":true,"href":"https:\/\/oexpressobr.com.br\/index.php?rest_route=\/wp\/v2\/users\/1"}],"replies":[{"embeddable":true,"href":"https:\/\/oexpressobr.com.br\/index.php?rest_route=%2Fwp%2Fv2%2Fcomments&post=1979"}],"version-history":[{"count":1,"href":"https:\/\/oexpressobr.com.br\/index.php?rest_route=\/wp\/v2\/posts\/1979\/revisions"}],"predecessor-version":[{"id":1981,"href":"https:\/\/oexpressobr.com.br\/index.php?rest_route=\/wp\/v2\/posts\/1979\/revisions\/1981"}],"wp:featuredmedia":[{"embeddable":true,"href":"https:\/\/oexpressobr.com.br\/index.php?rest_route=\/wp\/v2\/media\/1980"}],"wp:attachment":[{"href":"https:\/\/oexpressobr.com.br\/index.php?rest_route=%2Fwp%2Fv2%2Fmedia&parent=1979"}],"wp:term":[{"taxonomy":"category","embeddable":true,"href":"https:\/\/oexpressobr.com.br\/index.php?rest_route=%2Fwp%2Fv2%2Fcategories&post=1979"},{"taxonomy":"post_tag","embeddable":true,"href":"https:\/\/oexpressobr.com.br\/index.php?rest_route=%2Fwp%2Fv2%2Ftags&post=1979"}],"curies":[{"name":"wp","href":"https:\/\/api.w.org\/{rel}","templated":true}]}}