{"id":199,"date":"2025-12-01T20:23:52","date_gmt":"2025-12-01T23:23:52","guid":{"rendered":"https:\/\/oexpressobr.com.br\/?p=199"},"modified":"2025-12-01T20:23:53","modified_gmt":"2025-12-01T23:23:53","slug":"nostalgia-global-44-preferem-1975-a-2025-aponta-ipsos","status":"publish","type":"post","link":"https:\/\/oexpressobr.com.br\/?p=199","title":{"rendered":"Nostalgia Global: 44% Preferem 1975 a 2025, Aponta Ipsos"},"content":{"rendered":"\n<p class=\"wp-block-paragraph\"><strong>Estudo com 23 mil Pessoas em 30 Pa\u00edses Revela Desejo por Passado, com Franceses Sendo os Mais Nost\u00e1lgicos e Sul-Coreanos, os Mais Otimistas com o Futuro.<\/strong><\/p>\n\n\n\n<p class=\"wp-block-paragraph\">\u200bUma pesquisa global recente conduzida pelo instituto <strong>Ipsos<\/strong> trouxe \u00e0 tona um not\u00e1vel sentimento de nostalgia e descontentamento com o presente: <strong>44%<\/strong> das pessoas ouvidas em 30 pa\u00edses revelaram que prefeririam ter nascido em 1975 do que agora, em 2025. O levantamento, que entrevistou 23 mil participantes, mostra uma prefer\u00eancia clara pelo passado, com apenas 24% expressando o desejo de ter nascido no ano atual. Os 32% restantes n\u00e3o optaram por nenhuma das duas datas.<\/p>\n\n\n\n<p class=\"wp-block-paragraph\">\u200bO estudo indica que essa inclina\u00e7\u00e3o nost\u00e1lgica \u00e9 mais forte em gera\u00e7\u00f5es mais velhas, mas ainda significativa entre os mais jovens. Entre os <strong>Millennials<\/strong>, 39% escolheriam ter nascido h\u00e1 50 anos. O percentual salta para 55% na <strong>Gera\u00e7\u00e3o X<\/strong> e 54% entre os <strong>Baby Boomers<\/strong>, sugerindo que as experi\u00eancias vivenciadas ou idealizadas do passado exercem um forte fasc\u00ednio.<\/p>\n\n\n\n<blockquote class=\"wp-block-quote is-layout-flow wp-block-quote-is-layout-flow\">\n<p class=\"wp-block-paragraph\">\u200b<strong>Curioso: Apenas 24% das pessoas gostariam de ter nascido em 2025.<\/strong><\/p>\n<\/blockquote>\n\n\n\n<h3 class=\"wp-block-heading\">\u200b\ud83c\uddeb\ud83c\uddf7 A Fran\u00e7a Lidera a Nostalgia<\/h3>\n\n\n\n<p class=\"wp-block-paragraph\">\u200bQuando analisada por pa\u00eds, a <strong>Fran\u00e7a<\/strong> emerge como a na\u00e7\u00e3o mais nost\u00e1lgica, com 57% dos entrevistados preferindo a data de 1975. A <strong>B\u00e9lgica<\/strong> e o <strong>M\u00e9xico<\/strong> tamb\u00e9m demonstram forte apego ao passado, com 53% em cada um. A Ipsos sugere que a &#8220;nostalgia \u00e9 uma tend\u00eancia francesa&#8221; que se manifesta nesse resultado. No total, em 29 dos 30 pa\u00edses pesquisados, a maioria das pessoas escolheu ter nascido em 1975.<\/p>\n\n\n\n<p class=\"wp-block-paragraph\">\u200bEm contraste, a <strong>Coreia do Sul<\/strong> \u00e9 o pa\u00eds onde o interesse pelo futuro se mostra mais forte. No lado oposto do espectro, a pesquisa destaca que muitas das opini\u00f5es n\u00e3o s\u00e3o baseadas em mem\u00f3ria pessoal, visto que 72% dos entrevistados nasceram depois de 1975.<\/p>\n\n\n\n<h3 class=\"wp-block-heading\">\u200b\ud83c\udde7\ud83c\uddf7 Brasil Acompanha a Tend\u00eancia<\/h3>\n\n\n\n<p class=\"wp-block-paragraph\">\u200bO Brasil segue a tend\u00eancia global, embora com \u00edndices ligeiramente menores do que a m\u00e9dia. Por aqui, <strong>42%<\/strong> das pessoas preferiam ter nascido h\u00e1 50 anos, enquanto 29% gostariam de ter nascido em 2025.<\/p>\n\n\n\n<p class=\"wp-block-paragraph\">\u200bA an\u00e1lise da Ipsos aponta que &#8220;os \u00faltimos cinco anos trouxeram muitas disrup\u00e7\u00f5es para pessoas em todo o mundo&#8221;, o que pode estar alimentando a vis\u00e3o idealizada de uma \u00e9poca que muitos percebem como mais simples ou est\u00e1vel. A d\u00e9cada de 1970, frequentemente associada a um mundo pr\u00e9-internet de menor velocidade e talvez menos complexidade geopol\u00edtica e econ\u00f4mica, parece ser um ref\u00fagio de desejo para uma parcela consider\u00e1vel da popula\u00e7\u00e3o global.<\/p>\n","protected":false},"excerpt":{"rendered":"<p>Estudo com 23 mil Pessoas em 30 Pa\u00edses Revela Desejo por Passado, com Franceses Sendo os Mais Nost\u00e1lgicos e Sul-Coreanos, os Mais Otimistas com o [&#8230;]<\/p>\n","protected":false},"author":1,"featured_media":200,"comment_status":"open","ping_status":"open","sticky":false,"template":"","format":"standard","meta":{"_crdt_document":"","_jetpack_memberships_contains_paid_content":false,"footnotes":"","jetpack_publicize_message":"","jetpack_publicize_feature_enabled":true,"jetpack_social_post_already_shared":false,"jetpack_social_options":{"image_generator_settings":{"template":"highway","default_image_id":0,"font":"","enabled":false},"version":2}},"categories":[15],"tags":[],"class_list":["post-199","post","type-post","status-publish","format-standard","has-post-thumbnail","hentry","category-internacional"],"jetpack_publicize_connections":[],"jetpack_featured_media_url":"https:\/\/i0.wp.com\/oexpressobr.com.br\/wp-content\/uploads\/2025\/12\/IMG-20251201-WA0316.jpg?fit=750%2C394&ssl=1","jetpack_likes_enabled":true,"jetpack_sharing_enabled":true,"_links":{"self":[{"href":"https:\/\/oexpressobr.com.br\/index.php?rest_route=\/wp\/v2\/posts\/199","targetHints":{"allow":["GET"]}}],"collection":[{"href":"https:\/\/oexpressobr.com.br\/index.php?rest_route=\/wp\/v2\/posts"}],"about":[{"href":"https:\/\/oexpressobr.com.br\/index.php?rest_route=\/wp\/v2\/types\/post"}],"author":[{"embeddable":true,"href":"https:\/\/oexpressobr.com.br\/index.php?rest_route=\/wp\/v2\/users\/1"}],"replies":[{"embeddable":true,"href":"https:\/\/oexpressobr.com.br\/index.php?rest_route=%2Fwp%2Fv2%2Fcomments&post=199"}],"version-history":[{"count":0,"href":"https:\/\/oexpressobr.com.br\/index.php?rest_route=\/wp\/v2\/posts\/199\/revisions"}],"wp:featuredmedia":[{"embeddable":true,"href":"https:\/\/oexpressobr.com.br\/index.php?rest_route=\/wp\/v2\/media\/200"}],"wp:attachment":[{"href":"https:\/\/oexpressobr.com.br\/index.php?rest_route=%2Fwp%2Fv2%2Fmedia&parent=199"}],"wp:term":[{"taxonomy":"category","embeddable":true,"href":"https:\/\/oexpressobr.com.br\/index.php?rest_route=%2Fwp%2Fv2%2Fcategories&post=199"},{"taxonomy":"post_tag","embeddable":true,"href":"https:\/\/oexpressobr.com.br\/index.php?rest_route=%2Fwp%2Fv2%2Ftags&post=199"}],"curies":[{"name":"wp","href":"https:\/\/api.w.org\/{rel}","templated":true}]}}